{"id":8923,"date":"2011-05-26T14:20:06","date_gmt":"2011-05-26T14:20:06","guid":{"rendered":"http:\/\/acnudh.org\/?p=8923"},"modified":"2011-06-28T21:04:22","modified_gmt":"2011-06-28T21:04:22","slug":"chefe-de-direitos-humanos-elogia-prisao-de-ratko-mladic","status":"publish","type":"post","link":"https:\/\/acnudh.org\/pt-br\/chefe-de-direitos-humanos-elogia-prisao-de-ratko-mladic\/","title":{"rendered":"Chefe de direitos humanos elogia pris\u00e3o de Ratko Mladi\u0107"},"content":{"rendered":"<p><a href=\"http:\/\/acnudh.org\/wp-content\/uploads\/2011\/05\/4718883.jpg\"><img loading=\"lazy\" decoding=\"async\" class=\"alignnone size-medium wp-image-8925\" title=\"471888\" src=\"http:\/\/acnudh.org\/wp-content\/uploads\/2011\/05\/4718883-400x266.jpg\" alt=\"\" width=\"400\" height=\"266\" \/><\/a>GENEBRA \u2013 A Alta Comiss\u00e1ria das Na\u00e7\u00f5es Unidas para os Direitos Humanos das Na\u00e7\u00f5es Unidas, Navi Pillay, elogiou nesta quinta (26)\u00a0as autoridades servas pela pris\u00e3o de Ratko Mladi\u0107, o militar servo-b\u00f3snio procurado pelo Tribunal Penal Internacional para a ex Iugosl\u00e1via (TPII), em rela\u00e7\u00e3o aos crimes que aconteceram na B\u00f3snia e Herzegovina, durante a guerra de 1992 at\u00e9 1995.<\/p>\n<p>\u201c\u00c9 uma excelente not\u00edcia\u201d, falou Pillay. \u201cRatko Mladi\u0107 era o suspeito mais significativo ainda em liberdade, 19 anos ap\u00f3s as atrocidades come\u00e7arem na B\u00f3snia e Herzegovina. Sua pris\u00e3o ser\u00e1 celebrada por muitas das pessoas abusadas, desalojadas e torturadas durante a guerra, e tamb\u00e9m pelas fam\u00edlias de milhares que foram assassinados pelas forcas sob seu comando, principalmente em Srebrenica\u201d.<\/p>\n<p>\u201cEu espero que o julgamento de Mladi\u0107, junto com o de Radovan Karadzic e as recentes senten\u00e7as ditadas pelo TPII para Ante Gotovina e Mladen Markac, al\u00e9m das d\u00fazias de condenas anteriores, ajudem as v\u00edtimas e suas fam\u00edlias a ver que se fez justi\u00e7a e que seu sofrimento \u00e9 reconhecido\u201d, disse a chefe de direitos humanos da ONU.<\/p>\n<p>\u201cEste encarceramento tamb\u00e9m tem grande import\u00e2ncia na luta mundial contra a impunidade pelos crimes de guerra, crimes contra a humanidade e genoc\u00eddio\u201d, ressaltou Pillay. \u201cIsto vem mostrar, tanto aos perpetradores quanto \u00e0s v\u00edtimas destes crimes, que a justi\u00e7a pode e deve prevalecer\u201d.<\/p>\n<p>\u201cTamb\u00e9m, \u00e9 uma forte mensagem para os l\u00edderes pol\u00edticos e militares que contemplam crimes como estes ou para aqueles que fracassam em preveni-los ou puni-los, que os tempos e os regimes mudam e que n\u00e3o haver\u00e1 impunidade\u201d, acrescentou.<\/p>\n<p>FIM<\/p>\n<p>Para mais informa\u00e7\u00e3o ou entrevistas, favor de contatar o porta-voz Rupert Colville (+41 22 917 9767 ou<a href=\"mailto:%20rcolville@ohchr.org\">\u00a0rcolville@ohchr.org<\/a>) ou os oficiais de imprensa: Ravina Shamdasani (+ 41 22 917 9310 ou\u00a0<a href=\"mailto:rshamdasani@ohchr.org\">rshamdasani@ohchr.org<\/a>) ou Xabier Celaya (+ 41 22 917 9383 ou\u00a0<a href=\"mailto:xcelaya@ohchr.org\">xcelaya@ohchr.org<\/a>)<\/p>\n<p><em>\u00a0<\/em><\/p>\n<p><em>Acompanhe nossas redes sociais virtuais<\/em><\/p>\n<p><em>\u00a0<\/em><\/p>\n<p>Facebook:\u00a0<a href=\"http:\/\/www.facebook.com\/pages\/ONU-Derechos-Humanos-Am%C3%A9rica-del-Sur\/102267499835208?v=wall\">ONU Derechos Humanos \u2013 Am\u00e9rica del Sur<\/a><\/p>\n<p>Twitter:\u00a0<a href=\"http:\/\/twitter.com\/#!\/onu_derechos\">@ONU_derechos<\/a><\/p>\n","protected":false},"excerpt":{"rendered":"<p>GENEBRA \u2013 A Alta Comiss\u00e1ria das Na\u00e7\u00f5es Unidas para os Direitos Humanos das Na\u00e7\u00f5es Unidas, Navi Pillay, elogiou nesta quinta (26)\u00a0as autoridades servas pela pris\u00e3o de Ratko Mladi\u0107, o militar servo-b\u00f3snio procurado pelo Tribunal Penal Internacional para a ex Iugosl\u00e1via (TPII), em rela\u00e7\u00e3o aos crimes que aconteceram na B\u00f3snia e Herzegovina, durante a guerra de [&hellip;]<\/p>\n","protected":false},"author":1,"featured_media":0,"comment_status":"open","ping_status":"open","sticky":false,"template":"","format":"standard","meta":{"_uag_custom_page_level_css":"","site-sidebar-layout":"default","site-content-layout":"","ast-site-content-layout":"","site-content-style":"default","site-sidebar-style":"default","ast-global-header-display":"","ast-banner-title-visibility":"","ast-main-header-display":"","ast-hfb-above-header-display":"","ast-hfb-below-header-display":"","ast-hfb-mobile-header-display":"","site-post-title":"","ast-breadcrumbs-content":"","ast-featured-img":"","footer-sml-layout":"","theme-transparent-header-meta":"","adv-header-id-meta":"","stick-header-meta":"","header-above-stick-meta":"","header-main-stick-meta":"","header-below-stick-meta":"","astra-migrate-meta-layouts":"default","ast-page-background-enabled":"default","ast-page-background-meta":{"desktop":{"background-color":"","background-image":"","background-repeat":"repeat","background-position":"center center","background-size":"auto","background-attachment":"scroll","background-type":"","background-media":"","overlay-type":"","overlay-color":"","overlay-opacity":"","overlay-gradient":""},"tablet":{"background-color":"","background-image":"","background-repeat":"repeat","background-position":"center center","background-size":"auto","background-attachment":"scroll","background-type":"","background-media":"","overlay-type":"","overlay-color":"","overlay-opacity":"","overlay-gradient":""},"mobile":{"background-color":"","background-image":"","background-repeat":"repeat","background-position":"center center","background-size":"auto","background-attachment":"scroll","background-type":"","background-media":"","overlay-type":"","overlay-color":"","overlay-opacity":"","overlay-gradient":""}},"ast-content-background-meta":{"desktop":{"background-color":"var(--ast-global-color-5)","background-image":"","background-repeat":"repeat","background-position":"center center","background-size":"auto","background-attachment":"scroll","background-type":"","background-media":"","overlay-type":"","overlay-color":"","overlay-opacity":"","overlay-gradient":""},"tablet":{"background-color":"var(--ast-global-color-5)","background-image":"","background-repeat":"repeat","background-position":"center center","background-size":"auto","background-attachment":"scroll","background-type":"","background-media":"","overlay-type":"","overlay-color":"","overlay-opacity":"","overlay-gradient":""},"mobile":{"background-color":"var(--ast-global-color-5)","background-image":"","background-repeat":"repeat","background-position":"center center","background-size":"auto","background-attachment":"scroll","background-type":"","background-media":"","overlay-type":"","overlay-color":"","overlay-opacity":"","overlay-gradient":""}},"footnotes":""},"categories":[52],"tags":[],"class_list":["post-8923","post","type-post","status-publish","format-standard","hentry","category-nao-categorizado"],"uagb_featured_image_src":{"full":false,"thumbnail":false,"medium":false,"medium_large":false,"large":false,"1536x1536":false,"2048x2048":false},"uagb_author_info":{"display_name":"acnudh","author_link":"https:\/\/acnudh.org\/pt-br\/author\/acnudh\/"},"uagb_comment_info":0,"uagb_excerpt":"GENEBRA \u2013 A Alta Comiss\u00e1ria das Na\u00e7\u00f5es Unidas para os Direitos Humanos das Na\u00e7\u00f5es Unidas, Navi Pillay, elogiou nesta quinta (26)\u00a0as autoridades servas pela pris\u00e3o de Ratko Mladi\u0107, o militar servo-b\u00f3snio procurado pelo Tribunal Penal Internacional para a ex Iugosl\u00e1via (TPII), em rela\u00e7\u00e3o aos crimes que aconteceram na B\u00f3snia e Herzegovina, durante a guerra de&hellip;","_links":{"self":[{"href":"https:\/\/acnudh.org\/pt-br\/wp-json\/wp\/v2\/posts\/8923","targetHints":{"allow":["GET"]}}],"collection":[{"href":"https:\/\/acnudh.org\/pt-br\/wp-json\/wp\/v2\/posts"}],"about":[{"href":"https:\/\/acnudh.org\/pt-br\/wp-json\/wp\/v2\/types\/post"}],"author":[{"embeddable":true,"href":"https:\/\/acnudh.org\/pt-br\/wp-json\/wp\/v2\/users\/1"}],"replies":[{"embeddable":true,"href":"https:\/\/acnudh.org\/pt-br\/wp-json\/wp\/v2\/comments?post=8923"}],"version-history":[{"count":8,"href":"https:\/\/acnudh.org\/pt-br\/wp-json\/wp\/v2\/posts\/8923\/revisions"}],"predecessor-version":[{"id":9263,"href":"https:\/\/acnudh.org\/pt-br\/wp-json\/wp\/v2\/posts\/8923\/revisions\/9263"}],"wp:attachment":[{"href":"https:\/\/acnudh.org\/pt-br\/wp-json\/wp\/v2\/media?parent=8923"}],"wp:term":[{"taxonomy":"category","embeddable":true,"href":"https:\/\/acnudh.org\/pt-br\/wp-json\/wp\/v2\/categories?post=8923"},{"taxonomy":"post_tag","embeddable":true,"href":"https:\/\/acnudh.org\/pt-br\/wp-json\/wp\/v2\/tags?post=8923"}],"curies":[{"name":"wp","href":"https:\/\/api.w.org\/{rel}","templated":true}]}}