{"id":8449,"date":"2011-05-12T01:36:26","date_gmt":"2011-05-12T01:36:26","guid":{"rendered":"http:\/\/acnudh.org\/?p=8449"},"modified":"2011-07-20T14:28:03","modified_gmt":"2011-07-20T14:28:03","slug":"inaugurada-nova-sede-do-escritorio-do-acnudh-em-america-do-sul","status":"publish","type":"post","link":"https:\/\/acnudh.org\/pt-br\/inaugurada-nova-sede-do-escritorio-do-acnudh-em-america-do-sul\/","title":{"rendered":"Inaugurada nova sede do escrit\u00f3rio do ACNUDH em Am\u00e9rica do Sul"},"content":{"rendered":"<p><a href=\"http:\/\/acnudh.org\/wp-content\/uploads\/2011\/05\/OHCHR-South-America2.jpg\"><img loading=\"lazy\" decoding=\"async\" class=\"alignnone size-medium wp-image-8451\" title=\"OHCHR - South America\" src=\"http:\/\/acnudh.org\/wp-content\/uploads\/2011\/05\/OHCHR-South-America2-400x224.jpg\" alt=\"\" width=\"400\" height=\"224\" \/><\/a>SANTIAGO \u2013 O Escrit\u00f3rio Regional para Am\u00e9rica do Sul do Alto Comissariado das Na\u00e7\u00f5es Unidas para os Direitos Humanos (<a href=\"http:\/\/acnudh.org\/pt-br\/home-2\/\">ACNUDH<\/a>) inaugurou nesta ter\u00e7a-feira (10) suas novas depend\u00eancias em Santiago de Chile. O evento foi prestigiado por importantes autoridades pol\u00edticas, representantes da diplomacia e membros de organiza\u00e7\u00f5es da sociedade civil.<\/p>\n<p>O Representante Regional para Am\u00e9rica do Sul de ACNUDH, Amerigo Incalcaterra, aproveitou a ocasi\u00e3o para dar uma mensagem aos presentes e relembrar o mandato do escrit\u00f3rio na promo\u00e7\u00e3o e prote\u00e7\u00e3o dos direitos humanos na regi\u00e3o.<\/p>\n<p>\u201cO Escrit\u00f3rio Regional para Am\u00e9rica do Sul, que trabalha com governos, parlamentos, tribunais de justi\u00e7a, sociedade civil, organiza\u00e7\u00f5es regionais e internacionais, al\u00e9m do sistema das Na\u00e7\u00f5es Unidas, foi criado para colaborar na elabora\u00e7\u00e3o de pol\u00edticas p\u00fablicas em direitos humanos e para apoiar os pa\u00edses no cumprimento de suas obriga\u00e7\u00f5es internacionais\u201d.<\/p>\n<p>O Representante Regional falou tamb\u00e9m sobre a persist\u00eancia de situa\u00e7\u00f5es como pobreza, desigualdade, discrimina\u00e7\u00e3o, viol\u00eancia e impunidade na regi\u00e3o, e convidou os presentes a continuarem seus trabalhos para reduzir a \u201cdistancia entre ret\u00f3rica e realidade\u201d em mat\u00e9ria de direitos humanos.<\/p>\n<p>As novas depend\u00eancias do Escrit\u00f3rio do Alto Comissariado est\u00e3o localizadas em Avenida Dag Hammarskj\u00f6ld 3269, Vitacura, Santiago do Chile.<\/p>\n","protected":false},"excerpt":{"rendered":"<p>SANTIAGO \u2013 O Escrit\u00f3rio Regional para Am\u00e9rica do Sul do Alto Comissariado das Na\u00e7\u00f5es Unidas para os Direitos Humanos (ACNUDH) inaugurou nesta ter\u00e7a-feira (10) suas novas depend\u00eancias em Santiago de Chile. O evento foi prestigiado por importantes autoridades pol\u00edticas, representantes da diplomacia e membros de organiza\u00e7\u00f5es da sociedade civil. O Representante Regional para Am\u00e9rica do [&hellip;]<\/p>\n","protected":false},"author":1,"featured_media":0,"comment_status":"open","ping_status":"open","sticky":false,"template":"","format":"standard","meta":{"_uag_custom_page_level_css":"","site-sidebar-layout":"default","site-content-layout":"","ast-site-content-layout":"","site-content-style":"default","site-sidebar-style":"default","ast-global-header-display":"","ast-banner-title-visibility":"","ast-main-header-display":"","ast-hfb-above-header-display":"","ast-hfb-below-header-display":"","ast-hfb-mobile-header-display":"","site-post-title":"","ast-breadcrumbs-content":"","ast-featured-img":"","footer-sml-layout":"","theme-transparent-header-meta":"","adv-header-id-meta":"","stick-header-meta":"","header-above-stick-meta":"","header-main-stick-meta":"","header-below-stick-meta":"","astra-migrate-meta-layouts":"default","ast-page-background-enabled":"default","ast-page-background-meta":{"desktop":{"background-color":"","background-image":"","background-repeat":"repeat","background-position":"center center","background-size":"auto","background-attachment":"scroll","background-type":"","background-media":"","overlay-type":"","overlay-color":"","overlay-opacity":"","overlay-gradient":""},"tablet":{"background-color":"","background-image":"","background-repeat":"repeat","background-position":"center center","background-size":"auto","background-attachment":"scroll","background-type":"","background-media":"","overlay-type":"","overlay-color":"","overlay-opacity":"","overlay-gradient":""},"mobile":{"background-color":"","background-image":"","background-repeat":"repeat","background-position":"center center","background-size":"auto","background-attachment":"scroll","background-type":"","background-media":"","overlay-type":"","overlay-color":"","overlay-opacity":"","overlay-gradient":""}},"ast-content-background-meta":{"desktop":{"background-color":"var(--ast-global-color-5)","background-image":"","background-repeat":"repeat","background-position":"center center","background-size":"auto","background-attachment":"scroll","background-type":"","background-media":"","overlay-type":"","overlay-color":"","overlay-opacity":"","overlay-gradient":""},"tablet":{"background-color":"var(--ast-global-color-5)","background-image":"","background-repeat":"repeat","background-position":"center center","background-size":"auto","background-attachment":"scroll","background-type":"","background-media":"","overlay-type":"","overlay-color":"","overlay-opacity":"","overlay-gradient":""},"mobile":{"background-color":"var(--ast-global-color-5)","background-image":"","background-repeat":"repeat","background-position":"center center","background-size":"auto","background-attachment":"scroll","background-type":"","background-media":"","overlay-type":"","overlay-color":"","overlay-opacity":"","overlay-gradient":""}},"footnotes":""},"categories":[52],"tags":[],"class_list":["post-8449","post","type-post","status-publish","format-standard","hentry","category-nao-categorizado"],"uagb_featured_image_src":{"full":false,"thumbnail":false,"medium":false,"medium_large":false,"large":false,"1536x1536":false,"2048x2048":false},"uagb_author_info":{"display_name":"acnudh","author_link":"https:\/\/acnudh.org\/pt-br\/author\/acnudh\/"},"uagb_comment_info":0,"uagb_excerpt":"SANTIAGO \u2013 O Escrit\u00f3rio Regional para Am\u00e9rica do Sul do Alto Comissariado das Na\u00e7\u00f5es Unidas para os Direitos Humanos (ACNUDH) inaugurou nesta ter\u00e7a-feira (10) suas novas depend\u00eancias em Santiago de Chile. O evento foi prestigiado por importantes autoridades pol\u00edticas, representantes da diplomacia e membros de organiza\u00e7\u00f5es da sociedade civil. O Representante Regional para Am\u00e9rica do&hellip;","_links":{"self":[{"href":"https:\/\/acnudh.org\/pt-br\/wp-json\/wp\/v2\/posts\/8449","targetHints":{"allow":["GET"]}}],"collection":[{"href":"https:\/\/acnudh.org\/pt-br\/wp-json\/wp\/v2\/posts"}],"about":[{"href":"https:\/\/acnudh.org\/pt-br\/wp-json\/wp\/v2\/types\/post"}],"author":[{"embeddable":true,"href":"https:\/\/acnudh.org\/pt-br\/wp-json\/wp\/v2\/users\/1"}],"replies":[{"embeddable":true,"href":"https:\/\/acnudh.org\/pt-br\/wp-json\/wp\/v2\/comments?post=8449"}],"version-history":[{"count":3,"href":"https:\/\/acnudh.org\/pt-br\/wp-json\/wp\/v2\/posts\/8449\/revisions"}],"predecessor-version":[{"id":8453,"href":"https:\/\/acnudh.org\/pt-br\/wp-json\/wp\/v2\/posts\/8449\/revisions\/8453"}],"wp:attachment":[{"href":"https:\/\/acnudh.org\/pt-br\/wp-json\/wp\/v2\/media?parent=8449"}],"wp:term":[{"taxonomy":"category","embeddable":true,"href":"https:\/\/acnudh.org\/pt-br\/wp-json\/wp\/v2\/categories?post=8449"},{"taxonomy":"post_tag","embeddable":true,"href":"https:\/\/acnudh.org\/pt-br\/wp-json\/wp\/v2\/tags?post=8449"}],"curies":[{"name":"wp","href":"https:\/\/api.w.org\/{rel}","templated":true}]}}