{"id":75644,"date":"2026-03-13T11:40:29","date_gmt":"2026-03-13T14:40:29","guid":{"rendered":"https:\/\/acnudh.org\/?p=75644"},"modified":"2026-03-13T13:52:43","modified_gmt":"2026-03-13T16:52:43","slug":"especialista-da-onu-em-direitos-dos-migrantes-visitara-o-brasil","status":"publish","type":"post","link":"https:\/\/acnudh.org\/pt-br\/especialista-da-onu-em-direitos-dos-migrantes-visitara-o-brasil\/","title":{"rendered":"Especialista da ONU em direitos dos migrantes visitar\u00e1 o Brasil"},"content":{"rendered":"\n<p>GENEBRA (13 de mar\u00e7o de 2026) \u2013 O Relator Especial da ONU para os direitos humanos dos migrantes, Gehad Madi, visitar\u00e1 o Brasil de 16 a 27 de mar\u00e7o de 2026.<\/p>\n\n\n\n<p>O Relator Especial avaliar\u00e1 as leis, pol\u00edticas e pr\u00e1ticas atuais do pa\u00eds, bem como o progresso alcan\u00e7ado na garantia da prote\u00e7\u00e3o plena e efetiva dos direitos humanos dos migrantes.<\/p>\n\n\n\n<p>O especialista realizar\u00e1 reuni\u00f5es em Bras\u00edlia, Boa Vista, Pacaraima, S\u00e3o Paulo e Curitiba com autoridades governamentais, o poder judici\u00e1rio, ag\u00eancias das Na\u00e7\u00f5es Unidas, organiza\u00e7\u00f5es da sociedade civil e migrantes. Ele tamb\u00e9m visitar\u00e1 centros de acolhimento e abrigos.<\/p>\n\n\n\n<p>Madi realizar\u00e1 uma coletiva de imprensa na <strong>sexta-feira, 27 de mar\u00e7o de 2026, \u00e0s 15h<\/strong> (hor\u00e1rio local) na <a href=\"https:\/\/eur02.safelinks.protection.outlook.com\/?url=https%3A%2F%2Fshare.google%2FX7wsJ8QribdinyGmn&amp;data=05%7C02%7Cfelipe.iturrietagonzalez%40un.org%7C4a29bd3a7f5a43e39ad108de8109de1f%7C0f9e35db544f4f60bdcc5ea416e6dc70%7C0%7C0%7C639090076712627142%7CUnknown%7CTWFpbGZsb3d8eyJFbXB0eU1hcGkiOnRydWUsIlYiOiIwLjAuMDAwMCIsIlAiOiJXaW4zMiIsIkFOIjoiTWFpbCIsIldUIjoyfQ%3D%3D%7C0%7C%7C%7C&amp;sdata=c%2BVOb5OqoQAnJSAeOyyrPGJDeuXUmwbbgZGuUIYIF%2B4%3D&amp;reserved=0\"><strong>Casa ONU Brasil &#8211; Complexo S\u00e9rgio Vieira de Mello<\/strong><\/a>, em Bras\u00edlia. O acesso \u00e9 estritamente reservado a jornalistas. Para se inscrever na coletiva de imprensa, envie um e-mail para <a href=\"mailto:hrc-sr-migrant@un.org\">hrc-sr-migrant@un.org<\/a> com o assunto: Solicita\u00e7\u00e3o de inscri\u00e7\u00e3o para a coletiva de imprensa.<\/p>\n\n\n\n<p>O Relator Especial apresentar\u00e1 seu relat\u00f3rio ao Conselho de Direitos Humanos das Na\u00e7\u00f5es Unidas em junho de 2027.<\/p>\n\n\n\n<p>FIM<\/p>\n\n\n\n<p><strong><em>Gehad Madi<\/em><\/strong><em> \u00e9 o <\/em><em><a href=\"http:\/\/www.ohchr.org\/en\/special-procedures\/sr-migrants\">Relator Especial sobre os direitos humanos dos migrantes<\/a><\/em><em>.<\/em><\/p>\n\n\n\n<p><em>Os Relatores Especiais\/Peritos Independentes\/Grupos de Trabalho s\u00e3o peritos independentes em direitos humanos nomeados pelo Conselho de Direitos Humanos das Na\u00e7\u00f5es Unidas. Juntos, esses peritos s\u00e3o chamados de <\/em><em><a href=\"https:\/\/www.ohchr.org\/en\/special-procedures-human-rights-council\">Procedimentos Especiais<\/a><\/em><em> do Conselho de Direitos Humanos. Os especialistas dos Procedimentos Especiais trabalham voluntariamente; eles n\u00e3o s\u00e3o funcion\u00e1rios da ONU e n\u00e3o recebem sal\u00e1rio pelo seu trabalho. Embora o escrit\u00f3rio de Direitos Humanos da ONU atue como secretariado dos Procedimentos Especiais, os especialistas atuam a t\u00edtulo individual e s\u00e3o independentes de qualquer governo ou organiza\u00e7\u00e3o, incluindo o ACNUDH e a ONU. Quaisquer pontos de vista ou opini\u00f5es apresentados s\u00e3o exclusivamente do autor e n\u00e3o representam necessariamente os da ONU ou do ACNUDH.<\/em><\/p>\n\n\n\n<p><em>Observa\u00e7\u00f5es e recomenda\u00e7\u00f5es espec\u00edficas por pa\u00eds dos mecanismos de direitos humanos da ONU, incluindo os procedimentos especiais, os \u00f3rg\u00e3os dos tratados e a Revis\u00e3o Peri\u00f3dica Universal, podem ser encontradas no \u00cdndice Universal de Direitos Humanos <\/em><em><a href=\"https:\/\/uhri.ohchr.org\/en\/\">https:\/\/uhri.ohchr.org\/en\/<\/a><\/em><em><\/em><\/p>\n\n\n\n<p><em>Direitos Humanos da ONU, p\u00e1gina do pa\u00eds \u2013 <\/em><em><a href=\"https:\/\/www.ohchr.org\/en\/countries\/brazil\">Brasil<\/a><\/em><em><\/em><\/p>\n\n\n\n<p><em>Para perguntas e solicita\u00e7\u00f5es da m\u00eddia, entre em contato com: Paulina Tandiono, Oficial de Direitos Humanos, <\/em><em><a href=\"mailto:paulina.tandiono@un.org\">paulina.tandiono@un.org<\/a><\/em><em> ou <\/em><em><a href=\"mailto:hrc-sr-migrant@un.org\">hrc-sr-migrant@un.org<\/a><\/em><em>.<\/em><\/p>\n\n\n\n<p><em>Para consultas da m\u00eddia relacionadas a outros especialistas independentes da ONU, entre em contato com Maya Derouaz (<\/em><em><a href=\"mailto:maya.derouaz@un.org\">maya.derouaz@un.org<\/a><\/em><em>) ou Dharisha Indraguptha (<\/em><em><a href=\"mailto:dharisha.indraguptha@un.org\">dharisha.indraguptha@un.org<\/a><\/em><em>)<\/em><\/p>\n\n\n\n<p><em>Acompanhe as not\u00edcias relacionadas aos especialistas independentes em direitos humanos da ONU no X: <\/em><em><a href=\"https:\/\/eur02.safelinks.protection.outlook.com\/?url=https%3A%2F%2Ftwitter.com%2FUN_SPExperts&amp;data=05%7C02%7Cfelipe.iturrietagonzalez%40un.org%7C4a29bd3a7f5a43e39ad108de8109de1f%7C0f9e35db544f4f60bdcc5ea416e6dc70%7C0%7C0%7C639090076712643950%7CUnknown%7CTWFpbGZsb3d8eyJFbXB0eU1hcGkiOnRydWUsIlYiOiIwLjAuMDAwMCIsIlAiOiJXaW4zMiIsIkFOIjoiTWFpbCIsIldUIjoyfQ%3D%3D%7C0%7C%7C%7C&amp;sdata=z0UrUfQx1CUXs3u%2BhpR5j7SyVQ3gJ6AjeSGVkZlqeYA%3D&amp;reserved=0\">@UN_SPExperts<\/a><\/em><em>.<\/em><\/p>\n","protected":false},"excerpt":{"rendered":"<p>GENEBRA (13 de mar\u00e7o de 2026) \u2013 O Relator Especial da ONU para os direitos humanos dos migrantes, Gehad Madi, visitar\u00e1 o Brasil de 16 a 27 de mar\u00e7o de 2026. O Relator Especial avaliar\u00e1 as leis, pol\u00edticas e pr\u00e1ticas atuais do pa\u00eds, bem como o progresso alcan\u00e7ado na garantia da prote\u00e7\u00e3o plena e efetiva [&hellip;]<\/p>\n","protected":false},"author":16,"featured_media":75646,"comment_status":"closed","ping_status":"closed","sticky":false,"template":"","format":"standard","meta":{"_uag_custom_page_level_css":"","site-sidebar-layout":"default","site-content-layout":"","ast-site-content-layout":"default","site-content-style":"default","site-sidebar-style":"default","ast-global-header-display":"","ast-banner-title-visibility":"","ast-main-header-display":"","ast-hfb-above-header-display":"","ast-hfb-below-header-display":"","ast-hfb-mobile-header-display":"","site-post-title":"","ast-breadcrumbs-content":"","ast-featured-img":"","footer-sml-layout":"","theme-transparent-header-meta":"","adv-header-id-meta":"","stick-header-meta":"","header-above-stick-meta":"","header-main-stick-meta":"","header-below-stick-meta":"","astra-migrate-meta-layouts":"set","ast-page-background-enabled":"default","ast-page-background-meta":{"desktop":{"background-color":"","background-image":"","background-repeat":"repeat","background-position":"center center","background-size":"auto","background-attachment":"scroll","background-type":"","background-media":"","overlay-type":"","overlay-color":"","overlay-opacity":"","overlay-gradient":""},"tablet":{"background-color":"","background-image":"","background-repeat":"repeat","background-position":"center center","background-size":"auto","background-attachment":"scroll","background-type":"","background-media":"","overlay-type":"","overlay-color":"","overlay-opacity":"","overlay-gradient":""},"mobile":{"background-color":"","background-image":"","background-repeat":"repeat","background-position":"center center","background-size":"auto","background-attachment":"scroll","background-type":"","background-media":"","overlay-type":"","overlay-color":"","overlay-opacity":"","overlay-gradient":""}},"ast-content-background-meta":{"desktop":{"background-color":"var(--ast-global-color-5)","background-image":"","background-repeat":"repeat","background-position":"center center","background-size":"auto","background-attachment":"scroll","background-type":"","background-media":"","overlay-type":"","overlay-color":"","overlay-opacity":"","overlay-gradient":""},"tablet":{"background-color":"var(--ast-global-color-5)","background-image":"","background-repeat":"repeat","background-position":"center center","background-size":"auto","background-attachment":"scroll","background-type":"","background-media":"","overlay-type":"","overlay-color":"","overlay-opacity":"","overlay-gradient":""},"mobile":{"background-color":"var(--ast-global-color-5)","background-image":"","background-repeat":"repeat","background-position":"center center","background-size":"auto","background-attachment":"scroll","background-type":"","background-media":"","overlay-type":"","overlay-color":"","overlay-opacity":"","overlay-gradient":""}},"footnotes":""},"categories":[830],"tags":[810],"class_list":["post-75644","post","type-post","status-publish","format-standard","has-post-thumbnail","hentry","category-slide-portada-pt","tag-brasil-pt-br"],"uagb_featured_image_src":{"full":["https:\/\/acnudh.org\/wp-content\/uploads\/2026\/03\/HDTK7n4XkAAWnhc.jpg",1600,900,false],"thumbnail":["https:\/\/acnudh.org\/wp-content\/uploads\/2026\/03\/HDTK7n4XkAAWnhc-110x110.jpg",110,110,true],"medium":["https:\/\/acnudh.org\/wp-content\/uploads\/2026\/03\/HDTK7n4XkAAWnhc-400x225.jpg",400,225,true],"medium_large":["https:\/\/acnudh.org\/wp-content\/uploads\/2026\/03\/HDTK7n4XkAAWnhc.jpg",1600,900,false],"large":["https:\/\/acnudh.org\/wp-content\/uploads\/2026\/03\/HDTK7n4XkAAWnhc-580x326.jpg",580,326,true],"1536x1536":["https:\/\/acnudh.org\/wp-content\/uploads\/2026\/03\/HDTK7n4XkAAWnhc-1536x864.jpg",1536,864,true],"2048x2048":["https:\/\/acnudh.org\/wp-content\/uploads\/2026\/03\/HDTK7n4XkAAWnhc.jpg",1600,900,false]},"uagb_author_info":{"display_name":"Felipe Iturrieta","author_link":"https:\/\/acnudh.org\/pt-br\/author\/fiturrieta\/"},"uagb_comment_info":0,"uagb_excerpt":"GENEBRA (13 de mar\u00e7o de 2026) \u2013 O Relator Especial da ONU para os direitos humanos dos migrantes, Gehad Madi, visitar\u00e1 o Brasil de 16 a 27 de mar\u00e7o de 2026. O Relator Especial avaliar\u00e1 as leis, pol\u00edticas e pr\u00e1ticas atuais do pa\u00eds, bem como o progresso alcan\u00e7ado na garantia da prote\u00e7\u00e3o plena e efetiva&hellip;","_links":{"self":[{"href":"https:\/\/acnudh.org\/pt-br\/wp-json\/wp\/v2\/posts\/75644","targetHints":{"allow":["GET"]}}],"collection":[{"href":"https:\/\/acnudh.org\/pt-br\/wp-json\/wp\/v2\/posts"}],"about":[{"href":"https:\/\/acnudh.org\/pt-br\/wp-json\/wp\/v2\/types\/post"}],"author":[{"embeddable":true,"href":"https:\/\/acnudh.org\/pt-br\/wp-json\/wp\/v2\/users\/16"}],"replies":[{"embeddable":true,"href":"https:\/\/acnudh.org\/pt-br\/wp-json\/wp\/v2\/comments?post=75644"}],"version-history":[{"count":1,"href":"https:\/\/acnudh.org\/pt-br\/wp-json\/wp\/v2\/posts\/75644\/revisions"}],"predecessor-version":[{"id":75645,"href":"https:\/\/acnudh.org\/pt-br\/wp-json\/wp\/v2\/posts\/75644\/revisions\/75645"}],"wp:featuredmedia":[{"embeddable":true,"href":"https:\/\/acnudh.org\/pt-br\/wp-json\/wp\/v2\/media\/75646"}],"wp:attachment":[{"href":"https:\/\/acnudh.org\/pt-br\/wp-json\/wp\/v2\/media?parent=75644"}],"wp:term":[{"taxonomy":"category","embeddable":true,"href":"https:\/\/acnudh.org\/pt-br\/wp-json\/wp\/v2\/categories?post=75644"},{"taxonomy":"post_tag","embeddable":true,"href":"https:\/\/acnudh.org\/pt-br\/wp-json\/wp\/v2\/tags?post=75644"}],"curies":[{"name":"wp","href":"https:\/\/api.w.org\/{rel}","templated":true}]}}