{"id":73533,"date":"2024-09-26T13:58:13","date_gmt":"2024-09-26T16:58:13","guid":{"rendered":"https:\/\/acnudh.org\/?p=73533"},"modified":"2024-10-17T11:36:19","modified_gmt":"2024-10-17T14:36:19","slug":"representante-realizou-missao-no-brasil-com-enfoque-em-direitos-dos-povos-indigenas","status":"publish","type":"post","link":"https:\/\/acnudh.org\/pt-br\/representante-realizou-missao-no-brasil-com-enfoque-em-direitos-dos-povos-indigenas\/","title":{"rendered":"Representante realizou miss\u00e3o no Brasil com enfoque em direitos dos Povos Ind\u00edgenas"},"content":{"rendered":"\n<p>BRAS\u00cdLIA (26 de setembro de 2024) \u2013 O Representante da ONU Direitos Humanos para Am\u00e9rica do Sul, Jan Jarab, realizou uma miss\u00e3o ao Brasil entre o 18 e 20 de setembro, uma visita que teve enfoque principal em promover a defesa dos direitos dos Povos Ind\u00edgenas no pa\u00eds.<\/p>\n\n\n\n<p>A estada do Representante na capital, Bras\u00edlia, se desenvolveu no contexto de escalada dos conflitos envolvendo produtores rurais, apoiados por agentes estatais vinculados \u00e0 Pol\u00edcia Militar do Estado do Mato Grosso do Sul (MS), e ind\u00edgenas que lutam pela plenitude de seus direitos sobre o territ\u00f3rio tradicional \u00d1anderu Marangatu, do Povo Ind\u00edgena Guarani-Kaiow\u00e1. Neste contexto, segundo informa\u00e7\u00f5es oficiais, um jovem ind\u00edgena foi morto a tiros na noite entre 17 e18 setembro.<\/p>\n\n\n\n<p>Al\u00e9m disso, o Representante tem acompanhado com aten\u00e7\u00e3o o debate sobre a Lei 14.701 de 2023, que estabelece a tese conhecida como \u201cMarco Temporal\u201d para a demarca\u00e7\u00e3o de terras ind\u00edgenas (que os Povos Ind\u00edgenas t\u00eam direito apenas \u00e0s terras que ocupavam ou disputavam at\u00e9 outubro de 1988, data da promulga\u00e7\u00e3o da atual Constitui\u00e7\u00e3o). A Lei contraria uma decis\u00e3o anterior do STF, que se pronunciou contra a aplicabilidade do&nbsp; \u201cMarco Temporal\u201d.<\/p>\n\n\n\n<p>Em reuni\u00f5es com os ministros do STF C\u00e1rmen L\u00facia Antunes Rocha e Edson Fach\u00edn (o 19 e 20 de setembro, respetivamente), o Representante enfatizou que a incerteza jur\u00eddica gerada pela falta de uma decis\u00e3o final do STF sobre a constitucionalidade da Lei 14.701 tem sido um fator que aumenta as tens\u00f5es e incrementa direitamente o risco de ataques que atingem aos Povos Ind\u00edgenas em todo o pa\u00eds. Jarab reiterou a opini\u00e3o da ONU Direitos Humanos de que o STF tem que decidir r\u00e1pido sobre a constitucionalidade da Lei 14.701.<\/p>\n\n\n\n<p>Em sua visita na capital, Jarab se reuniu tamb\u00e9m com delega\u00e7\u00f5es do Minist\u00e9rio das Rela\u00e7\u00f5es Exteriores, do Minist\u00e9rio P\u00fablico do Trabalho, da Funda\u00e7\u00e3o Nacional do \u00cdndio (FUNAI) e da Articula\u00e7\u00e3o dos Povos Ind\u00edgenas do Brasil (APIB). Nesses encontros se discutiu, entre outras mat\u00e9rias, a poss\u00edvel assist\u00eancia t\u00e9cnica da ONU Direitos Humanos.<\/p>\n\n\n\n<figure class=\"wp-block-image size-large\"><img loading=\"lazy\" decoding=\"async\" width=\"435\" height=\"580\" src=\"https:\/\/acnudh.org\/wp-content\/uploads\/2024\/09\/JJ-com-Subprocuradora-geral-do-trabalho-Dra-Edela-Melo-435x580.jpeg\" alt=\"\" class=\"wp-image-73538\" srcset=\"https:\/\/acnudh.org\/wp-content\/uploads\/2024\/09\/JJ-com-Subprocuradora-geral-do-trabalho-Dra-Edela-Melo-435x580.jpeg 435w, https:\/\/acnudh.org\/wp-content\/uploads\/2024\/09\/JJ-com-Subprocuradora-geral-do-trabalho-Dra-Edela-Melo-300x400.jpeg 300w, https:\/\/acnudh.org\/wp-content\/uploads\/2024\/09\/JJ-com-Subprocuradora-geral-do-trabalho-Dra-Edela-Melo-1153x1536.jpeg 1153w, https:\/\/acnudh.org\/wp-content\/uploads\/2024\/09\/JJ-com-Subprocuradora-geral-do-trabalho-Dra-Edela-Melo-1537x2048.jpeg 1537w, https:\/\/acnudh.org\/wp-content\/uploads\/2024\/09\/JJ-com-Subprocuradora-geral-do-trabalho-Dra-Edela-Melo.jpeg 1816w\" sizes=\"auto, (max-width: 435px) 100vw, 435px\" \/><figcaption class=\"wp-element-caption\"><em>Jan Jarab com a Subprocuradora geral do trabalho, Dra. Edela Melo<\/em>.<\/figcaption><\/figure>\n\n\n\n<figure class=\"wp-block-image size-large\"><img loading=\"lazy\" decoding=\"async\" width=\"435\" height=\"580\" src=\"https:\/\/acnudh.org\/wp-content\/uploads\/2024\/09\/JJ-com-Ministra-do-STF-Carmen-Lucia-e-Embaixador-Mauricio-Medeiros-de-Assis-435x580.jpeg\" alt=\"\" class=\"wp-image-73540\" srcset=\"https:\/\/acnudh.org\/wp-content\/uploads\/2024\/09\/JJ-com-Ministra-do-STF-Carmen-Lucia-e-Embaixador-Mauricio-Medeiros-de-Assis-435x580.jpeg 435w, https:\/\/acnudh.org\/wp-content\/uploads\/2024\/09\/JJ-com-Ministra-do-STF-Carmen-Lucia-e-Embaixador-Mauricio-Medeiros-de-Assis-300x400.jpeg 300w, https:\/\/acnudh.org\/wp-content\/uploads\/2024\/09\/JJ-com-Ministra-do-STF-Carmen-Lucia-e-Embaixador-Mauricio-Medeiros-de-Assis-1153x1536.jpeg 1153w, https:\/\/acnudh.org\/wp-content\/uploads\/2024\/09\/JJ-com-Ministra-do-STF-Carmen-Lucia-e-Embaixador-Mauricio-Medeiros-de-Assis-1537x2048.jpeg 1537w, https:\/\/acnudh.org\/wp-content\/uploads\/2024\/09\/JJ-com-Ministra-do-STF-Carmen-Lucia-e-Embaixador-Mauricio-Medeiros-de-Assis.jpeg 1816w\" sizes=\"auto, (max-width: 435px) 100vw, 435px\" \/><figcaption class=\"wp-element-caption\"><em>Jan Jarab em reuni\u00e3o com a Ministra do STF Carmen L\u00facia e o Embaixador Maur\u00edcio Medeiros de Assis.<\/em><\/figcaption><\/figure>\n\n\n\n<p>FIM<\/p>\n\n\n\n<p class=\"has-text-align-center\">.<em>Se preocupa com o mundo em que vivemos? Ent\u00e3o DEFENDA os direitos\u00a0<\/em><br><em>de algu\u00e9m hoje.\u00a0#Standup4humanrights e acesse\u00a0<\/em><br><a href=\"http:\/\/www.standup4humanrights.org\/\">http:\/\/www.standup4humanrights.org<\/a><\/p>\n","protected":false},"excerpt":{"rendered":"<p>BRAS\u00cdLIA (26 de setembro de 2024) \u2013 O Representante da ONU Direitos Humanos para Am\u00e9rica do Sul, Jan Jarab, realizou uma miss\u00e3o ao Brasil entre o 18 e 20 de setembro, uma visita que teve enfoque principal em promover a defesa dos direitos dos Povos Ind\u00edgenas no pa\u00eds. A estada do Representante na capital, Bras\u00edlia, [&hellip;]<\/p>\n","protected":false},"author":16,"featured_media":73534,"comment_status":"closed","ping_status":"closed","sticky":false,"template":"","format":"standard","meta":{"_uag_custom_page_level_css":"","site-sidebar-layout":"default","site-content-layout":"","ast-site-content-layout":"default","site-content-style":"default","site-sidebar-style":"default","ast-global-header-display":"","ast-banner-title-visibility":"","ast-main-header-display":"","ast-hfb-above-header-display":"","ast-hfb-below-header-display":"","ast-hfb-mobile-header-display":"","site-post-title":"","ast-breadcrumbs-content":"","ast-featured-img":"","footer-sml-layout":"","theme-transparent-header-meta":"","adv-header-id-meta":"","stick-header-meta":"","header-above-stick-meta":"","header-main-stick-meta":"","header-below-stick-meta":"","astra-migrate-meta-layouts":"set","ast-page-background-enabled":"default","ast-page-background-meta":{"desktop":{"background-color":"","background-image":"","background-repeat":"repeat","background-position":"center center","background-size":"auto","background-attachment":"scroll","background-type":"","background-media":"","overlay-type":"","overlay-color":"","overlay-opacity":"","overlay-gradient":""},"tablet":{"background-color":"","background-image":"","background-repeat":"repeat","background-position":"center center","background-size":"auto","background-attachment":"scroll","background-type":"","background-media":"","overlay-type":"","overlay-color":"","overlay-opacity":"","overlay-gradient":""},"mobile":{"background-color":"","background-image":"","background-repeat":"repeat","background-position":"center center","background-size":"auto","background-attachment":"scroll","background-type":"","background-media":"","overlay-type":"","overlay-color":"","overlay-opacity":"","overlay-gradient":""}},"ast-content-background-meta":{"desktop":{"background-color":"var(--ast-global-color-5)","background-image":"","background-repeat":"repeat","background-position":"center center","background-size":"auto","background-attachment":"scroll","background-type":"","background-media":"","overlay-type":"","overlay-color":"","overlay-opacity":"","overlay-gradient":""},"tablet":{"background-color":"var(--ast-global-color-5)","background-image":"","background-repeat":"repeat","background-position":"center center","background-size":"auto","background-attachment":"scroll","background-type":"","background-media":"","overlay-type":"","overlay-color":"","overlay-opacity":"","overlay-gradient":""},"mobile":{"background-color":"var(--ast-global-color-5)","background-image":"","background-repeat":"repeat","background-position":"center center","background-size":"auto","background-attachment":"scroll","background-type":"","background-media":"","overlay-type":"","overlay-color":"","overlay-opacity":"","overlay-gradient":""}},"footnotes":""},"categories":[823,830],"tags":[810,870],"class_list":["post-73533","post","type-post","status-publish","format-standard","has-post-thumbnail","hentry","category-atividade","category-slide-portada-pt","tag-brasil-pt-br","tag-ods-16-pt-br"],"uagb_featured_image_src":{"full":["https:\/\/acnudh.org\/wp-content\/uploads\/2024\/09\/JJ-e-ministro-Edson-Fachin-e1727460598449.jpeg",2420,1331,false],"thumbnail":["https:\/\/acnudh.org\/wp-content\/uploads\/2024\/09\/JJ-e-ministro-Edson-Fachin-e1727460598449-110x110.jpeg",110,110,true],"medium":["https:\/\/acnudh.org\/wp-content\/uploads\/2024\/09\/JJ-e-ministro-Edson-Fachin-e1727460598449-400x220.jpeg",400,220,true],"medium_large":["https:\/\/acnudh.org\/wp-content\/uploads\/2024\/09\/JJ-e-ministro-Edson-Fachin-e1727460598449.jpeg",2420,1331,false],"large":["https:\/\/acnudh.org\/wp-content\/uploads\/2024\/09\/JJ-e-ministro-Edson-Fachin-e1727460598449-580x319.jpeg",580,319,true],"1536x1536":["https:\/\/acnudh.org\/wp-content\/uploads\/2024\/09\/JJ-e-ministro-Edson-Fachin-e1727460598449-1536x845.jpeg",1536,845,true],"2048x2048":["https:\/\/acnudh.org\/wp-content\/uploads\/2024\/09\/JJ-e-ministro-Edson-Fachin-e1727460598449-2048x1126.jpeg",2048,1126,true]},"uagb_author_info":{"display_name":"Felipe Iturrieta","author_link":"https:\/\/acnudh.org\/pt-br\/author\/fiturrieta\/"},"uagb_comment_info":0,"uagb_excerpt":"BRAS\u00cdLIA (26 de setembro de 2024) \u2013 O Representante da ONU Direitos Humanos para Am\u00e9rica do Sul, Jan Jarab, realizou uma miss\u00e3o ao Brasil entre o 18 e 20 de setembro, uma visita que teve enfoque principal em promover a defesa dos direitos dos Povos Ind\u00edgenas no pa\u00eds. A estada do Representante na capital, Bras\u00edlia,&hellip;","_links":{"self":[{"href":"https:\/\/acnudh.org\/pt-br\/wp-json\/wp\/v2\/posts\/73533","targetHints":{"allow":["GET"]}}],"collection":[{"href":"https:\/\/acnudh.org\/pt-br\/wp-json\/wp\/v2\/posts"}],"about":[{"href":"https:\/\/acnudh.org\/pt-br\/wp-json\/wp\/v2\/types\/post"}],"author":[{"embeddable":true,"href":"https:\/\/acnudh.org\/pt-br\/wp-json\/wp\/v2\/users\/16"}],"replies":[{"embeddable":true,"href":"https:\/\/acnudh.org\/pt-br\/wp-json\/wp\/v2\/comments?post=73533"}],"version-history":[{"count":2,"href":"https:\/\/acnudh.org\/pt-br\/wp-json\/wp\/v2\/posts\/73533\/revisions"}],"predecessor-version":[{"id":73542,"href":"https:\/\/acnudh.org\/pt-br\/wp-json\/wp\/v2\/posts\/73533\/revisions\/73542"}],"wp:featuredmedia":[{"embeddable":true,"href":"https:\/\/acnudh.org\/pt-br\/wp-json\/wp\/v2\/media\/73534"}],"wp:attachment":[{"href":"https:\/\/acnudh.org\/pt-br\/wp-json\/wp\/v2\/media?parent=73533"}],"wp:term":[{"taxonomy":"category","embeddable":true,"href":"https:\/\/acnudh.org\/pt-br\/wp-json\/wp\/v2\/categories?post=73533"},{"taxonomy":"post_tag","embeddable":true,"href":"https:\/\/acnudh.org\/pt-br\/wp-json\/wp\/v2\/tags?post=73533"}],"curies":[{"name":"wp","href":"https:\/\/api.w.org\/{rel}","templated":true}]}}