{"id":73405,"date":"2024-09-04T16:02:42","date_gmt":"2024-09-04T20:02:42","guid":{"rendered":"https:\/\/acnudh.org\/?p=73405"},"modified":"2024-09-27T14:28:13","modified_gmt":"2024-09-27T17:28:13","slug":"em-visita-ao-brasil-representante-se-reuniu-com-parceiros-e-participou-em-atividades-de-direitos-humanos","status":"publish","type":"post","link":"https:\/\/acnudh.org\/pt-br\/em-visita-ao-brasil-representante-se-reuniu-com-parceiros-e-participou-em-atividades-de-direitos-humanos\/","title":{"rendered":"Em visita ao Brasil, Representante se reuniu com parceiros e participou em atividades de direitos humanos"},"content":{"rendered":"\n<p>BRAS\u00cdLIA (4 de setembro de 2024) \u2013 O Representante da&nbsp;<a href=\"https:\/\/acnudh.org\/pt-br\/\">ONU Direitos Humanos para a Am\u00e9rica do Sul<\/a>, Jan Jarab, visitou o Brasil em 26 e 27 de agosto para se reunir com parceiros chave e participar em atividades de direitos humanos no pa\u00eds.<\/p>\n\n\n\n<p>Na capital brasileira, Jan Jarab conversou com o chefe da Defensoria P\u00fablica da Uni\u00e3o (DPU), Leonardo Magalh\u00e3es, sobre coopera\u00e7\u00e3o nas tarefas de apoio e reconstru\u00e7\u00e3o ap\u00f3s o desastre clim\u00e1tico no estado de Rio Grande do Sul, bem como recomenda\u00e7\u00f5es a serem feitas a esse respeito, incluindo a import\u00e2ncia da integra\u00e7\u00e3o de comunidades quilombolas e ind\u00edgenas nos programas sociais federais e locais.<\/p>\n\n\n\n<p>O Representante tamb\u00e9m teve um encontro com o novo procurador federal dos Direitos do Cidad\u00e3o (PFDC), Nicolao Dino, com quem acordou aprofundar o trabalho hist\u00f3rico entre as partes na agenda de direitos humanos. A reuni\u00e3o contou com a presen\u00e7a de Luciano Mariz Maia, membro s\u00eanior da Procuradoria Geral da Rep\u00fablica.<\/p>\n\n\n\n<figure class=\"wp-block-image size-full\"><img loading=\"lazy\" decoding=\"async\" width=\"400\" height=\"266\" src=\"https:\/\/acnudh.org\/wp-content\/uploads\/2024\/09\/JJ-com-MPF.jpg\" alt=\"\" class=\"wp-image-73411\"\/><figcaption class=\"wp-element-caption\"><em>Jan Jarab em reunio\u00e3 com a Procuradoria Federal dos Direitos do Cidad\u00e3o. Foto: PFDC.<\/em><\/figcaption><\/figure>\n\n\n\n<p><\/p>\n\n\n\n<p>Al\u00e9m de encontros com autoridades, Jarab se reuniu com o coordenador do Conselho Indigenista Mission\u00e1rio (CIMI), Lu\u00eds Ventura, para conhecer os \u00faltimos desenvolvimentos em mat\u00e9ria dos direitos dos Povos Ind\u00edgenas. Durante o di\u00e1logo, Jan Jarab se comprometeu a manter o apoio do seu Escrit\u00f3rio \u00e0s reivindica\u00e7\u00f5es territoriais dos Povos Ind\u00edgenas, diante da tese conhecida como \u201cmarco temporal\u201d.<\/p>\n\n\n\n<p>Nesse sentido, o Representante e o CIMI concordaram sobre a import\u00e2ncia de que a justi\u00e7a declare a inconstitucionalidade do projeto de lei sobre o \u201cmarco temporal\u201d -que estabelece limites indevidos \u00e0 demarca\u00e7\u00e3o de territ\u00f3rios ind\u00edgenas. \u201cDerrubar a tese do \u2018marco temporal\u2019 \u00e9 necess\u00e1rio para evitar mais viol\u00eancia contra os Povos Ind\u00edgenas, j\u00e1 que, na atual incerteza, atores privados e paramilitares est\u00e3o intensificando seus ataques contra comunidades que tentam recuperar territ\u00f3rios que ocupavam antes da Constitui\u00e7\u00e3o de 1988\u201d, diz o Representante.<\/p>\n\n\n\n<p>Nas reuni\u00f5es com autoridades, o Representante esteve acompanhado por a assessora da ONU Direitos Humanos no Brasil, \u00c2ngela Pires.<\/p>\n\n\n\n<p><strong>Fortalecimento de capacidades<\/strong><\/p>\n\n\n\n<p>No mesmo dia 26, Jarab participou da abertura de um Treinamento sobre emerg\u00eancia humanit\u00e1ria e direitos humanos para funcion\u00e1rias e funcion\u00e1rios do Minist\u00e9rio de Direitos Humanos e Minorias (MDHC). O exerc\u00edcio de capacita\u00e7\u00e3o que se realizou os dias 26 e 27 de agosto, foi liderado por uma equipe de especialistas da ONU Direitos Humanos na Am\u00e9rica do Sul e baseado na coopera\u00e7\u00e3o do Escrit\u00f3rio na situa\u00e7\u00e3o p\u00f3s-desastre no Rio Grande do Sul. O treinamento foi fornecido pelas especialistas da ONU Direitos Humanos Paula Simas Magalh\u00e3es e Paula de S\u00e1 Teixeira.<\/p>\n\n\n\n<figure class=\"wp-block-image size-large\"><img loading=\"lazy\" decoding=\"async\" width=\"580\" height=\"387\" src=\"https:\/\/acnudh.org\/wp-content\/uploads\/2024\/09\/Jan-Jarab-MDHC-580x387.jpeg\" alt=\"\" class=\"wp-image-73408\" srcset=\"https:\/\/acnudh.org\/wp-content\/uploads\/2024\/09\/Jan-Jarab-MDHC-580x387.jpeg 580w, https:\/\/acnudh.org\/wp-content\/uploads\/2024\/09\/Jan-Jarab-MDHC-400x267.jpeg 400w, https:\/\/acnudh.org\/wp-content\/uploads\/2024\/09\/Jan-Jarab-MDHC.jpeg 768w\" sizes=\"auto, (max-width: 580px) 100vw, 580px\" \/><figcaption class=\"wp-element-caption\"><em>O Representante da ONU Direitos Humanos para a Am\u00e9rica do Sul, Jan Jarab, durante o treinamento para funcion\u00e1rias e funcion\u00e1rios do Minist\u00e9rio de Direitos Humanos e Minorias. Foto: MDHC.<\/em><\/figcaption><\/figure>\n\n\n\n<p><\/p>\n\n\n\n<p>Al\u00e9m disso, o Representante Regional participou de um semin\u00e1rio na Universidade Nacional de Bras\u00edlia sobre licenciamento ambiental e direitos dos Povos Ind\u00edgenas, organizado pelo professor Christian Te\u00f3filo da Silva. No semin\u00e1rio participaram integrantes de atores-chave na defesa dos direitos dos Povos Ind\u00edgenas no pa\u00eds como o Minist\u00e9rio dos Povos Ind\u00edgenas, a Funda\u00e7\u00e3o Nacional do \u00cdndio (FUNAI), e o Instituto Brasileiro do Meio Ambiente (IBAMA).<\/p>\n\n\n\n<p>FIM<\/p>\n\n\n\n<p class=\"has-text-align-center\"><em>Se preocupa com o mundo em que vivemos? Ent\u00e3o DEFENDA os direitos&nbsp;<\/em><br><em>de algu\u00e9m hoje.&nbsp;#Standup4humanrights e acesse&nbsp;<\/em><br><a href=\"http:\/\/www.standup4humanrights.org\/\">http:\/\/www.standup4humanrights.org<\/a><\/p>\n","protected":false},"excerpt":{"rendered":"<p>BRAS\u00cdLIA (4 de setembro de 2024) \u2013 O Representante da&nbsp;ONU Direitos Humanos para a Am\u00e9rica do Sul, Jan Jarab, visitou o Brasil em 26 e 27 de agosto para se reunir com parceiros chave e participar em atividades de direitos humanos no pa\u00eds. Na capital brasileira, Jan Jarab conversou com o chefe da Defensoria P\u00fablica [&hellip;]<\/p>\n","protected":false},"author":16,"featured_media":73406,"comment_status":"closed","ping_status":"closed","sticky":false,"template":"","format":"standard","meta":{"_uag_custom_page_level_css":"","site-sidebar-layout":"default","site-content-layout":"","ast-site-content-layout":"default","site-content-style":"default","site-sidebar-style":"default","ast-global-header-display":"","ast-banner-title-visibility":"","ast-main-header-display":"","ast-hfb-above-header-display":"","ast-hfb-below-header-display":"","ast-hfb-mobile-header-display":"","site-post-title":"","ast-breadcrumbs-content":"","ast-featured-img":"","footer-sml-layout":"","theme-transparent-header-meta":"","adv-header-id-meta":"","stick-header-meta":"","header-above-stick-meta":"","header-main-stick-meta":"","header-below-stick-meta":"","astra-migrate-meta-layouts":"set","ast-page-background-enabled":"default","ast-page-background-meta":{"desktop":{"background-color":"","background-image":"","background-repeat":"repeat","background-position":"center center","background-size":"auto","background-attachment":"scroll","background-type":"","background-media":"","overlay-type":"","overlay-color":"","overlay-opacity":"","overlay-gradient":""},"tablet":{"background-color":"","background-image":"","background-repeat":"repeat","background-position":"center center","background-size":"auto","background-attachment":"scroll","background-type":"","background-media":"","overlay-type":"","overlay-color":"","overlay-opacity":"","overlay-gradient":""},"mobile":{"background-color":"","background-image":"","background-repeat":"repeat","background-position":"center center","background-size":"auto","background-attachment":"scroll","background-type":"","background-media":"","overlay-type":"","overlay-color":"","overlay-opacity":"","overlay-gradient":""}},"ast-content-background-meta":{"desktop":{"background-color":"var(--ast-global-color-5)","background-image":"","background-repeat":"repeat","background-position":"center center","background-size":"auto","background-attachment":"scroll","background-type":"","background-media":"","overlay-type":"","overlay-color":"","overlay-opacity":"","overlay-gradient":""},"tablet":{"background-color":"var(--ast-global-color-5)","background-image":"","background-repeat":"repeat","background-position":"center center","background-size":"auto","background-attachment":"scroll","background-type":"","background-media":"","overlay-type":"","overlay-color":"","overlay-opacity":"","overlay-gradient":""},"mobile":{"background-color":"var(--ast-global-color-5)","background-image":"","background-repeat":"repeat","background-position":"center center","background-size":"auto","background-attachment":"scroll","background-type":"","background-media":"","overlay-type":"","overlay-color":"","overlay-opacity":"","overlay-gradient":""}},"footnotes":""},"categories":[823,830],"tags":[810,870],"class_list":["post-73405","post","type-post","status-publish","format-standard","has-post-thumbnail","hentry","category-atividade","category-slide-portada-pt","tag-brasil-pt-br","tag-ods-16-pt-br"],"uagb_featured_image_src":{"full":["https:\/\/acnudh.org\/wp-content\/uploads\/2024\/09\/Jan-Jarab-DPU.jpg",799,533,false],"thumbnail":["https:\/\/acnudh.org\/wp-content\/uploads\/2024\/09\/Jan-Jarab-DPU-110x110.jpg",110,110,true],"medium":["https:\/\/acnudh.org\/wp-content\/uploads\/2024\/09\/Jan-Jarab-DPU-400x267.jpg",400,267,true],"medium_large":["https:\/\/acnudh.org\/wp-content\/uploads\/2024\/09\/Jan-Jarab-DPU.jpg",799,533,false],"large":["https:\/\/acnudh.org\/wp-content\/uploads\/2024\/09\/Jan-Jarab-DPU-580x387.jpg",580,387,true],"1536x1536":["https:\/\/acnudh.org\/wp-content\/uploads\/2024\/09\/Jan-Jarab-DPU.jpg",799,533,false],"2048x2048":["https:\/\/acnudh.org\/wp-content\/uploads\/2024\/09\/Jan-Jarab-DPU.jpg",799,533,false]},"uagb_author_info":{"display_name":"Felipe Iturrieta","author_link":"https:\/\/acnudh.org\/pt-br\/author\/fiturrieta\/"},"uagb_comment_info":0,"uagb_excerpt":"BRAS\u00cdLIA (4 de setembro de 2024) \u2013 O Representante da&nbsp;ONU Direitos Humanos para a Am\u00e9rica do Sul, Jan Jarab, visitou o Brasil em 26 e 27 de agosto para se reunir com parceiros chave e participar em atividades de direitos humanos no pa\u00eds. Na capital brasileira, Jan Jarab conversou com o chefe da Defensoria P\u00fablica&hellip;","_links":{"self":[{"href":"https:\/\/acnudh.org\/pt-br\/wp-json\/wp\/v2\/posts\/73405","targetHints":{"allow":["GET"]}}],"collection":[{"href":"https:\/\/acnudh.org\/pt-br\/wp-json\/wp\/v2\/posts"}],"about":[{"href":"https:\/\/acnudh.org\/pt-br\/wp-json\/wp\/v2\/types\/post"}],"author":[{"embeddable":true,"href":"https:\/\/acnudh.org\/pt-br\/wp-json\/wp\/v2\/users\/16"}],"replies":[{"embeddable":true,"href":"https:\/\/acnudh.org\/pt-br\/wp-json\/wp\/v2\/comments?post=73405"}],"version-history":[{"count":2,"href":"https:\/\/acnudh.org\/pt-br\/wp-json\/wp\/v2\/posts\/73405\/revisions"}],"predecessor-version":[{"id":73414,"href":"https:\/\/acnudh.org\/pt-br\/wp-json\/wp\/v2\/posts\/73405\/revisions\/73414"}],"wp:featuredmedia":[{"embeddable":true,"href":"https:\/\/acnudh.org\/pt-br\/wp-json\/wp\/v2\/media\/73406"}],"wp:attachment":[{"href":"https:\/\/acnudh.org\/pt-br\/wp-json\/wp\/v2\/media?parent=73405"}],"wp:term":[{"taxonomy":"category","embeddable":true,"href":"https:\/\/acnudh.org\/pt-br\/wp-json\/wp\/v2\/categories?post=73405"},{"taxonomy":"post_tag","embeddable":true,"href":"https:\/\/acnudh.org\/pt-br\/wp-json\/wp\/v2\/tags?post=73405"}],"curies":[{"name":"wp","href":"https:\/\/api.w.org\/{rel}","templated":true}]}}