{"id":73310,"date":"2024-08-06T12:47:46","date_gmt":"2024-08-06T16:47:46","guid":{"rendered":"https:\/\/acnudh.org\/?p=73310"},"modified":"2024-08-23T10:28:26","modified_gmt":"2024-08-23T14:28:26","slug":"brasil-sobre-ataque-a-comunidade-indigena-no-ms","status":"publish","type":"post","link":"https:\/\/acnudh.org\/pt-br\/brasil-sobre-ataque-a-comunidade-indigena-no-ms\/","title":{"rendered":"Brasil: sobre ataque a comunidade ind\u00edgena no MS"},"content":{"rendered":"\n<p>\u201cO novo ataque armado contra uma comunidade Guarani-Kaiow\u00e1, ocorrido no \u00faltimo fim de semana pr\u00f3ximo a Dourados (MS), \u00e9 mais uma mostra dos riscos que afrontam os Povos Ind\u00edgenas no Brasil na defesa de seus direitos \u00e0s terras e territ\u00f3rios. A recupera\u00e7\u00e3o de terras ancestrais por parte de comunidades ind\u00edgenas \u00e9 com frequ\u00eancia resistida com ataques armados por parte de agentes privados, e seus respons\u00e1veis costumam ficar impunes.<\/p>\n\n\n\n<p>O Estado brasileiro deve investigar de forma c\u00e9lere e diligente o recente ataque -que resultou em mais de 10 integrantes da comunidade Yvy Ajere feridos, incluindo crian\u00e7as, mulheres e idosos-, com o intuito de evitar a impunidade. Com a mesma urg\u00eancia, o pa\u00eds deve impulsionar a\u00e7\u00f5es de preven\u00e7\u00e3o de novos conflitos e atos de viol\u00eancia contra popula\u00e7\u00f5es ind\u00edgenas, garantindo a conclus\u00e3o dos processos de demarca\u00e7\u00e3o e desintrus\u00e3o das terras bem como a implementa\u00e7\u00e3o de medidas estruturais contra a discrimina\u00e7\u00e3o e viol\u00eancia que sofrem os Povos Ind\u00edgenas no pa\u00eds.<\/p>\n\n\n\n<p>No marco dos 75 anos da Declara\u00e7\u00e3o Universal dos Direitos Humanos, como ONU Direitos Humanos, lembramos que os direitos humanos dos povos ind\u00edgenas n\u00e3o s\u00e3o negoci\u00e1veis. Por isso, mais uma vez, reiteramos que a tese jur\u00eddica do \u2018marco temporal\u2019 &#8211; que estabelece limita\u00e7\u00f5es para o reconhecimento e demarca\u00e7\u00e3o de terras ind\u00edgenas &#8211; \u00e9 contr\u00e1ria aos padr\u00f5es internacionais de direitos humanos e, portanto, n\u00e3o deve ser implementada pelas autoridades no Brasil\u201d.<\/p>\n\n\n\n<p>FIM<br><\/p>\n\n\n\n<ul class=\"wp-block-list\">\n<li><em>Acesse a an\u00e1lise da ONU Direitos Humanos sobre o PL 490 sobre demarca\u00e7\u00e3o das terras ind\u00edgenas:&nbsp;<a href=\"https:\/\/acnudh.org\/wp-content\/uploads\/2023\/05\/ACNUDH_analise-PL-490-1.pdf\">https:\/\/acnudh.org\/wp-content\/uploads\/2023\/05\/ACNUDH_analise-PL-490-1.pdf<\/a><\/em><\/li>\n\n\n\n<li><em>Coment\u00e1rio do chefe da ONU Direitos Humanos para a Am\u00e9rica do Sul, Jan Jarab, sobre a retomada do debate em torno da tese do Marco Temporal no Brasil&nbsp;(10.07.2024): <a href=\"https:\/\/acnudh.org\/pt-br\/comentario-do-chefe-da-onu-direitos-humanos-para-a-america-do-sul-jan-jarab-sobre-a-retomada-do-debate-em-torno-da-tese-do-marco-temporal-no-brasil\/\">https:\/\/acnudh.org\/pt-br\/comentario-do-chefe-da-onu-direitos-humanos-para-a-america-do-sul-jan-jarab-sobre-a-retomada-do-debate-em-torno-da-tese-do-marco-temporal-no-brasil\/<\/a><\/em><\/li>\n<\/ul>\n\n\n\n<figure class=\"wp-block-embed is-type-rich is-provider-twitter wp-block-embed-twitter\"><div class=\"wp-block-embed__wrapper\">\n<blockquote class=\"twitter-tweet\" data-width=\"500\" data-dnt=\"true\"><p lang=\"pt\" dir=\"ltr\"><a href=\"https:\/\/twitter.com\/hashtag\/Brasil?src=hash&amp;ref_src=twsrc%5Etfw\">#Brasil<\/a>\ud83c\udde7\ud83c\uddf7<br><br>\ud83d\udd34Chefe da <a href=\"https:\/\/twitter.com\/ONU_derechos?ref_src=twsrc%5Etfw\">@ONU_derechos<\/a> Jan Jarab alertou para os riscos que afrontam os <a href=\"https:\/\/twitter.com\/hashtag\/PovosInd%C3%ADgenas?src=hash&amp;ref_src=twsrc%5Etfw\">#PovosInd\u00edgenas<\/a>\ud83c\udf3fna defesa de suas terras ancestrais, ap\u00f3s novo ataque armado contra comunidade guarani-kaiow\u00e1 no <a href=\"https:\/\/twitter.com\/hashtag\/MS?src=hash&amp;ref_src=twsrc%5Etfw\">#MS<\/a> que deixou pelo menos 10 ind\u00edgenas feridos.<br><br>\u2139\ufe0fLEIA: <a href=\"https:\/\/t.co\/QQeBJWoK7U\">https:\/\/t.co\/QQeBJWoK7U<\/a> <a href=\"https:\/\/t.co\/SpcAlMvt65\">pic.twitter.com\/SpcAlMvt65<\/a><\/p>&mdash; ONU Derechos Humanos &#8211; Am\u00e9rica del Sur (@ONU_derechos) <a href=\"https:\/\/twitter.com\/ONU_derechos\/status\/1820868505245200677?ref_src=twsrc%5Etfw\">August 6, 2024<\/a><\/blockquote><script async src=\"https:\/\/platform.twitter.com\/widgets.js\" charset=\"utf-8\"><\/script>\n<\/div><\/figure>\n\n\n\n<p>Para consultas e solicita\u00e7\u00f5es de m\u00eddia, entre em contato com:&nbsp;<em>Mar\u00eda Jeannette Moya<\/em><em>&nbsp;(+56979996907 &#8211;<\/em><em>&nbsp;<a href=\"mailto:mar%C3%ADa.moya@un.org\">mar\u00eda.moya@un.org<\/a><\/em><em>)<\/em><em>&nbsp;e Felipe Iturrieta&nbsp;<\/em><em>(<\/em><em><a href=\"mailto:felipe.iturrietagonzalez@un.org\">felipe.iturrietagonzalez@un.org<\/a><\/em><em>)<\/em><em>.<\/em><\/p>\n\n\n\n<p class=\"has-text-align-center\"><em>Se preocupa com o mundo em que vivemos? Ent\u00e3o DEFENDA os direitos&nbsp;<\/em><br><em>de algu\u00e9m hoje.&nbsp;#Standup4humanrights e acesse&nbsp;<\/em><a href=\"http:\/\/www.standup4humanrights.org\/\">http:\/\/www.standup4humanrights.org<\/a><\/p>\n","protected":false},"excerpt":{"rendered":"<p>Coment\u00e1rio de Jan Jarab, chefe da ONU Direitos Humanos na Am\u00e9rica do Sul<\/p>\n","protected":false},"author":5,"featured_media":71936,"comment_status":"closed","ping_status":"closed","sticky":false,"template":"","format":"standard","meta":{"_uag_custom_page_level_css":"","site-sidebar-layout":"default","site-content-layout":null,"ast-site-content-layout":"default","site-content-style":"default","site-sidebar-style":"default","ast-global-header-display":"","ast-banner-title-visibility":"","ast-main-header-display":"","ast-hfb-above-header-display":null,"ast-hfb-below-header-display":null,"ast-hfb-mobile-header-display":null,"site-post-title":"","ast-breadcrumbs-content":null,"ast-featured-img":"","footer-sml-layout":"","theme-transparent-header-meta":"","adv-header-id-meta":"","stick-header-meta":"","header-above-stick-meta":"","header-main-stick-meta":"","header-below-stick-meta":"","astra-migrate-meta-layouts":"set","ast-page-background-enabled":"default","ast-page-background-meta":{"desktop":{"background-color":"","background-image":"","background-repeat":"repeat","background-position":"center center","background-size":"auto","background-attachment":"scroll","background-type":"","background-media":"","overlay-type":"","overlay-color":"","overlay-opacity":"","overlay-gradient":""},"tablet":{"background-color":"","background-image":"","background-repeat":"repeat","background-position":"center center","background-size":"auto","background-attachment":"scroll","background-type":"","background-media":"","overlay-type":"","overlay-color":"","overlay-opacity":"","overlay-gradient":""},"mobile":{"background-color":"","background-image":"","background-repeat":"repeat","background-position":"center center","background-size":"auto","background-attachment":"scroll","background-type":"","background-media":"","overlay-type":"","overlay-color":"","overlay-opacity":"","overlay-gradient":""}},"ast-content-background-meta":{"desktop":{"background-color":"var(--ast-global-color-5)","background-image":"","background-repeat":"repeat","background-position":"center center","background-size":"auto","background-attachment":"scroll","background-type":"","background-media":"","overlay-type":"","overlay-color":"","overlay-opacity":"","overlay-gradient":""},"tablet":{"background-color":"var(--ast-global-color-5)","background-image":"","background-repeat":"repeat","background-position":"center center","background-size":"auto","background-attachment":"scroll","background-type":"","background-media":"","overlay-type":"","overlay-color":"","overlay-opacity":"","overlay-gradient":""},"mobile":{"background-color":"var(--ast-global-color-5)","background-image":"","background-repeat":"repeat","background-position":"center center","background-size":"auto","background-attachment":"scroll","background-type":"","background-media":"","overlay-type":"","overlay-color":"","overlay-opacity":"","overlay-gradient":""}},"footnotes":""},"categories":[824,830],"tags":[810,907,864,908],"class_list":["post-73310","post","type-post","status-publish","format-standard","has-post-thumbnail","hentry","category-noticias","category-slide-portada-pt","tag-brasil-pt-br","tag-justica-e-instituicoes-fortes","tag-ods-10-pt-br","tag-ods-16-paz-pt-br"],"uagb_featured_image_src":{"full":["https:\/\/acnudh.org\/wp-content\/uploads\/2023\/08\/DSC09941-e1722957239547.jpg",3000,1300,false],"thumbnail":["https:\/\/acnudh.org\/wp-content\/uploads\/2023\/08\/DSC09941-e1722957239547-110x110.jpg",110,110,true],"medium":["https:\/\/acnudh.org\/wp-content\/uploads\/2023\/08\/DSC09941-e1722957239547-400x173.jpg",400,173,true],"medium_large":["https:\/\/acnudh.org\/wp-content\/uploads\/2023\/08\/DSC09941-e1722957239547.jpg",3000,1300,false],"large":["https:\/\/acnudh.org\/wp-content\/uploads\/2023\/08\/DSC09941-e1722957239547-580x251.jpg",580,251,true],"1536x1536":["https:\/\/acnudh.org\/wp-content\/uploads\/2023\/08\/DSC09941-e1722957239547-1536x666.jpg",1536,666,true],"2048x2048":["https:\/\/acnudh.org\/wp-content\/uploads\/2023\/08\/DSC09941-e1722957239547-2048x887.jpg",2048,887,true]},"uagb_author_info":{"display_name":"mmoya","author_link":"https:\/\/acnudh.org\/pt-br\/author\/mmoya\/"},"uagb_comment_info":0,"uagb_excerpt":"Coment\u00e1rio de Jan Jarab, chefe da ONU Direitos Humanos na Am\u00e9rica do Sul","_links":{"self":[{"href":"https:\/\/acnudh.org\/pt-br\/wp-json\/wp\/v2\/posts\/73310","targetHints":{"allow":["GET"]}}],"collection":[{"href":"https:\/\/acnudh.org\/pt-br\/wp-json\/wp\/v2\/posts"}],"about":[{"href":"https:\/\/acnudh.org\/pt-br\/wp-json\/wp\/v2\/types\/post"}],"author":[{"embeddable":true,"href":"https:\/\/acnudh.org\/pt-br\/wp-json\/wp\/v2\/users\/5"}],"replies":[{"embeddable":true,"href":"https:\/\/acnudh.org\/pt-br\/wp-json\/wp\/v2\/comments?post=73310"}],"version-history":[{"count":2,"href":"https:\/\/acnudh.org\/pt-br\/wp-json\/wp\/v2\/posts\/73310\/revisions"}],"predecessor-version":[{"id":73313,"href":"https:\/\/acnudh.org\/pt-br\/wp-json\/wp\/v2\/posts\/73310\/revisions\/73313"}],"wp:featuredmedia":[{"embeddable":true,"href":"https:\/\/acnudh.org\/pt-br\/wp-json\/wp\/v2\/media\/71936"}],"wp:attachment":[{"href":"https:\/\/acnudh.org\/pt-br\/wp-json\/wp\/v2\/media?parent=73310"}],"wp:term":[{"taxonomy":"category","embeddable":true,"href":"https:\/\/acnudh.org\/pt-br\/wp-json\/wp\/v2\/categories?post=73310"},{"taxonomy":"post_tag","embeddable":true,"href":"https:\/\/acnudh.org\/pt-br\/wp-json\/wp\/v2\/tags?post=73310"}],"curies":[{"name":"wp","href":"https:\/\/api.w.org\/{rel}","templated":true}]}}