{"id":72852,"date":"2024-04-17T09:03:53","date_gmt":"2024-04-17T13:03:53","guid":{"rendered":"https:\/\/acnudh.org\/?p=72852"},"modified":"2024-05-15T16:50:13","modified_gmt":"2024-05-15T20:50:13","slug":"representante-regional-participou-de-eventos-no-legislativo-brasileiro","status":"publish","type":"post","link":"https:\/\/acnudh.org\/pt-br\/representante-regional-participou-de-eventos-no-legislativo-brasileiro\/","title":{"rendered":"Representante Regional participou de eventos no Legislativo Brasileiro"},"content":{"rendered":"\n<p>17 de abril de 2024 &#8211; Entre 11 e 15 de abril, o Representante da ONU Direitos Humanos na Am\u00e9rica do Sul, Jan Jarab, participou de forma virtual em tr\u00eas eventos no Congresso brasileiro, com interven\u00e7\u00f5es substantivas sobre temas chave da agenda legislativa e de direitos humanos.<\/p>\n\n\n\n<p>No dia 11 de abril, Jan Jarab participou da audi\u00eancia p\u00fablica visando a constru\u00e7\u00e3o do plano de trabalho da Comiss\u00e3o de Direitos Humanos, Minorias e Igualdade Racial da C\u00e2mara dos Deputados.<\/p>\n\n\n\n<p>Em sua interven\u00e7\u00e3o, o Representante destacou a import\u00e2ncia dos \u00f3rg\u00e3os legislativos para a implementa\u00e7\u00e3o das obriga\u00e7\u00f5es internacionais de direitos humanos que t\u00eam os pa\u00edses, e tamb\u00e9m que existem obriga\u00e7\u00f5es que competem especificamente ao poder legislativo, por exemplo a ado\u00e7\u00e3o de leis harm\u00f3nicas com as normas internacionais, bem como na agenda de ratifica\u00e7\u00f5es de tratados internacionais de direitos humanos \u2013 por exemplo, no caso o Brasil, da Conven\u00e7\u00e3o sobre os Direitos dos Trabalhadores Migrantes e suas Fam\u00edlias.<\/p>\n\n\n\n<p>Na mesma ocasi\u00e3o, Jan Jarab fez refer\u00eancia ao papel das comiss\u00f5es de direitos humanos de revisar outros projetos legislativos que, ainda que n\u00e3o se refiram explicitamente a direitos humanos, podem ter impacto neles.<\/p>\n\n\n\n<p>Finalmente, ressaltou o papel das comiss\u00f5es de direitos humanos de convocar a m\u00faltiplos atores para as discuss\u00f5es em um espa\u00e7o democr\u00e1tico privilegiado, tal como ocorreu no contexto das 28 audi\u00eancias p\u00fablicas realizadas pela Comiss\u00e3o no marco do Observat\u00f3rio da Revis\u00e3o Peri\u00f3dica Universal, parceria entre a ONU e a C\u00e2mara dos Deputados.<\/p>\n\n\n\n<p>Tamb\u00e9m no dia 11 de abril, o Representante participou da sess\u00e3o solene da C\u00e2mara dos Deputados, presidida pela Deputada Luiza Erundina, em celebra\u00e7\u00e3o ao Dia Internacional do Direito \u00e0 Verdade. Em sua fala, Jan Jarab instou o Brasil a avan\u00e7ar na agenda de verdade, justi\u00e7a, mem\u00f3ria, repara\u00e7\u00e3o e garantias de n\u00e3o repeti\u00e7\u00e3o.<\/p>\n\n\n\n<p>\u201cSem verdade \u00e9 muito dif\u00edcil avan\u00e7ar para a efetiva democracia e respeito dos direitos humanos. Os padr\u00f5es de viol\u00eancia da ditadura se repetem e repercutem por gera\u00e7\u00f5es, culminando em uma aparente normaliza\u00e7\u00e3o da viol\u00eancia contra determinadas popula\u00e7\u00f5es, como a popula\u00e7\u00e3o negra e outras popula\u00e7\u00f5es como ind\u00edgena, LGBTI\u201d, disse Jan Jarab no evento.<\/p>\n\n\n\n<p>J\u00e1 no Senado Federal, Jan Jarab participou de uma audi\u00eancia p\u00fablica sobre uma Proposta de Emenda Constitucional que visa a estabelecer que a posse de drogas, independentemente de quantidade e circunst\u00e2ncia, seja crime. Na ocasi\u00e3o, o Representante da ONU Direitos Humanos alertou que \u201cconstitucionalizar a criminaliza\u00e7\u00e3o da posse de drogas teria o efeito de restringir as futuras op\u00e7\u00f5es de pol\u00edticas p\u00fablicas nesta mat\u00e9ria complexa\u201d.<\/p>\n\n\n\n<p>Citando a Posi\u00e7\u00e3o Comum das Na\u00e7\u00f5es Unidas sobre Drogas, a Posi\u00e7\u00e3o das Na\u00e7\u00f5es Unidas sobre Encarceramento e outros documentos da ONU, o Representante ressaltou a import\u00e2ncia de uma abordagem multidimensional do problema complexo da depend\u00eancia, favorecendo a perspectiva de sa\u00fade p\u00fablica, a preven\u00e7\u00e3o e a descriminaliza\u00e7\u00e3o da posse de drogas.<\/p>\n\n\n\n<p>A proposta foi aprovada no dia 16 de abril pela maioria de mais de dois ter\u00e7os do Senado e foi encaminhada para an\u00e1lise pela C\u00e2mara de Deputados.<\/p>\n","protected":false},"excerpt":{"rendered":"<p>17 de abril de 2024 &#8211; Entre 11 e 15 de abril, o Representante da ONU Direitos Humanos na Am\u00e9rica do Sul, Jan Jarab, participou de forma virtual em tr\u00eas eventos no Congresso brasileiro, com interven\u00e7\u00f5es substantivas sobre temas chave da agenda legislativa e de direitos humanos. No dia 11 de abril, Jan Jarab participou [&hellip;]<\/p>\n","protected":false},"author":5,"featured_media":72853,"comment_status":"closed","ping_status":"closed","sticky":false,"template":"","format":"standard","meta":{"_uag_custom_page_level_css":"","site-sidebar-layout":"default","site-content-layout":"","ast-site-content-layout":"default","site-content-style":"default","site-sidebar-style":"default","ast-global-header-display":"","ast-banner-title-visibility":"","ast-main-header-display":"","ast-hfb-above-header-display":"","ast-hfb-below-header-display":"","ast-hfb-mobile-header-display":"","site-post-title":"","ast-breadcrumbs-content":"","ast-featured-img":"","footer-sml-layout":"","theme-transparent-header-meta":"","adv-header-id-meta":"","stick-header-meta":"","header-above-stick-meta":"","header-main-stick-meta":"","header-below-stick-meta":"","astra-migrate-meta-layouts":"set","ast-page-background-enabled":"default","ast-page-background-meta":{"desktop":{"background-color":"","background-image":"","background-repeat":"repeat","background-position":"center center","background-size":"auto","background-attachment":"scroll","background-type":"","background-media":"","overlay-type":"","overlay-color":"","overlay-opacity":"","overlay-gradient":""},"tablet":{"background-color":"","background-image":"","background-repeat":"repeat","background-position":"center center","background-size":"auto","background-attachment":"scroll","background-type":"","background-media":"","overlay-type":"","overlay-color":"","overlay-opacity":"","overlay-gradient":""},"mobile":{"background-color":"","background-image":"","background-repeat":"repeat","background-position":"center center","background-size":"auto","background-attachment":"scroll","background-type":"","background-media":"","overlay-type":"","overlay-color":"","overlay-opacity":"","overlay-gradient":""}},"ast-content-background-meta":{"desktop":{"background-color":"var(--ast-global-color-5)","background-image":"","background-repeat":"repeat","background-position":"center center","background-size":"auto","background-attachment":"scroll","background-type":"","background-media":"","overlay-type":"","overlay-color":"","overlay-opacity":"","overlay-gradient":""},"tablet":{"background-color":"var(--ast-global-color-5)","background-image":"","background-repeat":"repeat","background-position":"center center","background-size":"auto","background-attachment":"scroll","background-type":"","background-media":"","overlay-type":"","overlay-color":"","overlay-opacity":"","overlay-gradient":""},"mobile":{"background-color":"var(--ast-global-color-5)","background-image":"","background-repeat":"repeat","background-position":"center center","background-size":"auto","background-attachment":"scroll","background-type":"","background-media":"","overlay-type":"","overlay-color":"","overlay-opacity":"","overlay-gradient":""}},"footnotes":""},"categories":[823,830],"tags":[810,864,870],"class_list":["post-72852","post","type-post","status-publish","format-standard","has-post-thumbnail","hentry","category-atividade","category-slide-portada-pt","tag-brasil-pt-br","tag-ods-10-pt-br","tag-ods-16-pt-br"],"uagb_featured_image_src":{"full":["https:\/\/acnudh.org\/wp-content\/uploads\/2024\/04\/78325dc8-92e1-4f01-8715-5515fc16146e.jpg",1280,732,false],"thumbnail":["https:\/\/acnudh.org\/wp-content\/uploads\/2024\/04\/78325dc8-92e1-4f01-8715-5515fc16146e-110x110.jpg",110,110,true],"medium":["https:\/\/acnudh.org\/wp-content\/uploads\/2024\/04\/78325dc8-92e1-4f01-8715-5515fc16146e-400x229.jpg",400,229,true],"medium_large":["https:\/\/acnudh.org\/wp-content\/uploads\/2024\/04\/78325dc8-92e1-4f01-8715-5515fc16146e.jpg",1280,732,false],"large":["https:\/\/acnudh.org\/wp-content\/uploads\/2024\/04\/78325dc8-92e1-4f01-8715-5515fc16146e-580x332.jpg",580,332,true],"1536x1536":["https:\/\/acnudh.org\/wp-content\/uploads\/2024\/04\/78325dc8-92e1-4f01-8715-5515fc16146e.jpg",1280,732,false],"2048x2048":["https:\/\/acnudh.org\/wp-content\/uploads\/2024\/04\/78325dc8-92e1-4f01-8715-5515fc16146e.jpg",1280,732,false]},"uagb_author_info":{"display_name":"mmoya","author_link":"https:\/\/acnudh.org\/pt-br\/author\/mmoya\/"},"uagb_comment_info":0,"uagb_excerpt":"17 de abril de 2024 &#8211; Entre 11 e 15 de abril, o Representante da ONU Direitos Humanos na Am\u00e9rica do Sul, Jan Jarab, participou de forma virtual em tr\u00eas eventos no Congresso brasileiro, com interven\u00e7\u00f5es substantivas sobre temas chave da agenda legislativa e de direitos humanos. No dia 11 de abril, Jan Jarab participou&hellip;","_links":{"self":[{"href":"https:\/\/acnudh.org\/pt-br\/wp-json\/wp\/v2\/posts\/72852","targetHints":{"allow":["GET"]}}],"collection":[{"href":"https:\/\/acnudh.org\/pt-br\/wp-json\/wp\/v2\/posts"}],"about":[{"href":"https:\/\/acnudh.org\/pt-br\/wp-json\/wp\/v2\/types\/post"}],"author":[{"embeddable":true,"href":"https:\/\/acnudh.org\/pt-br\/wp-json\/wp\/v2\/users\/5"}],"replies":[{"embeddable":true,"href":"https:\/\/acnudh.org\/pt-br\/wp-json\/wp\/v2\/comments?post=72852"}],"version-history":[{"count":1,"href":"https:\/\/acnudh.org\/pt-br\/wp-json\/wp\/v2\/posts\/72852\/revisions"}],"predecessor-version":[{"id":72855,"href":"https:\/\/acnudh.org\/pt-br\/wp-json\/wp\/v2\/posts\/72852\/revisions\/72855"}],"wp:featuredmedia":[{"embeddable":true,"href":"https:\/\/acnudh.org\/pt-br\/wp-json\/wp\/v2\/media\/72853"}],"wp:attachment":[{"href":"https:\/\/acnudh.org\/pt-br\/wp-json\/wp\/v2\/media?parent=72852"}],"wp:term":[{"taxonomy":"category","embeddable":true,"href":"https:\/\/acnudh.org\/pt-br\/wp-json\/wp\/v2\/categories?post=72852"},{"taxonomy":"post_tag","embeddable":true,"href":"https:\/\/acnudh.org\/pt-br\/wp-json\/wp\/v2\/tags?post=72852"}],"curies":[{"name":"wp","href":"https:\/\/api.w.org\/{rel}","templated":true}]}}