{"id":72781,"date":"2024-03-21T11:46:41","date_gmt":"2024-03-21T14:46:41","guid":{"rendered":"https:\/\/acnudh.org\/?p=72781"},"modified":"2024-04-05T15:14:58","modified_gmt":"2024-04-05T18:14:58","slug":"mensagem-de-volker-turk-no-dia-internacional-pela-eliminacao-da-discriminacao-racial","status":"publish","type":"post","link":"https:\/\/acnudh.org\/pt-br\/mensagem-de-volker-turk-no-dia-internacional-pela-eliminacao-da-discriminacao-racial\/","title":{"rendered":"Mensagem de Volker T\u00fcrk no Dia Internacional pela Elimina\u00e7\u00e3o da Discrimina\u00e7\u00e3o Racial"},"content":{"rendered":"\n<p><strong>21 de mar\u00e7o marca o Dia Internacional para a Elimina\u00e7\u00e3o da Discrimina\u00e7\u00e3o Racial.<\/strong><\/p>\n\n\n\n<p>H\u00e1 mais de 50 anos atr\u00e1s o mundo fez uma promessa.<\/p>\n\n\n\n<p>De terminar a discrimina\u00e7\u00e3o racial, de terminar a humilha\u00e7\u00e3o.<\/p>\n\n\n\n<p>E se unir inspirados pela ambi\u00e7\u00e3o de que o mundo poderia ser mais seguro, mais justo e mais inclusivo.<\/p>\n\n\n\n<p>Hoje assim como todos os dias nos recordamos das v\u00edtimas de racismo.<\/p>\n\n\n\n<p>Honramos cada pessoa que continua levantando sua voz e lutando por mudan\u00e7a.<\/p>\n\n\n\n<p>N\u00f3s vimos progresso.<\/p>\n\n\n\n<p>Poderosos movimentos antirracistas sacudiram governos demandaram igualdade de direitos.<\/p>\n\n\n\n<p>Os pa\u00edses est\u00e3o adotando novas leis. Est\u00e3o tomando m\u00faltiplas medidas de a\u00e7\u00e3o afirmativa.<\/p>\n\n\n\n<p>Mas estamos longe de onde dever\u00edamos estar. Nenhum pa\u00eds pode dizer que est\u00e1 livre de racismo.<\/p>\n\n\n\n<p>E nenhum pa\u00eds prestou contas completamente pelo passado.<\/p>\n\n\n\n<p>Milh\u00f5es de pessoas ainda aguentam as consequ\u00eancias da nega\u00e7\u00e3o hist\u00f3rica de sua humanidade.<\/p>\n\n\n\n<p>Milh\u00f5es ainda sofrem os cru\u00e9is legados do colonialismo.<\/p>\n\n\n\n<p>Ou as memorias da escraviza\u00e7\u00e3o inumana e criminal de gera\u00e7\u00f5es de mulheres, homens e crian\u00e7as afrodescendentes.<\/p>\n\n\n\n<p>Minorias nacionais, \u00e9tnicas, lingu\u00edsticas e religiosas tiveram seus direitos humanos pisoteados.<\/p>\n\n\n\n<p>O mesmo acontece com ciganos, pessoas ind\u00edgenas e muitos outros grupos.<\/p>\n\n\n\n<p>Este ano tamb\u00e9m marca o final da d\u00e9cada internacional para os afrodescendentes.<\/p>\n\n\n\n<p>Reitero que os esfor\u00e7os para o reconhecimento, justi\u00e7a e desenvolvimento para as pessoas afrodescendentes devem continuar al\u00e9m de 2024.<\/p>\n\n\n\n<p>E somo a minha voz aos chamados para a proclama\u00e7\u00e3o de uma segunda d\u00e9cada.<\/p>\n\n\n\n<p>Devemos fazer melhor.<\/p>\n\n\n\n<p>Devemos lembrar que as sociedades que avan\u00e7am celebram magnifica diversidade da nossa fam\u00edlia humana.<\/p>\n\n\n\n<p>Abra\u00e7am os princ\u00edpios de justi\u00e7a, dignidade, igualdade e respeito para todas e todos.<\/p>\n\n\n\n<p>E ao faz\u00ea-lo, pavimentam o caminho para um futuro livre de \u00f3dio.<\/p>\n\n\n\n<p>Um futuro pelo qual todos e todas deveriam lutar.<\/p>\n\n\n\n<p>Obrigado.<\/p>\n\n\n\n<figure class=\"wp-block-embed is-type-video is-provider-youtube wp-block-embed-youtube wp-embed-aspect-16-9 wp-has-aspect-ratio\"><div class=\"wp-block-embed__wrapper\">\n<div class=\"ast-oembed-container \" style=\"height: 100%;\"><iframe loading=\"lazy\" title=\"D\u00eda Internacional de la Eliminaci\u00f3n de la Discriminaci\u00f3n Racial 2024\" width=\"500\" height=\"281\" src=\"https:\/\/www.youtube.com\/embed\/NtDGrNGi06g?feature=oembed\" frameborder=\"0\" allow=\"accelerometer; autoplay; clipboard-write; encrypted-media; gyroscope; picture-in-picture; web-share\" referrerpolicy=\"strict-origin-when-cross-origin\" allowfullscreen><\/iframe><\/div>\n<\/div><\/figure>\n\n\n\n<p class=\"has-text-align-center\"><em>Se preocupa com o mundo em que vivemos? Ent\u00e3o DEFENDA os direitos&nbsp;<\/em><br><em>de algu\u00e9m hoje.&nbsp;#Standup4humanrights e acesse&nbsp;<\/em><br><a href=\"http:\/\/www.standup4humanrights.org\/\">http:\/\/www.standup4humanrights.org<\/a><\/p>\n","protected":false},"excerpt":{"rendered":"<p>21 de mar\u00e7o marca o Dia Internacional para a Elimina\u00e7\u00e3o da Discrimina\u00e7\u00e3o Racial. H\u00e1 mais de 50 anos atr\u00e1s o mundo fez uma promessa. De terminar a discrimina\u00e7\u00e3o racial, de terminar a humilha\u00e7\u00e3o. E se unir inspirados pela ambi\u00e7\u00e3o de que o mundo poderia ser mais seguro, mais justo e mais inclusivo. Hoje assim como [&hellip;]<\/p>\n","protected":false},"author":16,"featured_media":72782,"comment_status":"closed","ping_status":"closed","sticky":false,"template":"","format":"standard","meta":{"_uag_custom_page_level_css":"","site-sidebar-layout":"default","site-content-layout":"","ast-site-content-layout":"default","site-content-style":"default","site-sidebar-style":"default","ast-global-header-display":"","ast-banner-title-visibility":"","ast-main-header-display":"","ast-hfb-above-header-display":"","ast-hfb-below-header-display":"","ast-hfb-mobile-header-display":"","site-post-title":"","ast-breadcrumbs-content":"","ast-featured-img":"","footer-sml-layout":"","theme-transparent-header-meta":"","adv-header-id-meta":"","stick-header-meta":"","header-above-stick-meta":"","header-main-stick-meta":"","header-below-stick-meta":"","astra-migrate-meta-layouts":"set","ast-page-background-enabled":"default","ast-page-background-meta":{"desktop":{"background-color":"","background-image":"","background-repeat":"repeat","background-position":"center center","background-size":"auto","background-attachment":"scroll","background-type":"","background-media":"","overlay-type":"","overlay-color":"","overlay-opacity":"","overlay-gradient":""},"tablet":{"background-color":"","background-image":"","background-repeat":"repeat","background-position":"center center","background-size":"auto","background-attachment":"scroll","background-type":"","background-media":"","overlay-type":"","overlay-color":"","overlay-opacity":"","overlay-gradient":""},"mobile":{"background-color":"","background-image":"","background-repeat":"repeat","background-position":"center center","background-size":"auto","background-attachment":"scroll","background-type":"","background-media":"","overlay-type":"","overlay-color":"","overlay-opacity":"","overlay-gradient":""}},"ast-content-background-meta":{"desktop":{"background-color":"var(--ast-global-color-5)","background-image":"","background-repeat":"repeat","background-position":"center center","background-size":"auto","background-attachment":"scroll","background-type":"","background-media":"","overlay-type":"","overlay-color":"","overlay-opacity":"","overlay-gradient":""},"tablet":{"background-color":"var(--ast-global-color-5)","background-image":"","background-repeat":"repeat","background-position":"center center","background-size":"auto","background-attachment":"scroll","background-type":"","background-media":"","overlay-type":"","overlay-color":"","overlay-opacity":"","overlay-gradient":""},"mobile":{"background-color":"var(--ast-global-color-5)","background-image":"","background-repeat":"repeat","background-position":"center center","background-size":"auto","background-attachment":"scroll","background-type":"","background-media":"","overlay-type":"","overlay-color":"","overlay-opacity":"","overlay-gradient":""}},"footnotes":""},"categories":[824,830],"tags":[904,864],"class_list":["post-72781","post","type-post","status-publish","format-standard","has-post-thumbnail","hentry","category-noticias","category-slide-portada-pt","tag-mundo-pt-br","tag-ods-10-pt-br"],"uagb_featured_image_src":{"full":["https:\/\/acnudh.org\/wp-content\/uploads\/2024\/03\/ohchr_sm.jpg",600,400,false],"thumbnail":["https:\/\/acnudh.org\/wp-content\/uploads\/2024\/03\/ohchr_sm-110x110.jpg",110,110,true],"medium":["https:\/\/acnudh.org\/wp-content\/uploads\/2024\/03\/ohchr_sm-400x267.jpg",400,267,true],"medium_large":["https:\/\/acnudh.org\/wp-content\/uploads\/2024\/03\/ohchr_sm.jpg",600,400,false],"large":["https:\/\/acnudh.org\/wp-content\/uploads\/2024\/03\/ohchr_sm-580x387.jpg",580,387,true],"1536x1536":["https:\/\/acnudh.org\/wp-content\/uploads\/2024\/03\/ohchr_sm.jpg",600,400,false],"2048x2048":["https:\/\/acnudh.org\/wp-content\/uploads\/2024\/03\/ohchr_sm.jpg",600,400,false]},"uagb_author_info":{"display_name":"Felipe Iturrieta","author_link":"https:\/\/acnudh.org\/pt-br\/author\/fiturrieta\/"},"uagb_comment_info":0,"uagb_excerpt":"21 de mar\u00e7o marca o Dia Internacional para a Elimina\u00e7\u00e3o da Discrimina\u00e7\u00e3o Racial. H\u00e1 mais de 50 anos atr\u00e1s o mundo fez uma promessa. De terminar a discrimina\u00e7\u00e3o racial, de terminar a humilha\u00e7\u00e3o. E se unir inspirados pela ambi\u00e7\u00e3o de que o mundo poderia ser mais seguro, mais justo e mais inclusivo. Hoje assim como&hellip;","_links":{"self":[{"href":"https:\/\/acnudh.org\/pt-br\/wp-json\/wp\/v2\/posts\/72781","targetHints":{"allow":["GET"]}}],"collection":[{"href":"https:\/\/acnudh.org\/pt-br\/wp-json\/wp\/v2\/posts"}],"about":[{"href":"https:\/\/acnudh.org\/pt-br\/wp-json\/wp\/v2\/types\/post"}],"author":[{"embeddable":true,"href":"https:\/\/acnudh.org\/pt-br\/wp-json\/wp\/v2\/users\/16"}],"replies":[{"embeddable":true,"href":"https:\/\/acnudh.org\/pt-br\/wp-json\/wp\/v2\/comments?post=72781"}],"version-history":[{"count":3,"href":"https:\/\/acnudh.org\/pt-br\/wp-json\/wp\/v2\/posts\/72781\/revisions"}],"predecessor-version":[{"id":72787,"href":"https:\/\/acnudh.org\/pt-br\/wp-json\/wp\/v2\/posts\/72781\/revisions\/72787"}],"wp:featuredmedia":[{"embeddable":true,"href":"https:\/\/acnudh.org\/pt-br\/wp-json\/wp\/v2\/media\/72782"}],"wp:attachment":[{"href":"https:\/\/acnudh.org\/pt-br\/wp-json\/wp\/v2\/media?parent=72781"}],"wp:term":[{"taxonomy":"category","embeddable":true,"href":"https:\/\/acnudh.org\/pt-br\/wp-json\/wp\/v2\/categories?post=72781"},{"taxonomy":"post_tag","embeddable":true,"href":"https:\/\/acnudh.org\/pt-br\/wp-json\/wp\/v2\/tags?post=72781"}],"curies":[{"name":"wp","href":"https:\/\/api.w.org\/{rel}","templated":true}]}}