{"id":72763,"date":"2024-03-20T19:03:20","date_gmt":"2024-03-20T22:03:20","guid":{"rendered":"https:\/\/acnudh.org\/?p=72763"},"modified":"2024-03-28T14:53:57","modified_gmt":"2024-03-28T17:53:57","slug":"todos-os-estados-devem-avancar-no-combate-a-discriminacao-racial-especialistas-da-onu","status":"publish","type":"post","link":"https:\/\/acnudh.org\/pt-br\/todos-os-estados-devem-avancar-no-combate-a-discriminacao-racial-especialistas-da-onu\/","title":{"rendered":"Todos os Estados devem avan\u00e7ar no combate \u00e0 discrimina\u00e7\u00e3o racial: especialistas da ONU"},"content":{"rendered":"\n<p> <p class=\"MsoNormal\" align=\"center\" style=\"text-align:center\"><b><span lang=\"PT-BR\" style=\"font-size:14.0pt;line-height:107%;mso-ansi-language:PT-BR\">Dia Internacional para a Elimina\u00e7\u00e3o da Discrimina\u00e7\u00e3o Racial<\/span><\/b><\/p> <p class=\"MsoNormal\" align=\"center\" style=\"text-align:center\"><b><span lang=\"PT-BR\" style=\"font-size:14.0pt;line-height:107%;mso-ansi-language:PT-BR\">21 de mar\u00e7o de 2024<\/span><\/b><\/p><\/p>\n\n\n\n<p> <\/p>\n\n\n\n<p>(20 de mar\u00e7o de 2024) \u2013 Na v\u00e9spera do Dia Internacional para a Elimina\u00e7\u00e3o da Discrimina\u00e7\u00e3o Racial, um grupo de especialistas da ONU emitiu a seguinte declara\u00e7\u00e3o conjunta:<\/p>\n\n\n\n<p><br>\u201cA comemora\u00e7\u00e3o do Dia Internacional para a Elimina\u00e7\u00e3o da Discrimina\u00e7\u00e3o Racial \u00e9 um momento para fazer um balan\u00e7o das lacunas persistentes na implementa\u00e7\u00e3o do nosso compromisso comum de proteger centenas de milh\u00f5es de pessoas cujos direitos humanos continuam a ser violados devido \u00e0 discrimina\u00e7\u00e3o racial. \u00c9 tamb\u00e9m uma oportunidade para renovar o nosso compromisso de combater todas as formas de racismo em todo o mundo.<\/p>\n\n\n\n<p>Atrav\u00e9s do nosso trabalho, vemos claramente que o racismo, a discrimina\u00e7\u00e3o racial, a xenofobia e a intoler\u00e2ncias relacionadas continuam a causar conflitos em todo o mundo. Assistimos a um retrocesso perigoso na luta contra o racismo e a discrimina\u00e7\u00e3o racial em muitos espa\u00e7os. As minorias, as pessoas afrodescendentes, as pessoas de ascend\u00eancia asi\u00e1tica, os povos ind\u00edgenas, os migrantes, incluindo os solicitantes de asilo e os refugiados, s\u00e3o particularmente vulner\u00e1veis, pois muitas vezes enfrentam discrimina\u00e7\u00e3o em todos os aspectos das suas vidas com base na sua origem racial, \u00e9tnica ou nacional, cor da pele ou ascend\u00eancia. A este respeito, \u00e9 crucial que os Estados cumpram as suas obriga\u00e7\u00f5es e compromissos internacionais em mat\u00e9ria de direitos humanos no \u00e2mbito da Conven\u00e7\u00e3o Internacional sobre a Elimina\u00e7\u00e3o de Todas as Formas de Discrimina\u00e7\u00e3o Racial e da Declara\u00e7\u00e3o e Programa de Ac\u00e7\u00e3o de Durban.<\/p>\n\n\n\n<p>As iniciativas destinadas a revitalizar o multilateralismo, incluindo a C\u00fapula do Futuro, proporcionam uma oportunidade importante para estabelecer firmemente a responsabilidade coletiva dos Estados para garantir progressos concretos na abordagem da discrimina\u00e7\u00e3o racial estrutural e sist\u00eamica e das suas causas profundas.<\/p>\n\n\n\n<p>A proclama\u00e7\u00e3o de uma D\u00e9cada Internacional para os Afrodescendentes em 2014 constituiu um marco importante no esfor\u00e7o global para combater o racismo sist\u00e9mico e a discrimina\u00e7\u00e3o racial enfrentados pelos afrodescendentes em todo o mundo.<\/p>\n\n\n\n<p>\u00c0 medida que a D\u00e9cada Internacional chega ao fim, \u00e9 hora de confrontar e retificar os obst\u00e1culos e barreiras generalizados que impedem o reconhecimento, a justi\u00e7a e o desenvolvimento das pessoas afrodescendentes. Apelamos aos Estados para que respondam aos crescentes chamados \u00e0 justi\u00e7a restaurativa e ao empoderamento econ\u00f4mico das pessoas afrodescendentes. Apelamos tamb\u00e9m aos Estados para que n\u00e3o deixem nenhuma pessoa afrodescendente para tr\u00e1s nos seus esfor\u00e7os para alcan\u00e7ar os Objetivos de Desenvolvimento Sustent\u00e1vel.<\/p>\n\n\n\n<p>Hoje unimos novamente as nossas vozes para exortar todos os Estados a continuarem a avan\u00e7ar no combate contra a discrimina\u00e7\u00e3o racial. Apelamos tamb\u00e9m aos Estados para que proclamem uma segunda D\u00e9cada Internacional para os Afrodescendentes, para garantir maior reconhecimento, justi\u00e7a e desenvolvimento para os afrodescendentes, inclusive atrav\u00e9s do envolvimento significativo em processos de justi\u00e7a restaurativa relativa \u00e0s injusti\u00e7as do passado.\u201d<\/p>\n\n\n\n<p>FIM<\/p>\n\n\n\n<p><em>*Os especialistas: Sra. Ashwini K.P., <\/em><a href=\"https:\/\/www.ohchr.org\/en\/special-procedures\/sr-racism\"><em>Relatora especial sobre as formas contempor\u00e2neas de racismo, discrimina\u00e7\u00e3o racial, xenofobia e formas relacionadas de intoler\u00e2ncia<\/em><\/a><em>; Sra. Tracie L. Keesee e Sr. Juan E. M\u00e9ndez, Especialistas do <\/em><a href=\"https:\/\/www.ohchr.org\/en\/hrc-subsidiaries\/expert-mechanism-racial-justice-law-enforcement\"><em>Mecanismo Internacional de Especialistas Independentes para Promover a Justi\u00e7a Racial e a Igualdade na Aplica\u00e7\u00e3o da Lei <\/em><\/a><em>; <\/em><a href=\"https:\/\/www.ohchr.org\/en\/special-procedures\/wg-african-descent\"><em>Sra. Barbara Reynolds, Presidenta do Grupo de Trabajo de Especialistas sobre Afrodescendentes<\/em><\/a><em>; Sra. Verene Shepherd, <\/em><a href=\"https:\/\/www.ohchr.org\/en\/treaty-bodies\/cerd\"><em>Presidenta do Comite para a Eliminacao da Discriminacao Racial<\/em><\/a><em>; Sra. June Soomer, Presidenta-designada do <\/em><a href=\"https:\/\/www.ohchr.org\/en\/permanent-forum-people-african-descent\"><em>Forum Permanente de Afrodescendentes<\/em><\/a><em>; e Sra. Hanna Suchocka, Presidenta do <\/em><a href=\"https:\/\/www.ohchr.org\/en\/chr-subsidiaries\/group-of-experts-on-ddpa\"><em>Grupo de Especialistas Independentes sobre a Declara\u00e7\u00e3o e o Programa de A\u00e7\u00e3o de Durban<\/em><\/a><em>.<\/em><\/p>\n\n\n\n<p>Para mais informa\u00e7\u00f5es e solicita\u00e7\u00f5es de entrevistas entre em contato com: Niraj Dawadi (<a href=\"mailto:niraj.dawadi@un.org\">niraj.dawadi@un.org<\/a>)<\/p>\n\n\n\n<p>Fonte: <a href=\"https:\/\/www.ohchr.org\/en\/statements\/2024\/03\/all-states-must-push-forward-fight-against-racial-discrimination-un-experts\">OHCHR<\/a><\/p>\n\n\n\n<p class=\"has-text-align-center\"><em>Se preocupa com o mundo em que vivemos? Ent\u00e3o DEFENDA os direitos\u00a0<\/em><br><em>de algu\u00e9m hoje.\u00a0#Standup4humanrights e acesse\u00a0<\/em><br><a href=\"http:\/\/www.standup4humanrights.org\/\">http:\/\/www.standup4humanrights.org<\/a><\/p>\n","protected":false},"excerpt":{"rendered":"<p>Dia Internacional para a Elimina\u00e7\u00e3o da Discrimina\u00e7\u00e3o Racial.<\/p>\n","protected":false},"author":16,"featured_media":72761,"comment_status":"closed","ping_status":"closed","sticky":false,"template":"","format":"standard","meta":{"_uag_custom_page_level_css":"","site-sidebar-layout":"default","site-content-layout":"","ast-site-content-layout":"default","site-content-style":"default","site-sidebar-style":"default","ast-global-header-display":"","ast-banner-title-visibility":"","ast-main-header-display":"","ast-hfb-above-header-display":"","ast-hfb-below-header-display":"","ast-hfb-mobile-header-display":"","site-post-title":"","ast-breadcrumbs-content":"","ast-featured-img":"","footer-sml-layout":"","theme-transparent-header-meta":"","adv-header-id-meta":"","stick-header-meta":"","header-above-stick-meta":"","header-main-stick-meta":"","header-below-stick-meta":"","astra-migrate-meta-layouts":"set","ast-page-background-enabled":"default","ast-page-background-meta":{"desktop":{"background-color":"","background-image":"","background-repeat":"repeat","background-position":"center center","background-size":"auto","background-attachment":"scroll","background-type":"","background-media":"","overlay-type":"","overlay-color":"","overlay-opacity":"","overlay-gradient":""},"tablet":{"background-color":"","background-image":"","background-repeat":"repeat","background-position":"center center","background-size":"auto","background-attachment":"scroll","background-type":"","background-media":"","overlay-type":"","overlay-color":"","overlay-opacity":"","overlay-gradient":""},"mobile":{"background-color":"","background-image":"","background-repeat":"repeat","background-position":"center center","background-size":"auto","background-attachment":"scroll","background-type":"","background-media":"","overlay-type":"","overlay-color":"","overlay-opacity":"","overlay-gradient":""}},"ast-content-background-meta":{"desktop":{"background-color":"var(--ast-global-color-5)","background-image":"","background-repeat":"repeat","background-position":"center center","background-size":"auto","background-attachment":"scroll","background-type":"","background-media":"","overlay-type":"","overlay-color":"","overlay-opacity":"","overlay-gradient":""},"tablet":{"background-color":"var(--ast-global-color-5)","background-image":"","background-repeat":"repeat","background-position":"center center","background-size":"auto","background-attachment":"scroll","background-type":"","background-media":"","overlay-type":"","overlay-color":"","overlay-opacity":"","overlay-gradient":""},"mobile":{"background-color":"var(--ast-global-color-5)","background-image":"","background-repeat":"repeat","background-position":"center center","background-size":"auto","background-attachment":"scroll","background-type":"","background-media":"","overlay-type":"","overlay-color":"","overlay-opacity":"","overlay-gradient":""}},"footnotes":""},"categories":[824,830],"tags":[904,864],"class_list":["post-72763","post","type-post","status-publish","format-standard","has-post-thumbnail","hentry","category-noticias","category-slide-portada-pt","tag-mundo-pt-br","tag-ods-10-pt-br"],"uagb_featured_image_src":{"full":["https:\/\/acnudh.org\/wp-content\/uploads\/2024\/03\/fight-racism-cover-photo-md-g-g.jpg",1350,594,false],"thumbnail":["https:\/\/acnudh.org\/wp-content\/uploads\/2024\/03\/fight-racism-cover-photo-md-g-g-110x110.jpg",110,110,true],"medium":["https:\/\/acnudh.org\/wp-content\/uploads\/2024\/03\/fight-racism-cover-photo-md-g-g-400x176.jpg",400,176,true],"medium_large":["https:\/\/acnudh.org\/wp-content\/uploads\/2024\/03\/fight-racism-cover-photo-md-g-g.jpg",1350,594,false],"large":["https:\/\/acnudh.org\/wp-content\/uploads\/2024\/03\/fight-racism-cover-photo-md-g-g-580x255.jpg",580,255,true],"1536x1536":["https:\/\/acnudh.org\/wp-content\/uploads\/2024\/03\/fight-racism-cover-photo-md-g-g.jpg",1350,594,false],"2048x2048":["https:\/\/acnudh.org\/wp-content\/uploads\/2024\/03\/fight-racism-cover-photo-md-g-g.jpg",1350,594,false]},"uagb_author_info":{"display_name":"Felipe Iturrieta","author_link":"https:\/\/acnudh.org\/pt-br\/author\/fiturrieta\/"},"uagb_comment_info":0,"uagb_excerpt":"Dia Internacional para a Elimina\u00e7\u00e3o da Discrimina\u00e7\u00e3o Racial.","_links":{"self":[{"href":"https:\/\/acnudh.org\/pt-br\/wp-json\/wp\/v2\/posts\/72763","targetHints":{"allow":["GET"]}}],"collection":[{"href":"https:\/\/acnudh.org\/pt-br\/wp-json\/wp\/v2\/posts"}],"about":[{"href":"https:\/\/acnudh.org\/pt-br\/wp-json\/wp\/v2\/types\/post"}],"author":[{"embeddable":true,"href":"https:\/\/acnudh.org\/pt-br\/wp-json\/wp\/v2\/users\/16"}],"replies":[{"embeddable":true,"href":"https:\/\/acnudh.org\/pt-br\/wp-json\/wp\/v2\/comments?post=72763"}],"version-history":[{"count":1,"href":"https:\/\/acnudh.org\/pt-br\/wp-json\/wp\/v2\/posts\/72763\/revisions"}],"predecessor-version":[{"id":72764,"href":"https:\/\/acnudh.org\/pt-br\/wp-json\/wp\/v2\/posts\/72763\/revisions\/72764"}],"wp:featuredmedia":[{"embeddable":true,"href":"https:\/\/acnudh.org\/pt-br\/wp-json\/wp\/v2\/media\/72761"}],"wp:attachment":[{"href":"https:\/\/acnudh.org\/pt-br\/wp-json\/wp\/v2\/media?parent=72763"}],"wp:term":[{"taxonomy":"category","embeddable":true,"href":"https:\/\/acnudh.org\/pt-br\/wp-json\/wp\/v2\/categories?post=72763"},{"taxonomy":"post_tag","embeddable":true,"href":"https:\/\/acnudh.org\/pt-br\/wp-json\/wp\/v2\/tags?post=72763"}],"curies":[{"name":"wp","href":"https:\/\/api.w.org\/{rel}","templated":true}]}}