{"id":72302,"date":"2023-10-16T09:39:30","date_gmt":"2023-10-16T12:39:30","guid":{"rendered":"http:\/\/acnudh.org\/?p=72302"},"modified":"2023-10-30T10:51:32","modified_gmt":"2023-10-30T13:51:32","slug":"governos-privados-e-sociedade-civil-da-regiao-procuram-construir-uma-agenda-comum-de-empresas-direitos-humanos-e-meio-ambiente","status":"publish","type":"post","link":"https:\/\/acnudh.org\/pt-br\/governos-privados-e-sociedade-civil-da-regiao-procuram-construir-uma-agenda-comum-de-empresas-direitos-humanos-e-meio-ambiente\/","title":{"rendered":"Governos, setor privado e sociedade civil da regi\u00e3o procuram agenda comum de empresas, direitos humanos e meio ambiente"},"content":{"rendered":"\n<p><em><strong>*Fotos:&nbsp;<a href=\"https:\/\/tinyurl.com\/2t2xhwsk\">https:\/\/tinyurl.com\/2t2x<\/a><a rel=\"noreferrer noopener\" href=\"https:\/\/tinyurl.com\/2t2xhwsk\" target=\"_blank\">hwsk<\/a><\/strong><\/em><\/p>\n\n\n\n<p>SANTIAGO (12 de outubro de 2023) \u2013 Representantes de governos, empresas, sociedade civil, Povos Ind\u00edgenas e sindicatos debateram por tr\u00eas dias a\u00e7\u00f5es concretas para promover o respeito aos direitos humanos, incluindo um meio ambiente saud\u00e1vel, no \u00e2mbito das atividades empresariais durante o oitavo <a href=\"http:\/\/www.fororegional.empresasyderechoshumanos.org\/\">F\u00f3rum Regional sobre Empresas e Direitos Humanos<\/a> na Am\u00e9rica Latina e Caribe.<\/p>\n\n\n\n<p>No evento, que aconteceu entre 10 e 12 de outubro na Universidade do Chile, em Santiago, os participantes trocaram boas pr\u00e1ticas e aprendizados entre pares, bem como o papel dos Estados e as empresas para prevenir e frear os danos ao meio ambiente.<\/p>\n\n\n\n<p>Um dos aspectos centrais da discuss\u00e3o \u00e9 a devida dilig\u00eancia (\u201cdue diligence\u201d) em direitos humanos e meio ambiente, que envolve prevenir, identificar, mitigar e reparar os impactos negativos que a atividade empresarial pode causar.<\/p>\n\n\n\n<p>Tamb\u00e9m foram apresentadas pr\u00e1ticas inovadoras de diferentes setores para enfrentar os desafios de uma agenda comum de neg\u00f3cios, direitos humanos e meio ambiente.<\/p>\n\n\n\n<h2 class=\"wp-block-heading\">Dos princ\u00edpios \u00e0 pr\u00e1tica<\/h2>\n\n\n\n<p>Atrav\u00e9s de uma mensagem de <a href=\"http:\/\/acnudh.org\/mensaje-del-alto-comisionado-volker-turk-en-el-viii-foro-regional-sobre-empresas-y-derechos-humanos\/\">v\u00eddeo<\/a>, o Alto Comiss\u00e1rio das Na\u00e7\u00f5es Unidas para os Direitos Humanos, Volker T\u00fcrk, inaugurou o F\u00f3rum convidando os participantes a buscar acordos em decis\u00f5es que podem parecer imposs\u00edveis de resolver e valorizou o evento como um espa\u00e7o para \u201couvir a voz de todos os atores, particularmente as pessoas mais afetadas\u201d.<\/p>\n\n\n\n<p>T\u00fcrk destacou o <a href=\"https:\/\/www.cepal.org\/pt-br\/taxonomy\/term\/8280\">Acordo de Escaz\u00fa<\/a>, o primeiro tratado ambiental regional para a Am\u00e9rica Latina e Caribe, que reconhece o direito a um ambiente saud\u00e1vel como um direito humano.<\/p>\n\n\n\n<p>O Acordo inclui direitos de acesso \u00e0 informa\u00e7\u00e3o, participa\u00e7\u00e3o p\u00fablica e acesso \u00e0 justi\u00e7a em quest\u00f5es ambientais. Tamb\u00e9m conecta as obriga\u00e7\u00f5es dos Estados com as responsabilidades das empresas na mat\u00e9ria.<\/p>\n\n\n\n<p>\u201cS\u00e3o tamb\u00e9m desenvolvimentos positivos\u201d, disse o Alto Comiss\u00e1rio, mas defendeu a necessidade de avan\u00e7ar ainda mais. \u201cDevemos passar dos princ\u00edpios para a pr\u00e1tica e garantir a sua aplica\u00e7\u00e3o eficaz a n\u00edvel internacional, regional, nacional e local. Ainda h\u00e1 muito a fazer\u201d.<\/p>\n\n\n\n<p>Tamb\u00e9m na abertura, a ex Alta Comiss\u00e1ria das Na\u00e7\u00f5es Unidas para os Direitos Humanos, Michelle Bachelet, levantou a necessidade das empresas n\u00e3o s\u00f3 respeitarem os direitos humanos dos seus trabalhadores e comunidades, mas tamb\u00e9m protegerem ativamente o ambiente.<\/p>\n\n\n\n<figure class=\"wp-block-embed is-type-rich is-provider-twitter wp-block-embed-twitter\"><div class=\"wp-block-embed__wrapper\">\n<blockquote class=\"twitter-tweet\" data-width=\"500\" data-dnt=\"true\"><p lang=\"es\" dir=\"ltr\"><a href=\"https:\/\/twitter.com\/hashtag\/ForoEmpresasyDDHH?src=hash&amp;ref_src=twsrc%5Etfw\">#ForoEmpresasyDDHH<\/a><br><br>Gobiernos, sector privado y sociedad civil de Am\u00e9rica Latina y el Caribe se reunieron en Santiago\ud83c\udde8\ud83c\uddf1para construir una agenda com\u00fan de empresas, <a href=\"https:\/\/twitter.com\/hashtag\/DerechosHumanos?src=hash&amp;ref_src=twsrc%5Etfw\">#DerechosHumanos<\/a> y medio ambiente\ud83c\udf3f<br><br>\u2139\ufe0f <a href=\"https:\/\/t.co\/ulD1IPSmAn\">https:\/\/t.co\/ulD1IPSmAn<\/a><a href=\"https:\/\/twitter.com\/WGBizHRs?ref_src=twsrc%5Etfw\">@WGBizHRs<\/a> <a href=\"https:\/\/twitter.com\/UNEP?ref_src=twsrc%5Etfw\">@UNEP<\/a> <a href=\"https:\/\/twitter.com\/SwedeninCOL?ref_src=twsrc%5Etfw\">@swedenincol<\/a> <a href=\"https:\/\/twitter.com\/uchile?ref_src=twsrc%5Etfw\">@uchile<\/a> <a href=\"https:\/\/twitter.com\/UNHumanRights?ref_src=twsrc%5Etfw\">@UNHumanRights<\/a> <a href=\"https:\/\/t.co\/9C68SZfRob\">https:\/\/t.co\/9C68SZfRob<\/a> <a href=\"https:\/\/t.co\/5y3MDwyDMo\">pic.twitter.com\/5y3MDwyDMo<\/a><\/p>&mdash; ONU Derechos Humanos &#8211; Am\u00e9rica del Sur (@ONU_derechos) <a href=\"https:\/\/twitter.com\/ONU_derechos\/status\/1712587434519667057?ref_src=twsrc%5Etfw\">October 12, 2023<\/a><\/blockquote><script async src=\"https:\/\/platform.twitter.com\/widgets.js\" charset=\"utf-8\"><\/script>\n<\/div><\/figure>\n\n\n\n<p>Bachelet, que foi Presidente do Chile durante dois mandatos, considerou que estamos perante \u201cuma oportunidade maravilhosa para todos estes atores envolvidos conversarem, chegarem a alguns acordos e tamb\u00e9m chegarem \u00e0 forma como as diverg\u00eancias s\u00e3o tratadas\u201d.<\/p>\n\n\n\n<p>O Ministro das Rela\u00e7\u00f5es Exteriores do Chile, Alberto van Klaveren, tamb\u00e9m parte do painel oficial de abertura, valorizou a continuidade das pol\u00edticas sobre o assunto em seu pa\u00eds e indicou que os esfor\u00e7os devem ser coordenado entre as diferentes entidades em toda a estrutura do Estado para promover uma conduta empresarial respons\u00e1vel.<\/p>\n\n\n\n<p>Entretanto, o Embaixador da Su\u00e9cia no Chile, Tomas Wiklund, disse que \u00e9 importante apoiar o espa\u00e7o social, que muitas vezes est\u00e1 sob constante press\u00e3o. \u201cA Am\u00e9rica Latina como regi\u00e3o \u00e9 uma das mais perigosas para os defensores ambientais\u201d, enfatizou.<\/p>\n\n\n\n<p>A mesa de abertura foi completada pela coordenadora regional de Governan\u00e7a Ambiental do Programa das Na\u00e7\u00f5es Unidas para o Meio Ambiente (PNUMA), Andrea Brusco, e pelo Embaixador da Uni\u00e3o Europeia no Chile, Le\u00f3n de la Torre.<\/p>\n\n\n\n<p>Outras altas autoridades chilenas que participaram do F\u00f3rum foram o Ministro da Justi\u00e7a e Direitos Humanos, Luis Cordero, e a Ministra do Meio Ambiente, Maisa Rojas.<\/p>\n\n\n\n<h2 class=\"wp-block-heading\">Os eixos tem\u00e1ticos do f\u00f3rum<\/h2>\n\n\n\n<p>O F\u00f3rum focou na rela\u00e7\u00e3o entre o Acordo de Escaz\u00fa e os <a href=\"https:\/\/www.ohchr.org\/documents\/publications\/guidingprinciplesbusinesshr_en.pdf\">Princ\u00edpios Orientadores da ONU sobre empresas e direitos humanos<\/a>, a transi\u00e7\u00e3o energ\u00e9tica justa e o papel dos Estados na prote\u00e7\u00e3o dos defensores dos direitos humanos. Tamb\u00e9m abordou a devida dilig\u00eancia ambiental em setores-chave, como agroneg\u00f3cio, minera\u00e7\u00e3o, finan\u00e7as, e o acesso a remedia\u00e7\u00f5es abrangentes.<\/p>\n\n\n\n<p>A discuss\u00e3o, que inclui representantes de governos, empresas, sociedade civil, povos ind\u00edgenas, organiza\u00e7\u00f5es internacionais e academia, procurou construir pontes entre a agenda empresarial e de direitos humanos e a agenda ambiental, que em muitos casos opera em silos.<\/p>\n\n\n\n<p>O VIII F\u00f3rum Regional foi organizado pelo Alto Comissariado das Na\u00e7\u00f5es Unidas para os Direitos Humanos e pelo Grupo de Trabalho da ONU sobre Empresas e Direitos Humanos no \u00e2mbito do projeto \u201cConduta Empresarial Respons\u00e1vel na Am\u00e9rica Latina e no Caribe (<a href=\"https:\/\/empresasyderechoshumanos.org\/\">CERALC<\/a>)\u201d, financiado pela Uni\u00e3o Europeia e implementado em conjunto com a Organiza\u00e7\u00e3o Internacional do Trabalho (OIT) e a Organiza\u00e7\u00e3o de Coopera\u00e7\u00e3o e Desenvolvimento Econ\u00f3mico (OCDE).<\/p>\n\n\n\n<p>O evento foi apoiado pela Ag\u00eancia Sueca de Coopera\u00e7\u00e3o para o Desenvolvimento Internacional, PNUMA, Governo do Chile, Funda\u00e7\u00e3o Konrad Adenauer, Funda\u00e7\u00e3o Avina e Pacto Global.<\/p>\n\n\n\n<p>FIM<\/p>\n\n\n\n<p><em>Para solicita\u00e7\u00f5es de imprensa, entre em contato com: Mar\u00eda Jeannette Moya (<a href=\"mailto:maria.moya@un.org\">maria.moya@un.org<\/a> \u2013 +56979996907) e Felipe Iturrieta (<a href=\"mailto:felipe.iturrietagonzalez@un.org\">felipe.iturrietagonzalez@un.org<\/a>).<\/em><\/p>\n\n\n\n<p class=\"has-text-align-center\"><em>Se preocupa com o mundo em que vivemos? Ent\u00e3o DEFENDA os direitos&nbsp;<\/em><br><em>de algu\u00e9m hoje.&nbsp;#Standup4humanrights e acesse&nbsp;<\/em><br><a href=\"http:\/\/www.standup4humanrights.org\/\">http:\/\/www.standup4humanrights.org<\/a><\/p>\n","protected":false},"excerpt":{"rendered":"<p>VIII F\u00f3rum de Empresas e Direitos Humanos foi realizado em Santiago, Chile.<\/p>\n","protected":false},"author":16,"featured_media":72231,"comment_status":"closed","ping_status":"closed","sticky":false,"template":"","format":"standard","meta":{"_uag_custom_page_level_css":"","site-sidebar-layout":"default","site-content-layout":"default","ast-site-content-layout":"default","site-content-style":"default","site-sidebar-style":"default","ast-global-header-display":"","ast-banner-title-visibility":"","ast-main-header-display":"","ast-hfb-above-header-display":"","ast-hfb-below-header-display":"","ast-hfb-mobile-header-display":"","site-post-title":"","ast-breadcrumbs-content":"","ast-featured-img":"","footer-sml-layout":"","theme-transparent-header-meta":"default","adv-header-id-meta":"","stick-header-meta":"default","header-above-stick-meta":"","header-main-stick-meta":"","header-below-stick-meta":"","astra-migrate-meta-layouts":"set","ast-page-background-enabled":"default","ast-page-background-meta":{"desktop":{"background-color":"","background-image":"","background-repeat":"repeat","background-position":"center center","background-size":"auto","background-attachment":"scroll","background-type":"","background-media":"","overlay-type":"","overlay-color":"","overlay-opacity":"","overlay-gradient":""},"tablet":{"background-color":"","background-image":"","background-repeat":"repeat","background-position":"center center","background-size":"auto","background-attachment":"scroll","background-type":"","background-media":"","overlay-type":"","overlay-color":"","overlay-opacity":"","overlay-gradient":""},"mobile":{"background-color":"","background-image":"","background-repeat":"repeat","background-position":"center center","background-size":"auto","background-attachment":"scroll","background-type":"","background-media":"","overlay-type":"","overlay-color":"","overlay-opacity":"","overlay-gradient":""}},"ast-content-background-meta":{"desktop":{"background-color":"var(--ast-global-color-5)","background-image":"","background-repeat":"repeat","background-position":"center center","background-size":"auto","background-attachment":"scroll","background-type":"","background-media":"","overlay-type":"","overlay-color":"","overlay-opacity":"","overlay-gradient":""},"tablet":{"background-color":"var(--ast-global-color-5)","background-image":"","background-repeat":"repeat","background-position":"center center","background-size":"auto","background-attachment":"scroll","background-type":"","background-media":"","overlay-type":"","overlay-color":"","overlay-opacity":"","overlay-gradient":""},"mobile":{"background-color":"var(--ast-global-color-5)","background-image":"","background-repeat":"repeat","background-position":"center center","background-size":"auto","background-attachment":"scroll","background-type":"","background-media":"","overlay-type":"","overlay-color":"","overlay-opacity":"","overlay-gradient":""}},"footnotes":""},"categories":[824,830],"tags":[902,862,863,864,866],"class_list":["post-72302","post","type-post","status-publish","format-standard","has-post-thumbnail","hentry","category-noticias","category-slide-portada-pt","tag-regiao","tag-ods-08-pt-br","tag-ods-09-pt-br","tag-ods-10-pt-br","tag-ods-12-pt-br"],"uagb_featured_image_src":{"full":["https:\/\/acnudh.org\/wp-content\/uploads\/2023\/10\/foto-9-e1697462916748.jpg",1524,676,false],"thumbnail":["https:\/\/acnudh.org\/wp-content\/uploads\/2023\/10\/foto-9-e1697462916748-110x110.jpg",110,110,true],"medium":["https:\/\/acnudh.org\/wp-content\/uploads\/2023\/10\/foto-9-e1697462916748-400x177.jpg",400,177,true],"medium_large":["https:\/\/acnudh.org\/wp-content\/uploads\/2023\/10\/foto-9-e1697462916748.jpg",1524,676,false],"large":["https:\/\/acnudh.org\/wp-content\/uploads\/2023\/10\/foto-9-e1697462916748-580x257.jpg",580,257,true],"1536x1536":["https:\/\/acnudh.org\/wp-content\/uploads\/2023\/10\/foto-9-1536x1027.jpg",1536,1027,true],"2048x2048":["https:\/\/acnudh.org\/wp-content\/uploads\/2023\/10\/foto-9-e1697462916748.jpg",1524,676,false]},"uagb_author_info":{"display_name":"Felipe Iturrieta","author_link":"https:\/\/acnudh.org\/pt-br\/author\/fiturrieta\/"},"uagb_comment_info":0,"uagb_excerpt":"VIII F\u00f3rum de Empresas e Direitos Humanos foi realizado em Santiago, Chile.","_links":{"self":[{"href":"https:\/\/acnudh.org\/pt-br\/wp-json\/wp\/v2\/posts\/72302","targetHints":{"allow":["GET"]}}],"collection":[{"href":"https:\/\/acnudh.org\/pt-br\/wp-json\/wp\/v2\/posts"}],"about":[{"href":"https:\/\/acnudh.org\/pt-br\/wp-json\/wp\/v2\/types\/post"}],"author":[{"embeddable":true,"href":"https:\/\/acnudh.org\/pt-br\/wp-json\/wp\/v2\/users\/16"}],"replies":[{"embeddable":true,"href":"https:\/\/acnudh.org\/pt-br\/wp-json\/wp\/v2\/comments?post=72302"}],"version-history":[{"count":8,"href":"https:\/\/acnudh.org\/pt-br\/wp-json\/wp\/v2\/posts\/72302\/revisions"}],"predecessor-version":[{"id":72348,"href":"https:\/\/acnudh.org\/pt-br\/wp-json\/wp\/v2\/posts\/72302\/revisions\/72348"}],"wp:featuredmedia":[{"embeddable":true,"href":"https:\/\/acnudh.org\/pt-br\/wp-json\/wp\/v2\/media\/72231"}],"wp:attachment":[{"href":"https:\/\/acnudh.org\/pt-br\/wp-json\/wp\/v2\/media?parent=72302"}],"wp:term":[{"taxonomy":"category","embeddable":true,"href":"https:\/\/acnudh.org\/pt-br\/wp-json\/wp\/v2\/categories?post=72302"},{"taxonomy":"post_tag","embeddable":true,"href":"https:\/\/acnudh.org\/pt-br\/wp-json\/wp\/v2\/tags?post=72302"}],"curies":[{"name":"wp","href":"https:\/\/api.w.org\/{rel}","templated":true}]}}