{"id":71059,"date":"2022-12-02T16:54:22","date_gmt":"2022-12-02T19:54:22","guid":{"rendered":"http:\/\/acnudh.org\/?p=71059"},"modified":"2023-01-09T15:20:23","modified_gmt":"2023-01-09T18:20:23","slug":"comite-da-onu-para-a-eliminacao-da-discriminacao-racial-publica-conclusoes-sobre-brasil","status":"publish","type":"post","link":"https:\/\/acnudh.org\/pt-br\/comite-da-onu-para-a-eliminacao-da-discriminacao-racial-publica-conclusoes-sobre-brasil\/","title":{"rendered":"Comit\u00ea da ONU para a Elimina\u00e7\u00e3o da Discrimina\u00e7\u00e3o Racial publica conclus\u00f5es sobre Brasil"},"content":{"rendered":"\n<p>GENEBRA (2 de dezembro de 2022) \u2013 O <a href=\"https:\/\/www.ohchr.org\/en\/treaty-bodies\/cerd\/membership\">Comit\u00ea das Na\u00e7\u00f5es Unidas para a Elimina\u00e7\u00e3o da Discrimina\u00e7\u00e3o Racial (CERD)<\/a> divulgou na sexta-feira conclus\u00f5es sobre seis pa\u00edses, entre eles o Brasil, ap\u00f3s revisar os Estados-partes em sua \u00faltima sess\u00e3o.<\/p>\n\n\n\n<p><\/p>\n\n\n\n<p>As conclus\u00f5es cont\u00eam as principais preocupa\u00e7\u00f5es e recomenda\u00e7\u00f5es do Comit\u00ea sobre a implementa\u00e7\u00e3o da <a href=\"https:\/\/www.ohchr.org\/en\/instruments-mechanisms\/instruments\/international-convention-elimination-all-forms-racial\">Conven\u00e7\u00e3o Internacional sobre a Elimina\u00e7\u00e3o de Todas as Formas de Discrimina\u00e7\u00e3o Racial<\/a>, bem como aspectos positivos.<\/p>\n\n\n\n<p><\/p>\n\n\n\n<p>Em rela\u00e7\u00e3o ao Brasil, o Comit\u00ea ficou alarmado com o uso persistente de for\u00e7a letal e excessiva por policiais e militares. Ele expressou a preocupa\u00e7\u00e3o com o uso de metralhadoras pesadas em \u00e1reas densamente povoadas durante incurs\u00f5es altamente militarizadas em favelas, resultando na morte e ferimentos de civis predominantemente afro-brasileiros, incluindo mulheres gr\u00e1vidas e crian\u00e7as. Exortou o Brasil a tomar medidas imediatas para prevenir e acabar com essas graves viola\u00e7\u00f5es contra os afro-brasileiros. Tamb\u00e9m pediu ao Estado-Parte que tomasse medidas decisivas para impedir o uso excessivo e letal da for\u00e7a por policiais e militares e recomendou uma s\u00e9rie de medidas diferentes.<\/p>\n\n\n\n<p><\/p>\n\n\n\n<p>O Comit\u00ea tamb\u00e9m expressou preocupa\u00e7\u00e3o com a situa\u00e7\u00e3o das mulheres negras e ind\u00edgenas, que s\u00e3o oprimidas pela interse\u00e7\u00e3o do racismo estrutural, da pobreza e do impacto negativo d\u00edspar da pandemia do COVID-19. Recomendou que o Estado Parte priorize o gozo dos direitos econ\u00f4micos e sociais das mulheres negras e ind\u00edgenas ao desenvolver medidas especiais.<\/p>\n\n\n\n<p><\/p>\n\n\n\n<p>As descobertas, oficialmente chamadas de Observa\u00e7\u00f5es Finais, est\u00e3o agora dispon\u00edveis online na <a href=\"https:\/\/tbinternet.ohchr.org\/_layouts\/15\/treatybodyexternal\/SessionDetails1.aspx?SessionID=2557&amp;Lang=en\">p\u00e1gina da sess\u00e3o<\/a>.<\/p>\n\n\n\n<p><\/p>\n\n\n\n<p>FIM<\/p>\n\n\n\n<p><\/p>\n\n\n\n<p><strong><em>Para mais informa\u00e7\u00f5es e solicita\u00e7\u00f5es de m\u00eddia em Genebra, entre em contato com:<br><\/em><\/strong><em>Vivian Kwok em <\/em><a href=\"mailto:vivian.kwok@un.org\"><em>vivian.kwok@un.org<\/em><\/a><em> ou<br>a Se\u00e7\u00e3o de M\u00eddia do Escrit\u00f3rio de Direitos Humanos da ONU em <\/em><a href=\"mailto:ohchr-media@un.org\"><em>ohchr-media@un.org<\/em><\/a><\/p>\n\n\n\n<p><\/p>\n\n\n\n<p><strong><em>Contexto<br><\/em><\/strong><em>O <a href=\"https:\/\/www.ohchr.org\/en\/treaty-bodies\/cerd\/membership\">Comit\u00ea para a Elimina\u00e7\u00e3o da Discrimina\u00e7\u00e3o Racial<\/a> monitora a ades\u00e3o dos Estados Partes \u00e0 <a href=\"https:\/\/www.ohchr.org\/en\/instruments-mechanisms\/instruments\/international-convention-elimination-all-forms-racial\">Conven\u00e7\u00e3o sobre a Elimina\u00e7\u00e3o de Todas as Formas de Discrimina\u00e7\u00e3o Racial<\/a>, que, at\u00e9 o momento, conta com <a href=\"https:\/\/treaties.un.org\/Pages\/ViewDetails.aspx?src=TREATY&amp;mtdsg_no=IV-2&amp;chapter=4&amp;clang=_en\">182<\/a> Estados Partes. O Comit\u00ea \u00e9 composto por <a href=\"https:\/\/www.ohchr.org\/en\/treaty-bodies\/cerd\/membership\">18 membros<\/a> que s\u00e3o especialistas independentes em direitos humanos provenientes de todo o mundo, que atuam a t\u00edtulo pessoal e n\u00e3o como representantes dos Estados Partes.<\/em><\/p>\n\n\n\n<p><\/p>\n\n\n\n<p><strong><em>Saiba mais com nossas anima\u00e7\u00f5es sobre o sistema de <a href=\"https:\/\/eur02.safelinks.protection.outlook.com\/?url=https%3A%2F%2Fyoutu.be%2F2zpjb6ht0EA&amp;data=05%7C01%7Cfelipe.iturrietagonzalez%40un.org%7C4312b843bb7b4e4efee008dad46f812c%7C0f9e35db544f4f60bdcc5ea416e6dc70%7C0%7C0%7C638055872617058832%7CUnknown%7CTWFpbGZsb3d8eyJWIjoiMC4wLjAwMDAiLCJQIjoiV2luMzIiLCJBTiI6Ik1haWwiLCJXVCI6Mn0%3D%7C3000%7C%7C%7C&amp;sdata=cyj7tUfLCWgdVq%2FvT7ykxvmxp7%2BMkwmRXhiVsLUfBLs%3D&amp;reserved=0\">Organismos de Tratado<\/a> e <a href=\"https:\/\/eur02.safelinks.protection.outlook.com\/?url=https%3A%2F%2Fyoutu.be%2Fe0nBUdsLphY&amp;data=05%7C01%7Cfelipe.iturrietagonzalez%40un.org%7C4312b843bb7b4e4efee008dad46f812c%7C0f9e35db544f4f60bdcc5ea416e6dc70%7C0%7C0%7C638055872617058832%7CUnknown%7CTWFpbGZsb3d8eyJWIjoiMC4wLjAwMDAiLCJQIjoiV2luMzIiLCJBTiI6Ik1haWwiLCJXVCI6Mn0%3D%7C3000%7C%7C%7C&amp;sdata=mwx9wkve7hLeylb%2FdtTQmOPkw%2BJQl%2BVIoJBpwBUYW90%3D&amp;reserved=0\">o Comit\u00ea para a Elimina\u00e7\u00e3o da Discrimina\u00e7\u00e3o Racial<\/a>!<\/em><\/strong><\/p>\n\n\n\n<p><\/p>\n\n\n\n<p class=\"has-text-align-center\"><strong><em>Siga os Organismos de Tratados da ONU nas redes sociais!<\/em><\/strong><\/p>\n\n\n\n<p class=\"has-text-align-center\"><strong><em>Estamos no Twitter @UNTreatyBodies<\/em><\/strong><\/p>\n\n\n\n<p><\/p>\n\n\n\n<p class=\"has-text-align-center\">Se preocupa com o mundo em que vivemos? Ent\u00e3o defenda os direitos humanos de algu\u00e9m hoje. #DefendaosDireitosHumanos e visite a p\u00e1gina: &nbsp;<a href=\"http:\/\/www.standup4humanrights.org\/es\">http:\/\/www.standup4humanrights.org\/<\/a><\/p>\n","protected":false},"excerpt":{"rendered":"<p>GENEBRA (2 de dezembro de 2022) \u2013 O Comit\u00ea das Na\u00e7\u00f5es Unidas para a Elimina\u00e7\u00e3o da Discrimina\u00e7\u00e3o Racial (CERD) divulgou na sexta-feira conclus\u00f5es sobre seis pa\u00edses, entre eles o Brasil, ap\u00f3s revisar os Estados-partes em sua \u00faltima sess\u00e3o. As conclus\u00f5es cont\u00eam as principais preocupa\u00e7\u00f5es e recomenda\u00e7\u00f5es do Comit\u00ea sobre a implementa\u00e7\u00e3o da Conven\u00e7\u00e3o Internacional sobre [&hellip;]<\/p>\n","protected":false},"author":16,"featured_media":71060,"comment_status":"closed","ping_status":"closed","sticky":false,"template":"","format":"standard","meta":{"_uag_custom_page_level_css":"","site-sidebar-layout":"default","site-content-layout":"default","ast-site-content-layout":"","site-content-style":"default","site-sidebar-style":"default","ast-global-header-display":"","ast-banner-title-visibility":"","ast-main-header-display":"","ast-hfb-above-header-display":"","ast-hfb-below-header-display":"","ast-hfb-mobile-header-display":"","site-post-title":"","ast-breadcrumbs-content":"","ast-featured-img":"","footer-sml-layout":"","theme-transparent-header-meta":"default","adv-header-id-meta":"","stick-header-meta":"default","header-above-stick-meta":"","header-main-stick-meta":"","header-below-stick-meta":"","astra-migrate-meta-layouts":"default","ast-page-background-enabled":"default","ast-page-background-meta":{"desktop":{"background-color":"","background-image":"","background-repeat":"repeat","background-position":"center center","background-size":"auto","background-attachment":"scroll","background-type":"","background-media":"","overlay-type":"","overlay-color":"","overlay-opacity":"","overlay-gradient":""},"tablet":{"background-color":"","background-image":"","background-repeat":"repeat","background-position":"center center","background-size":"auto","background-attachment":"scroll","background-type":"","background-media":"","overlay-type":"","overlay-color":"","overlay-opacity":"","overlay-gradient":""},"mobile":{"background-color":"","background-image":"","background-repeat":"repeat","background-position":"center center","background-size":"auto","background-attachment":"scroll","background-type":"","background-media":"","overlay-type":"","overlay-color":"","overlay-opacity":"","overlay-gradient":""}},"ast-content-background-meta":{"desktop":{"background-color":"var(--ast-global-color-5)","background-image":"","background-repeat":"repeat","background-position":"center center","background-size":"auto","background-attachment":"scroll","background-type":"","background-media":"","overlay-type":"","overlay-color":"","overlay-opacity":"","overlay-gradient":""},"tablet":{"background-color":"var(--ast-global-color-5)","background-image":"","background-repeat":"repeat","background-position":"center center","background-size":"auto","background-attachment":"scroll","background-type":"","background-media":"","overlay-type":"","overlay-color":"","overlay-opacity":"","overlay-gradient":""},"mobile":{"background-color":"var(--ast-global-color-5)","background-image":"","background-repeat":"repeat","background-position":"center center","background-size":"auto","background-attachment":"scroll","background-type":"","background-media":"","overlay-type":"","overlay-color":"","overlay-opacity":"","overlay-gradient":""}},"footnotes":""},"categories":[830],"tags":[810],"class_list":["post-71059","post","type-post","status-publish","format-standard","has-post-thumbnail","hentry","category-slide-portada-pt","tag-brasil-pt-br"],"uagb_featured_image_src":{"full":["https:\/\/acnudh.org\/wp-content\/uploads\/2022\/12\/ohchr_sm-e1669992570461.jpg",600,351,false],"thumbnail":["https:\/\/acnudh.org\/wp-content\/uploads\/2022\/12\/ohchr_sm-e1669992570461-110x110.jpg",110,110,true],"medium":["https:\/\/acnudh.org\/wp-content\/uploads\/2022\/12\/ohchr_sm-e1669992570461-400x234.jpg",400,234,true],"medium_large":["https:\/\/acnudh.org\/wp-content\/uploads\/2022\/12\/ohchr_sm-e1669992570461.jpg",600,351,false],"large":["https:\/\/acnudh.org\/wp-content\/uploads\/2022\/12\/ohchr_sm-e1669992570461-580x339.jpg",580,339,true],"1536x1536":["https:\/\/acnudh.org\/wp-content\/uploads\/2022\/12\/ohchr_sm-e1669992570461.jpg",600,351,false],"2048x2048":["https:\/\/acnudh.org\/wp-content\/uploads\/2022\/12\/ohchr_sm-e1669992570461.jpg",600,351,false]},"uagb_author_info":{"display_name":"Felipe Iturrieta","author_link":"https:\/\/acnudh.org\/pt-br\/author\/fiturrieta\/"},"uagb_comment_info":0,"uagb_excerpt":"GENEBRA (2 de dezembro de 2022) \u2013 O Comit\u00ea das Na\u00e7\u00f5es Unidas para a Elimina\u00e7\u00e3o da Discrimina\u00e7\u00e3o Racial (CERD) divulgou na sexta-feira conclus\u00f5es sobre seis pa\u00edses, entre eles o Brasil, ap\u00f3s revisar os Estados-partes em sua \u00faltima sess\u00e3o. As conclus\u00f5es cont\u00eam as principais preocupa\u00e7\u00f5es e recomenda\u00e7\u00f5es do Comit\u00ea sobre a implementa\u00e7\u00e3o da Conven\u00e7\u00e3o Internacional sobre&hellip;","_links":{"self":[{"href":"https:\/\/acnudh.org\/pt-br\/wp-json\/wp\/v2\/posts\/71059","targetHints":{"allow":["GET"]}}],"collection":[{"href":"https:\/\/acnudh.org\/pt-br\/wp-json\/wp\/v2\/posts"}],"about":[{"href":"https:\/\/acnudh.org\/pt-br\/wp-json\/wp\/v2\/types\/post"}],"author":[{"embeddable":true,"href":"https:\/\/acnudh.org\/pt-br\/wp-json\/wp\/v2\/users\/16"}],"replies":[{"embeddable":true,"href":"https:\/\/acnudh.org\/pt-br\/wp-json\/wp\/v2\/comments?post=71059"}],"version-history":[{"count":2,"href":"https:\/\/acnudh.org\/pt-br\/wp-json\/wp\/v2\/posts\/71059\/revisions"}],"predecessor-version":[{"id":71065,"href":"https:\/\/acnudh.org\/pt-br\/wp-json\/wp\/v2\/posts\/71059\/revisions\/71065"}],"wp:featuredmedia":[{"embeddable":true,"href":"https:\/\/acnudh.org\/pt-br\/wp-json\/wp\/v2\/media\/71060"}],"wp:attachment":[{"href":"https:\/\/acnudh.org\/pt-br\/wp-json\/wp\/v2\/media?parent=71059"}],"wp:term":[{"taxonomy":"category","embeddable":true,"href":"https:\/\/acnudh.org\/pt-br\/wp-json\/wp\/v2\/categories?post=71059"},{"taxonomy":"post_tag","embeddable":true,"href":"https:\/\/acnudh.org\/pt-br\/wp-json\/wp\/v2\/tags?post=71059"}],"curies":[{"name":"wp","href":"https:\/\/api.w.org\/{rel}","templated":true}]}}