{"id":70208,"date":"2022-07-28T13:15:40","date_gmt":"2022-07-28T17:15:40","guid":{"rendered":"http:\/\/acnudh.org\/?p=70208"},"modified":"2022-09-09T18:49:18","modified_gmt":"2022-09-09T21:49:18","slug":"bachelet-pede-acao-urgente-para-realizar-o-direito-humano-ao-meio-ambiente-saudavel-apos-reconhecimento-pela-assembleia-geral-da-onu","status":"publish","type":"post","link":"https:\/\/acnudh.org\/pt-br\/bachelet-pede-acao-urgente-para-realizar-o-direito-humano-ao-meio-ambiente-saudavel-apos-reconhecimento-pela-assembleia-geral-da-onu\/","title":{"rendered":"Bachelet pede a\u00e7\u00e3o urgente para realizar o direito humano ao meio ambiente saud\u00e1vel"},"content":{"rendered":"\n<p>GENEBRA\/NOVA YORK (28 de julho de 2022) \u2013 A Alta Comiss\u00e1ria das Na\u00e7\u00f5es Unidas para os Direitos Humanos, Michelle Bachelet, saudou hoje o reconhecimento do direito humano a um meio ambiente limpo, saud\u00e1vel e sustent\u00e1vel pela Assembleia Geral da ONU e pediu a\u00e7\u00f5es urgentes para torn\u00e1-lo uma realidade para todas as pessoas.<\/p>\n\n\n\n<p>\u201cEsta decis\u00e3o reflete que todos os direitos est\u00e3o ligados \u00e0 sa\u00fade do nosso meio ambiente. Todas as pessoas, em todos os lugares, t\u00eam o direito de comer, respirar e beber sem envenenar seus corpos, e a poder viver harmoniosamente com o mundo natural, sem amea\u00e7as crescentes de colapso do ecossistema e cat\u00e1strofe clim\u00e1tica\u201d, disse Bachelet.<\/p>\n\n\n\n<p>A resolu\u00e7\u00e3o 76\/300 da Assembleia Geral segue um texto hist\u00f3rico adotado pelo Conselho de Direitos Humanos em outubro passado, em sua pr\u00f3pria <a href=\"https:\/\/www.ohchr.org\/en\/hr-bodies\/hrc\/regular-sessions\/session48\/res-dec-stat\">resolu\u00e7\u00e3o 48\/13<\/a>.<\/p>\n\n\n\n<p>\u201cHoje \u00e9 um momento hist\u00f3rico, mas n\u00e3o basta afirmar nosso direito ao meio ambiente saud\u00e1vel. A resolu\u00e7\u00e3o da Assembleia Geral \u00e9 muito clara: os Estados devem implementar seus compromissos internacionais e ampliar seus esfor\u00e7os para realiz\u00e1-los. Todas e todos n\u00f3s sofreremos efeitos muito piores das crises ambientais, se n\u00e3o trabalharmos para evit\u00e1-las coletivamente agora\u201d, ela disse.<\/p>\n\n\n\n<p>Reconhecendo a tr\u00edplice crise planet\u00e1ria de mudan\u00e7a clim\u00e1tica, polui\u00e7\u00e3o e degrada\u00e7\u00e3o ambiental como o maior desafio de direitos humanos de nossa era, Bachelet h\u00e1 muito tempo clama por pol\u00edticas econ\u00f4micas, sociais e ambientais transformadoras que abordem as desigualdades e protejam as pessoas e o planeta &#8211; antes que os pontos de inflex\u00e3o sejam alcan\u00e7ados, o que tornaria qualquer a\u00e7\u00e3o demorada demais.<\/p>\n\n\n\n<p>\u201cPara sobreviver e prosperar, devemos investir na prote\u00e7\u00e3o ambiental e social centrada nos direitos humanos; responsabilizar devidamente os governos e empresas pelos danos ambientais; capacitar todas as pessoas para atuarem como agentes de mudan\u00e7a para um ambiente saud\u00e1vel; e reconhecer e defender os direitos das pessoas mais afetadas pela degrada\u00e7\u00e3o ambiental\u201d, enfatizou a Alta Comiss\u00e1ria.<\/p>\n\n\n\n<p>A a\u00e7\u00e3o ambiental baseada em obriga\u00e7\u00f5es de direitos humanos fornece barreiras vitais para pol\u00edticas econ\u00f4micas e modelos de neg\u00f3cios. Ela enfatiza a sustenta\u00e7\u00e3o de obriga\u00e7\u00f5es legais de agir, em vez de simplesmente de uma pol\u00edtica discricion\u00e1ria. Tamb\u00e9m \u00e9 mais eficaz, leg\u00edtima e sustent\u00e1vel, como ficou claro nos \u00faltimos relat\u00f3rios do Painel Intergovernamental sobre Mudan\u00e7as Clim\u00e1ticas e da Plataforma Intergovernamental de Pol\u00edticas Cient\u00edficas sobre Biodiversidade e Servi\u00e7os Ecossist\u00eamicos.<\/p>\n\n\n\n<p>\u201cA decis\u00e3o de hoje da Assembleia Geral marca o culminar de muitos anos de advocacia por ativistas do movimento de justi\u00e7a ambiental em todo o mundo. Sabemos a escala dos perigos que enfrentamos. Se quisermos proteger nosso planeta para as gera\u00e7\u00f5es presentes e futuras, agora \u00e9 hora de uma a\u00e7\u00e3o verdadeiramente ousada por parte dos governos e tamb\u00e9m do setor privado. E para todas e todos n\u00f3s nos unirmos para fazer do direito a um ambiente saud\u00e1vel nossa realidade vivida e compartilhada\u201d.<\/p>\n\n\n\n<p>FIM<\/p>\n\n\n\n<p><strong>Para mais informa\u00e7\u00f5es e solicita\u00e7\u00f5es de m\u00eddia, entre em contato:<\/strong><\/p>\n\n\n\n<p><strong>Em Genebra<\/strong><br>Liz Throssell &#8211; + 41 22 917 9296 \/ <a href=\"mailto:elizabeth.throssell@un.org\">elizabeth.throssell@un.org<\/a> ou Jeremy Laurence &#8211; +41 22 917 9383 \/ <a href=\"mailto:jeremy.laurence@un.org\">jeremy.laurence@un.org<\/a><\/p>\n\n\n\n<p><strong>Em Nova York<\/strong><br>Laura Gelbert +1 917 208 <a href=\"mailto:6656\/gelbert@un.org\">6656\/gelbert@un.org<\/a><\/p>\n\n\n\n<p class=\"has-text-align-center\">Se preocupa com o mundo em que vivemos? Ent\u00e3o DEFENDA os direitos de algu\u00e9m hoje #Standup4humanrights e visite a p\u00e1gina da web em <a href=\"http:\/\/www.standup4humanrights.org\">http:\/\/www.standup4humanrights.org<\/a><\/p>\n","protected":false},"excerpt":{"rendered":"<p>Ap\u00f3s reconhecimento pela Assembleia Geral da ONU<\/p>\n","protected":false},"author":16,"featured_media":70358,"comment_status":"closed","ping_status":"closed","sticky":false,"template":"","format":"standard","meta":{"_uag_custom_page_level_css":"","site-sidebar-layout":"default","site-content-layout":"default","ast-site-content-layout":"","site-content-style":"default","site-sidebar-style":"default","ast-global-header-display":"","ast-banner-title-visibility":"","ast-main-header-display":"","ast-hfb-above-header-display":"","ast-hfb-below-header-display":"","ast-hfb-mobile-header-display":"","site-post-title":"","ast-breadcrumbs-content":null,"ast-featured-img":"","footer-sml-layout":"","theme-transparent-header-meta":"default","adv-header-id-meta":"","stick-header-meta":"default","header-above-stick-meta":"","header-main-stick-meta":"","header-below-stick-meta":"","astra-migrate-meta-layouts":"default","ast-page-background-enabled":"default","ast-page-background-meta":{"desktop":{"background-color":"","background-image":"","background-repeat":"repeat","background-position":"center center","background-size":"auto","background-attachment":"scroll","background-type":"","background-media":"","overlay-type":"","overlay-color":"","overlay-opacity":"","overlay-gradient":""},"tablet":{"background-color":"","background-image":"","background-repeat":"repeat","background-position":"center center","background-size":"auto","background-attachment":"scroll","background-type":"","background-media":"","overlay-type":"","overlay-color":"","overlay-opacity":"","overlay-gradient":""},"mobile":{"background-color":"","background-image":"","background-repeat":"repeat","background-position":"center center","background-size":"auto","background-attachment":"scroll","background-type":"","background-media":"","overlay-type":"","overlay-color":"","overlay-opacity":"","overlay-gradient":""}},"ast-content-background-meta":{"desktop":{"background-color":"var(--ast-global-color-5)","background-image":"","background-repeat":"repeat","background-position":"center center","background-size":"auto","background-attachment":"scroll","background-type":"","background-media":"","overlay-type":"","overlay-color":"","overlay-opacity":"","overlay-gradient":""},"tablet":{"background-color":"var(--ast-global-color-5)","background-image":"","background-repeat":"repeat","background-position":"center center","background-size":"auto","background-attachment":"scroll","background-type":"","background-media":"","overlay-type":"","overlay-color":"","overlay-opacity":"","overlay-gradient":""},"mobile":{"background-color":"var(--ast-global-color-5)","background-image":"","background-repeat":"repeat","background-position":"center center","background-size":"auto","background-attachment":"scroll","background-type":"","background-media":"","overlay-type":"","overlay-color":"","overlay-opacity":"","overlay-gradient":""}},"footnotes":""},"categories":[824,830],"tags":[904,902,857,867],"class_list":["post-70208","post","type-post","status-publish","format-standard","has-post-thumbnail","hentry","category-noticias","category-slide-portada-pt","tag-mundo-pt-br","tag-regiao","tag-ods-03-pt-br","tag-ods-13-pt-br"],"uagb_featured_image_src":{"full":["https:\/\/acnudh.org\/wp-content\/uploads\/2022\/07\/FXi_mSmXoAEXah9-e1660052767153.jpeg",1159,762,false],"thumbnail":["https:\/\/acnudh.org\/wp-content\/uploads\/2022\/07\/FXi_mSmXoAEXah9-e1660052767153-110x110.jpeg",110,110,true],"medium":["https:\/\/acnudh.org\/wp-content\/uploads\/2022\/07\/FXi_mSmXoAEXah9-e1660052767153-400x263.jpeg",400,263,true],"medium_large":["https:\/\/acnudh.org\/wp-content\/uploads\/2022\/07\/FXi_mSmXoAEXah9-e1660052767153.jpeg",1159,762,false],"large":["https:\/\/acnudh.org\/wp-content\/uploads\/2022\/07\/FXi_mSmXoAEXah9-e1660052767153-580x381.jpeg",580,381,true],"1536x1536":["https:\/\/acnudh.org\/wp-content\/uploads\/2022\/07\/FXi_mSmXoAEXah9-e1660052767153.jpeg",1159,762,false],"2048x2048":["https:\/\/acnudh.org\/wp-content\/uploads\/2022\/07\/FXi_mSmXoAEXah9-e1660052767153.jpeg",1159,762,false]},"uagb_author_info":{"display_name":"Felipe Iturrieta","author_link":"https:\/\/acnudh.org\/pt-br\/author\/fiturrieta\/"},"uagb_comment_info":0,"uagb_excerpt":"Ap\u00f3s reconhecimento pela Assembleia Geral da ONU","_links":{"self":[{"href":"https:\/\/acnudh.org\/pt-br\/wp-json\/wp\/v2\/posts\/70208","targetHints":{"allow":["GET"]}}],"collection":[{"href":"https:\/\/acnudh.org\/pt-br\/wp-json\/wp\/v2\/posts"}],"about":[{"href":"https:\/\/acnudh.org\/pt-br\/wp-json\/wp\/v2\/types\/post"}],"author":[{"embeddable":true,"href":"https:\/\/acnudh.org\/pt-br\/wp-json\/wp\/v2\/users\/16"}],"replies":[{"embeddable":true,"href":"https:\/\/acnudh.org\/pt-br\/wp-json\/wp\/v2\/comments?post=70208"}],"version-history":[{"count":6,"href":"https:\/\/acnudh.org\/pt-br\/wp-json\/wp\/v2\/posts\/70208\/revisions"}],"predecessor-version":[{"id":70231,"href":"https:\/\/acnudh.org\/pt-br\/wp-json\/wp\/v2\/posts\/70208\/revisions\/70231"}],"wp:featuredmedia":[{"embeddable":true,"href":"https:\/\/acnudh.org\/pt-br\/wp-json\/wp\/v2\/media\/70358"}],"wp:attachment":[{"href":"https:\/\/acnudh.org\/pt-br\/wp-json\/wp\/v2\/media?parent=70208"}],"wp:term":[{"taxonomy":"category","embeddable":true,"href":"https:\/\/acnudh.org\/pt-br\/wp-json\/wp\/v2\/categories?post=70208"},{"taxonomy":"post_tag","embeddable":true,"href":"https:\/\/acnudh.org\/pt-br\/wp-json\/wp\/v2\/tags?post=70208"}],"curies":[{"name":"wp","href":"https:\/\/api.w.org\/{rel}","templated":true}]}}