{"id":69565,"date":"2022-04-28T10:17:37","date_gmt":"2022-04-28T13:17:37","guid":{"rendered":"http:\/\/acnudh.org\/?p=69565"},"modified":"2022-05-17T18:33:30","modified_gmt":"2022-05-17T22:33:30","slug":"69565","status":"publish","type":"post","link":"https:\/\/acnudh.org\/pt-br\/69565\/","title":{"rendered":"Brasil: procedimentos criminais contra ex-presidente Lula da Silva violaram as garantias processuais devidas, conclui Comit\u00ea ONU"},"content":{"rendered":"\n<p>GENEBRA (28 de abril de 2022) \u2013 A investiga\u00e7\u00e3o e o processo penal&nbsp; contra o ex-presidente Lula da Silva violaram seu direito a ser julgado por um tribunal imparcial, seu direito \u00e0 privacidade e seus direitos pol\u00edticos, concluiu o&nbsp;<a href=\"https:\/\/www.ohchr.org\/en\/treaty-bodies\/ccpr\">Comit\u00ea de Direitos Humanos da ONU<\/a>.&nbsp;<\/p>\n\n\n\n<p>O Comit\u00ea emitiu sua&nbsp;<a href=\"https:\/\/tbinternet.ohchr.org\/_layouts\/15\/treatybodyexternal\/Download.aspx?symbolno=CCPR%2fC%2f134%2fD%2f2841%2f2016&amp;Lang=en\">decis\u00e3o<\/a>&nbsp;ap\u00f3s considerar uma queixa apresentada por Luiz In\u00e1cio Lula da Silva, ex-presidente do Brasil de 2003 a 2010, sobre como ele foi levado a julgamento na maior investiga\u00e7\u00e3o sobre corrup\u00e7\u00e3o do pa\u00eds.<\/p>\n\n\n\n<p>\u201cEmbora os Estados tenham o dever de investigar e processar os atos de corrup\u00e7\u00e3o e manter a popula\u00e7\u00e3o informada, especialmente em rela\u00e7\u00e3o a um ex-chefe de Estado, tais a\u00e7\u00f5es devem ser conduzidas de forma justa e respeitar as garantias do devido processo legal\u201d, disse o membro do Comit\u00ea Arif Bulkan.<\/p>\n\n\n\n<p>O ex-presidente Lula foi investigado em 2016 em raz\u00e3o de seu suposto envolvimento em dois casos na \u201cOpera\u00e7\u00e3o Lava Jato\u201d, uma extensa investiga\u00e7\u00e3o criminal no Brasil que revelou corrup\u00e7\u00e3o entre a empresa estatal petrol\u00edfera Petrobras, e v\u00e1rias empresas de constru\u00e7\u00e3o, e pol\u00edticos brasileiros para obter financiamento secreto de campanhas. A investiga\u00e7\u00e3o foi conduzida debaixo da supervis\u00e3o do ent\u00e3o juiz federal Sergio Moro.&nbsp;<\/p>\n\n\n\n<p>Durante as investiga\u00e7\u00f5es, o ex-juiz Moro aprovou um pedido de procuradores para interceptar os telefones de Lula, de seus familiares e advogados. Ele tamb\u00e9m divulgou o conte\u00fado das grava\u00e7\u00f5es antes de instaurar formalmente as acusa\u00e7\u00f5es. O juiz tamb\u00e9m emitiu um mandado de condu\u00e7\u00e3o coercitiva para levar Lula a prestar depoimento. O mandado foi vazado \u00e0 imprensa e, na sequ\u00eancia, fotografias de Lula foram tiradas pela m\u00eddia como se ele estivesse preso.<\/p>\n\n\n\n<p>O ent\u00e3o juiz Moro condenou Lula a nove anos de pris\u00e3o em julho de 2017. No ano seguinte, em janeiro, sua pena foi aumentada para 12 anos pelo tribunal regional federal. Em abril de 2018, ele come\u00e7ou a cumprir sua pena com recursos ainda pendentes.&nbsp;<\/p>\n\n\n\n<p>O Tribunal Superior Eleitoral rejeitou a candidatura de Lula para as elei\u00e7\u00f5es presidenciais de outubro com o fundamento de que a legisla\u00e7\u00e3o no pa\u00eds impede qualquer pessoa condenada por certos crimes e sob certas condi\u00e7\u00f5es a concorrer para cargos p\u00fablicos, inclusive com recursos pendentes.<\/p>\n\n\n\n<p>O Supremo Tribunal Federal anulou a condena\u00e7\u00e3o de Lula em 2021, decidindo que o ent\u00e3o juiz Moro n\u00e3o tinha jurisdi\u00e7\u00e3o para investigar e julgar esses casos, e anulou a investiga\u00e7\u00e3o com base em que o ent\u00e3o juiz n\u00e3o era considerado imparcial.&nbsp;<\/p>\n\n\n\n<p>\u201cEmbora o Supremo Tribunal Federal tenha anulado a condena\u00e7\u00e3o e pris\u00e3o de Lula em 2021, essas decis\u00f5es n\u00e3o foram suficientemente oportunas e efetivas para evitar ou reparar as viola\u00e7\u00f5es\u201d, comentou Bulkan.<\/p>\n\n\n\n<p>O Comit\u00ea considerou que o mandado de apreens\u00e3o, emitido em viola\u00e7\u00e3o ao direito interno, violou o direito de Lula a sua liberdade pessoal, e que as grava\u00e7\u00f5es e divulga\u00e7\u00e3o p\u00fablica de suas conversas violou seu direito \u00e0 privacidade.<\/p>\n\n\n\n<p>Ele concluiu que a conduta e outros atos p\u00fablicos do ent\u00e3o juiz Moro violaram o direito de Lula a ser julgado por um tribunal imparcial; e que as a\u00e7\u00f5es e declara\u00e7\u00f5es p\u00fablicas do ex-juiz Moro e dos procuradores violaram o direito de Lula \u00e0 presun\u00e7\u00e3o de inoc\u00eancia.&nbsp;<\/p>\n\n\n\n<p>O Comit\u00ea tamb\u00e9m considerou que tais viola\u00e7\u00f5es processuais tornaram arbitr\u00e1ria a proibi\u00e7\u00e3o a Lula de concorrer \u00e0 presid\u00eancia e, portanto, em viola\u00e7\u00e3o de seus direitos pol\u00edticos, incluindo seu direito de apresentar candidatura a elei\u00e7\u00f5es para cargos p\u00fablicos. O \u00f3rg\u00e3o instou o Brasil a assegurar que quaisquer outros procedimentos criminais contra Lula cumpram com as garantias do devido processo legal, e a prevenir viola\u00e7\u00f5es semelhantes no futuro.&nbsp;<\/p>\n\n\n\n<p>FIM<\/p>\n\n\n\n<p><strong><em>Para mais informa\u00e7\u00f5es e solicita\u00e7\u00f5es de m\u00eddia em Genebra, entre em contato com:&nbsp;<br><\/em><\/strong><em>Vivian Kwok em +41 (0) 22 917 9362 \/&nbsp;&nbsp;<\/em><a href=\"mailto:vivian.kwok@un.org\"><em>vivian.kwok@un.org<\/em><\/a><em>&nbsp;ou Se\u00e7\u00e3o de M\u00eddia do Escrit\u00f3rio de Direitos Humanos da ONU em +41 (0) 22 928 9855 \/&nbsp;<\/em><a href=\"mailto:ohchr-media@un.org\"><em>ohchr-media@un.org<\/em><\/a><\/p>\n\n\n\n<p><strong><em>Contexto<\/em><\/strong><\/p>\n\n\n\n<p><em>O&nbsp;<a href=\"https:\/\/www.ohchr.org\/es\/treaty-bodies\/ccpr\">Comit\u00ea de Direitos Humanos<\/a>&nbsp;monitora a ades\u00e3o dos Estados Partes ao&nbsp;<a href=\"https:\/\/www.ohchr.org\/es\/instruments-mechanisms\/instruments\/international-covenant-civil-and-political-rights\">Pacto Internacional sobre Direitos Civis e Pol\u00edticos<\/a>, que at\u00e9 o momento foi ratificado por&nbsp;<a href=\"https:\/\/treaties.un.org\/Pages\/ViewDetails.aspx?src=TREATY&amp;mtdsg_no=IV-4&amp;chapter=4&amp;clang=_en\">173 Estados Partes<\/a>. O Comit\u00ea \u00e9 composto por&nbsp;<a href=\"https:\/\/www.ohchr.org\/es\/treaty-bodies\/ccpr\/membership\">18 membros<\/a>&nbsp;que s\u00e3o especialistas independentes em direitos humanos provenientes de todo o mundo, que atuam em sua capacidade pessoal e n\u00e3o como representantes de Estados Partes. O Protocolo Facultativo ao Pacto Internacional sobre Direitos Civis e Pol\u00edticos permite que indiv\u00edduos apresentem queixas contra os 116 Estados Partes do Protocolo Facultativo por viola\u00e7\u00f5es de seus direitos consagrados no Pacto. O Protocolo Facultativo imp\u00f5e aos Estados Partes a obriga\u00e7\u00e3o legal internacional de cumprir de boa f\u00e9 as opini\u00f5es do Comit\u00ea. Mais informa\u00e7\u00f5es sobre os&nbsp;<a href=\"https:\/\/www.ohchr.org\/es\/treaty-bodies\/human-rights-bodies-complaints-procedures\">Procedimentos de Reclama\u00e7\u00f5es<\/a>&nbsp;est\u00e3o dispon\u00edveis no site do&nbsp;<\/em><a href=\"https:\/\/www.ohchr.org\/en\/treaty-bodies\/ccpr\"><em>Comit\u00ea<\/em><\/a><em>.<\/em><\/p>\n\n\n\n<p><em>Saiba mais com nossos v\u00eddeos sobre o sistema de&nbsp;<\/em><a href=\"https:\/\/youtu.be\/2zpjb6ht0EA\"><em>\u00d3rg\u00e3os de Tratados<\/em><\/a><em>&nbsp;e sobre o&nbsp;<\/em><a href=\"https:\/\/www.youtube.com\/watch?v=pZJgu_t3c10&amp;feature=youtu.be\"><em>Comit\u00ea de Direitos Humanos.<\/em><\/a> <br><em>Siga os \u00d3rg\u00e3os do Tratado da ONU nas redes sociais! Estamos no Twitter @UNTreatyBodies<\/em><\/p>\n\n\n\n<p><em>Fonte: portal dos <a rel=\"noreferrer noopener\" href=\"https:\/\/www.ohchr.org\/en\/treaty-bodies\/ccpr\" target=\"_blank\">\u00d3rg\u00e3os de Tratados<\/a><a href=\"https:\/\/www.ohchr.org\/en\/press-releases\/2022\/04\/brazil-criminal-proceedings-against-former-president-lula-da-silva-violated\"> da ONU<\/a><\/em><\/p>\n\n\n\n<p class=\"has-text-align-center\">Se preocupa com o mundo em que vivemos? Ent\u00e3o DEFENDA os direitos de algu\u00e9m hoje #Standup4humanrights e visite a p\u00e1gina da web em&nbsp;<a rel=\"noreferrer noopener\" href=\"http:\/\/www.standup4humanrights.org\/\" target=\"_blank\">http:\/\/www.standup4humanrights.org<\/a><\/p>\n","protected":false},"excerpt":{"rendered":"<p>GENEBRA (28 de abril de 2022) \u2013 A investiga\u00e7\u00e3o e o processo penal&nbsp; contra o ex-presidente Lula da Silva violaram seu direito a ser julgado por um tribunal imparcial, seu direito \u00e0 privacidade e seus direitos pol\u00edticos, concluiu o&nbsp;Comit\u00ea de Direitos Humanos da ONU.&nbsp; O Comit\u00ea emitiu sua&nbsp;decis\u00e3o&nbsp;ap\u00f3s considerar uma queixa apresentada por Luiz In\u00e1cio [&hellip;]<\/p>\n","protected":false},"author":5,"featured_media":68664,"comment_status":"closed","ping_status":"closed","sticky":false,"template":"","format":"standard","meta":{"_uag_custom_page_level_css":"","site-sidebar-layout":"default","site-content-layout":"default","ast-site-content-layout":"","site-content-style":"default","site-sidebar-style":"default","ast-global-header-display":"","ast-banner-title-visibility":"","ast-main-header-display":"","ast-hfb-above-header-display":"","ast-hfb-below-header-display":"","ast-hfb-mobile-header-display":"","site-post-title":"","ast-breadcrumbs-content":"","ast-featured-img":"","footer-sml-layout":"","theme-transparent-header-meta":"default","adv-header-id-meta":"","stick-header-meta":"default","header-above-stick-meta":"","header-main-stick-meta":"","header-below-stick-meta":"","astra-migrate-meta-layouts":"default","ast-page-background-enabled":"default","ast-page-background-meta":{"desktop":{"background-color":"","background-image":"","background-repeat":"repeat","background-position":"center center","background-size":"auto","background-attachment":"scroll","background-type":"","background-media":"","overlay-type":"","overlay-color":"","overlay-opacity":"","overlay-gradient":""},"tablet":{"background-color":"","background-image":"","background-repeat":"repeat","background-position":"center center","background-size":"auto","background-attachment":"scroll","background-type":"","background-media":"","overlay-type":"","overlay-color":"","overlay-opacity":"","overlay-gradient":""},"mobile":{"background-color":"","background-image":"","background-repeat":"repeat","background-position":"center center","background-size":"auto","background-attachment":"scroll","background-type":"","background-media":"","overlay-type":"","overlay-color":"","overlay-opacity":"","overlay-gradient":""}},"ast-content-background-meta":{"desktop":{"background-color":"var(--ast-global-color-5)","background-image":"","background-repeat":"repeat","background-position":"center center","background-size":"auto","background-attachment":"scroll","background-type":"","background-media":"","overlay-type":"","overlay-color":"","overlay-opacity":"","overlay-gradient":""},"tablet":{"background-color":"var(--ast-global-color-5)","background-image":"","background-repeat":"repeat","background-position":"center center","background-size":"auto","background-attachment":"scroll","background-type":"","background-media":"","overlay-type":"","overlay-color":"","overlay-opacity":"","overlay-gradient":""},"mobile":{"background-color":"var(--ast-global-color-5)","background-image":"","background-repeat":"repeat","background-position":"center center","background-size":"auto","background-attachment":"scroll","background-type":"","background-media":"","overlay-type":"","overlay-color":"","overlay-opacity":"","overlay-gradient":""}},"footnotes":""},"categories":[824],"tags":[810,907,908],"class_list":["post-69565","post","type-post","status-publish","format-standard","has-post-thumbnail","hentry","category-noticias","tag-brasil-pt-br","tag-justica-e-instituicoes-fortes","tag-ods-16-paz-pt-br"],"uagb_featured_image_src":{"full":["https:\/\/acnudh.org\/wp-content\/uploads\/2022\/02\/UN7177181_6ab_-e1644593797228.jpg",1200,714,false],"thumbnail":["https:\/\/acnudh.org\/wp-content\/uploads\/2022\/02\/UN7177181_6ab_-e1644593797228-110x110.jpg",110,110,true],"medium":["https:\/\/acnudh.org\/wp-content\/uploads\/2022\/02\/UN7177181_6ab_-e1644593797228-400x238.jpg",400,238,true],"medium_large":["https:\/\/acnudh.org\/wp-content\/uploads\/2022\/02\/UN7177181_6ab_-e1644593797228.jpg",1200,714,false],"large":["https:\/\/acnudh.org\/wp-content\/uploads\/2022\/02\/UN7177181_6ab_-e1644593797228-580x345.jpg",580,345,true],"1536x1536":["https:\/\/acnudh.org\/wp-content\/uploads\/2022\/02\/UN7177181_6ab_-e1644593797228.jpg",1200,714,false],"2048x2048":["https:\/\/acnudh.org\/wp-content\/uploads\/2022\/02\/UN7177181_6ab_-e1644593797228.jpg",1200,714,false]},"uagb_author_info":{"display_name":"mmoya","author_link":"https:\/\/acnudh.org\/pt-br\/author\/mmoya\/"},"uagb_comment_info":0,"uagb_excerpt":"GENEBRA (28 de abril de 2022) \u2013 A investiga\u00e7\u00e3o e o processo penal&nbsp; contra o ex-presidente Lula da Silva violaram seu direito a ser julgado por um tribunal imparcial, seu direito \u00e0 privacidade e seus direitos pol\u00edticos, concluiu o&nbsp;Comit\u00ea de Direitos Humanos da ONU.&nbsp; O Comit\u00ea emitiu sua&nbsp;decis\u00e3o&nbsp;ap\u00f3s considerar uma queixa apresentada por Luiz In\u00e1cio&hellip;","_links":{"self":[{"href":"https:\/\/acnudh.org\/pt-br\/wp-json\/wp\/v2\/posts\/69565","targetHints":{"allow":["GET"]}}],"collection":[{"href":"https:\/\/acnudh.org\/pt-br\/wp-json\/wp\/v2\/posts"}],"about":[{"href":"https:\/\/acnudh.org\/pt-br\/wp-json\/wp\/v2\/types\/post"}],"author":[{"embeddable":true,"href":"https:\/\/acnudh.org\/pt-br\/wp-json\/wp\/v2\/users\/5"}],"replies":[{"embeddable":true,"href":"https:\/\/acnudh.org\/pt-br\/wp-json\/wp\/v2\/comments?post=69565"}],"version-history":[{"count":5,"href":"https:\/\/acnudh.org\/pt-br\/wp-json\/wp\/v2\/posts\/69565\/revisions"}],"predecessor-version":[{"id":69572,"href":"https:\/\/acnudh.org\/pt-br\/wp-json\/wp\/v2\/posts\/69565\/revisions\/69572"}],"wp:featuredmedia":[{"embeddable":true,"href":"https:\/\/acnudh.org\/pt-br\/wp-json\/wp\/v2\/media\/68664"}],"wp:attachment":[{"href":"https:\/\/acnudh.org\/pt-br\/wp-json\/wp\/v2\/media?parent=69565"}],"wp:term":[{"taxonomy":"category","embeddable":true,"href":"https:\/\/acnudh.org\/pt-br\/wp-json\/wp\/v2\/categories?post=69565"},{"taxonomy":"post_tag","embeddable":true,"href":"https:\/\/acnudh.org\/pt-br\/wp-json\/wp\/v2\/tags?post=69565"}],"curies":[{"name":"wp","href":"https:\/\/api.w.org\/{rel}","templated":true}]}}