{"id":69438,"date":"2022-04-07T17:01:28","date_gmt":"2022-04-07T20:01:28","guid":{"rendered":"http:\/\/acnudh.org\/?p=69438"},"modified":"2022-04-26T09:59:41","modified_gmt":"2022-04-26T12:59:41","slug":"apos-atacar-ucrania-russia-e-suspensa-do-conselho-de-direitos-humanos","status":"publish","type":"post","link":"https:\/\/acnudh.org\/pt-br\/apos-atacar-ucrania-russia-e-suspensa-do-conselho-de-direitos-humanos\/","title":{"rendered":"Ap\u00f3s atacar Ucr\u00e2nia, R\u00fassia \u00e9 suspensa do Conselho de Direitos Humanos"},"content":{"rendered":"\n<p>A Assembleia\nGeral das Na\u00e7\u00f5es Unidas aprovou, nesta quinta-feira, uma resolu\u00e7\u00e3o suspendendo\nos direitos de participa\u00e7\u00e3o da Federa\u00e7\u00e3o Russa no Conselho de Direitos Humanos.\nO debate ocorreu ap\u00f3s a viol\u00eancia reportada contra civis em Bucha, nos\narredores da capital ucraniana, Kyiv, na \u00faltima semana.<\/p>\n\n\n\n<p>A vota\u00e7\u00e3o previa maioria por dois ter\u00e7os\ndos votos v\u00e1lidos para ser adotada. O texto obteve 93 votos a favor, 24 contra\ne 58 absten\u00e7\u00f5es. O Brasil discursou dizendo que iria se abster. Esta foi tamb\u00e9m\na posi\u00e7\u00e3o de Angola, Cabo Verde, Mo\u00e7ambique e Guin\u00e9-Bissau. Portugal e\nTimor-Leste votaram pela ado\u00e7\u00e3o da resolu\u00e7\u00e3o. S\u00e3o Tom\u00e9 e Pr\u00edncipe n\u00e3o\nparticipou da sess\u00e3o.<\/p>\n\n\n\n<figure class=\"wp-block-image\"><img loading=\"lazy\" decoding=\"async\" width=\"580\" height=\"386\" src=\"http:\/\/acnudh.org\/wp-content\/uploads\/2022\/04\/image1024x768-580x386.jpg\" alt=\"\" class=\"wp-image-69431\" srcset=\"https:\/\/acnudh.org\/wp-content\/uploads\/2022\/04\/image1024x768-580x386.jpg 580w, https:\/\/acnudh.org\/wp-content\/uploads\/2022\/04\/image1024x768-400x266.jpg 400w, https:\/\/acnudh.org\/wp-content\/uploads\/2022\/04\/image1024x768.jpg 1024w\" sizes=\"auto, (max-width: 580px) 100vw, 580px\" \/><figcaption>Assembleia Geral vota a ades\u00e3o da R\u00fassia ao Conselho de Direitos Humanos. Fonte: ONU News.<\/figcaption><\/figure>\n\n\n\n<h4 class=\"wp-block-heading\"><strong>Resolu\u00e7\u00e3o<\/strong><\/h4>\n\n\n\n<p>A resolu\u00e7\u00e3o afirma que h\u00e1\nviola\u00e7\u00f5es e abusos \u201cgrosseiros e sistem\u00e1ticos\u201d contra os direitos humanos cometidos\npela R\u00fassia durante a agress\u00e3o contra a Ucr\u00e2nia.<\/p>\n\n\n\n<p>O texto cita as duas\nresolu\u00e7\u00f5es aprovadas pela Assembleia Geral sobre a guerra no leste europeu,\nadotadas em mar\u00e7o, que repudiam a viol\u00eancia russa.<\/p>\n\n\n\n<p>O documento expressa\npreocupa\u00e7\u00e3o com a atual crise humanit\u00e1ria e de direitos humanos, baseada nos\nrelat\u00f3rios de viola\u00e7\u00f5es dos direitos humanos e do direito internacional\nhumanit\u00e1rio pela R\u00fassia.<\/p>\n\n\n\n<p>De acordo com o conte\u00fado,\nforam levadas em conta as express\u00f5es de preocupa\u00e7\u00e3o nas declara\u00e7\u00f5es do\nsecret\u00e1rio-geral da ONU, Ant\u00f3nio Guterres, e da alta comiss\u00e1ria para Direitos\nHumanos da ONU, Michelle Bachelet.&nbsp;<\/p>\n\n\n\n<p>A \u00faltima atualiza\u00e7\u00e3o sobre\na situa\u00e7\u00e3o dos direitos humanos na Ucr\u00e2nia, elaborada pela Miss\u00e3o de\nMonitoramento dos Direitos Humanos na Ucr\u00e2nia, tamb\u00e9m foi considerada pelos\nautores da resolu\u00e7\u00e3o.<\/p>\n\n\n\n<p>Al\u00e9m de suspender os\ndireitos de participa\u00e7\u00e3o da R\u00fassia no Conselho de Direitos Humanos, o texto\nprev\u00ea que a Assembleia Geral afirme que deve revisar o assunto, conforme\napropriado e adiar, temporariamente, a 11\u00aa sess\u00e3o especial de emerg\u00eancia da\nAssembleia, autorizando a retomada mediante a solicita\u00e7\u00e3o dos Estados-membros.<\/p>\n\n\n\n<h4 class=\"wp-block-heading\">Reuni\u00e3o<\/h4>\n\n\n\n<p>O embaixador da Ucr\u00e2nia na ONU, Sergiy\nKyslytsya, abriu o debate relembrando os prim\u00f3rdios do Conselho de Direitos\nHumanos e seus princ\u00edpios, afirmando que as cenas vistas nas \u00faltimas semanas\ncontra seu pa\u00eds v\u00e3o contra eles.<\/p>\n\n\n\n<p>Ele afirmou que a suspens\u00e3o dos direitos\nde membro da Federa\u00e7\u00e3o Russa no Conselho de Direitos Humanos por parte da\nAssembleia Geral \u201cn\u00e3o \u00e9 uma op\u00e7\u00e3o, mas um dever\u201d, evocando o compromisso de\nretirar Estados que cometessem \u201cviola\u00e7\u00f5es graves e sistem\u00e1ticas dos direitos\nhumanos\u201d.<\/p>\n\n\n\n<p>O representante russo, Gennady Kuzmin,\nfalou em resposta, alegando que a resolu\u00e7\u00e3o \u00e9 uma tentativa de isolar o pa\u00eds, a\npartir da iniciativa de alguns membros da ONU. Para ele, a R\u00fassia defende,\nconsistentemente, o princ\u00edpio de coopera\u00e7\u00e3o, baseado em respeito m\u00fatuo.<\/p>\n\n\n\n<p>Ele tamb\u00e9m rejeitou as alega\u00e7\u00f5es contra\no pa\u00eds, que afirma estarem baseadas em informa\u00e7\u00f5es falsas. Kuzmin pediu aos\npa\u00edses que votassem contra o texto para proteger a arquitetura dos direitos\nhumanos.<\/p>\n\n\n\n<h4 class=\"wp-block-heading\">Brasil<\/h4>\n\n\n\n<p>Representando o \u00fanico pa\u00eds de l\u00edngua\nportuguesa a justificar o voto, o embaixador do Brasil na ONU, Ronaldo Costa\nFilho, lamentou os ocorridos em Bucha, afirmando que as imagens e relatos de\ntorturas e mortes s\u00e3o profundamente perturbadoras.<\/p>\n\n\n\n<p>Ele lembrou que uma comiss\u00e3o de\ninqu\u00e9rito est\u00e1 trabalhando para investigar as viola\u00e7\u00f5es aos direitos\nhumanit\u00e1rios.&nbsp;<\/p>\n\n\n\n<p>Costa Filho disse que todas as partes\ndevem colaborar para que o trabalho seja conclu\u00eddo de forma precisa e\nimparcial.<\/p>\n\n\n\n<p>O representante brasileiro declarou que\no pa\u00eds iria abster-se do voto, buscando uma conclus\u00e3o da comiss\u00e3o de inqu\u00e9rito\npara responsabilizar as partes de forma acertada.&nbsp;<\/p>\n\n\n\n<p>Para ele, apenas ap\u00f3s a finaliza\u00e7\u00e3o das investiga\u00e7\u00f5es, a Assembleia Geral estaria numa posi\u00e7\u00e3o adequada para avaliar a perman\u00eancia da R\u00fassia no Conselho.<\/p>\n\n\n\n<p>FIM<\/p>\n\n\n\n<p>Fonte: <a href=\"https:\/\/news.un.org\/pt\/story\/2022\/04\/1785472\">ONU News<\/a><\/p>\n\n\n\n<p style=\"text-align:center\">Se preocupa com o mundo em que vivemos? Ent\u00e3o defenda os direitos humanos de algu\u00e9m hoje. #DefendaosDireitosHumanos e visite a p\u00e1gina: \u00a0<a href=\"http:\/\/www.standup4humanrights.org\/es\">http:\/\/www.standup4humanrights.org\/es<\/a><\/p>\n","protected":false},"excerpt":{"rendered":"<p>Resolu\u00e7\u00e3o na Assembleia Geral foi aprovada com 93 votos a favor, 24 contra e 58 absten\u00e7\u00f5es; texto precisava de dois ter\u00e7os dos votos a favor; entre lus\u00f3fonos, Portugal e Timor-Leste votaram pela ado\u00e7\u00e3o da resolu\u00e7\u00e3o; Brasil e os demais pa\u00edses se abstiveram \u00e0 exce\u00e7\u00e3o de S\u00e3o Tom\u00e9 e Pr\u00edncipe que n\u00e3o compareceu.<\/p>\n","protected":false},"author":16,"featured_media":69433,"comment_status":"closed","ping_status":"closed","sticky":false,"template":"","format":"standard","meta":{"_uag_custom_page_level_css":"","site-sidebar-layout":"default","site-content-layout":"default","ast-site-content-layout":"","site-content-style":"default","site-sidebar-style":"default","ast-global-header-display":"","ast-banner-title-visibility":"","ast-main-header-display":"","ast-hfb-above-header-display":"","ast-hfb-below-header-display":"","ast-hfb-mobile-header-display":"","site-post-title":"","ast-breadcrumbs-content":null,"ast-featured-img":"","footer-sml-layout":"","theme-transparent-header-meta":"default","adv-header-id-meta":"","stick-header-meta":"default","header-above-stick-meta":"","header-main-stick-meta":"","header-below-stick-meta":"","astra-migrate-meta-layouts":"default","ast-page-background-enabled":"default","ast-page-background-meta":{"desktop":{"background-color":"","background-image":"","background-repeat":"repeat","background-position":"center center","background-size":"auto","background-attachment":"scroll","background-type":"","background-media":"","overlay-type":"","overlay-color":"","overlay-opacity":"","overlay-gradient":""},"tablet":{"background-color":"","background-image":"","background-repeat":"repeat","background-position":"center center","background-size":"auto","background-attachment":"scroll","background-type":"","background-media":"","overlay-type":"","overlay-color":"","overlay-opacity":"","overlay-gradient":""},"mobile":{"background-color":"","background-image":"","background-repeat":"repeat","background-position":"center center","background-size":"auto","background-attachment":"scroll","background-type":"","background-media":"","overlay-type":"","overlay-color":"","overlay-opacity":"","overlay-gradient":""}},"ast-content-background-meta":{"desktop":{"background-color":"var(--ast-global-color-5)","background-image":"","background-repeat":"repeat","background-position":"center center","background-size":"auto","background-attachment":"scroll","background-type":"","background-media":"","overlay-type":"","overlay-color":"","overlay-opacity":"","overlay-gradient":""},"tablet":{"background-color":"var(--ast-global-color-5)","background-image":"","background-repeat":"repeat","background-position":"center center","background-size":"auto","background-attachment":"scroll","background-type":"","background-media":"","overlay-type":"","overlay-color":"","overlay-opacity":"","overlay-gradient":""},"mobile":{"background-color":"var(--ast-global-color-5)","background-image":"","background-repeat":"repeat","background-position":"center center","background-size":"auto","background-attachment":"scroll","background-type":"","background-media":"","overlay-type":"","overlay-color":"","overlay-opacity":"","overlay-gradient":""}},"footnotes":""},"categories":[824,830],"tags":[904],"class_list":["post-69438","post","type-post","status-publish","format-standard","has-post-thumbnail","hentry","category-noticias","category-slide-portada-pt","tag-mundo-pt-br"],"uagb_featured_image_src":{"full":["https:\/\/acnudh.org\/wp-content\/uploads\/2022\/04\/image1170x530cropped-2.jpg",1170,530,false],"thumbnail":["https:\/\/acnudh.org\/wp-content\/uploads\/2022\/04\/image1170x530cropped-2-110x110.jpg",110,110,true],"medium":["https:\/\/acnudh.org\/wp-content\/uploads\/2022\/04\/image1170x530cropped-2-400x181.jpg",400,181,true],"medium_large":["https:\/\/acnudh.org\/wp-content\/uploads\/2022\/04\/image1170x530cropped-2.jpg",1170,530,false],"large":["https:\/\/acnudh.org\/wp-content\/uploads\/2022\/04\/image1170x530cropped-2-580x263.jpg",580,263,true],"1536x1536":["https:\/\/acnudh.org\/wp-content\/uploads\/2022\/04\/image1170x530cropped-2.jpg",1170,530,false],"2048x2048":["https:\/\/acnudh.org\/wp-content\/uploads\/2022\/04\/image1170x530cropped-2.jpg",1170,530,false]},"uagb_author_info":{"display_name":"Felipe Iturrieta","author_link":"https:\/\/acnudh.org\/pt-br\/author\/fiturrieta\/"},"uagb_comment_info":0,"uagb_excerpt":"Resolu\u00e7\u00e3o na Assembleia Geral foi aprovada com 93 votos a favor, 24 contra e 58 absten\u00e7\u00f5es; texto precisava de dois ter\u00e7os dos votos a favor; entre lus\u00f3fonos, Portugal e Timor-Leste votaram pela ado\u00e7\u00e3o da resolu\u00e7\u00e3o; Brasil e os demais pa\u00edses se abstiveram \u00e0 exce\u00e7\u00e3o de S\u00e3o Tom\u00e9 e Pr\u00edncipe que n\u00e3o compareceu.","_links":{"self":[{"href":"https:\/\/acnudh.org\/pt-br\/wp-json\/wp\/v2\/posts\/69438","targetHints":{"allow":["GET"]}}],"collection":[{"href":"https:\/\/acnudh.org\/pt-br\/wp-json\/wp\/v2\/posts"}],"about":[{"href":"https:\/\/acnudh.org\/pt-br\/wp-json\/wp\/v2\/types\/post"}],"author":[{"embeddable":true,"href":"https:\/\/acnudh.org\/pt-br\/wp-json\/wp\/v2\/users\/16"}],"replies":[{"embeddable":true,"href":"https:\/\/acnudh.org\/pt-br\/wp-json\/wp\/v2\/comments?post=69438"}],"version-history":[{"count":2,"href":"https:\/\/acnudh.org\/pt-br\/wp-json\/wp\/v2\/posts\/69438\/revisions"}],"predecessor-version":[{"id":69440,"href":"https:\/\/acnudh.org\/pt-br\/wp-json\/wp\/v2\/posts\/69438\/revisions\/69440"}],"wp:featuredmedia":[{"embeddable":true,"href":"https:\/\/acnudh.org\/pt-br\/wp-json\/wp\/v2\/media\/69433"}],"wp:attachment":[{"href":"https:\/\/acnudh.org\/pt-br\/wp-json\/wp\/v2\/media?parent=69438"}],"wp:term":[{"taxonomy":"category","embeddable":true,"href":"https:\/\/acnudh.org\/pt-br\/wp-json\/wp\/v2\/categories?post=69438"},{"taxonomy":"post_tag","embeddable":true,"href":"https:\/\/acnudh.org\/pt-br\/wp-json\/wp\/v2\/tags?post=69438"}],"curies":[{"name":"wp","href":"https:\/\/api.w.org\/{rel}","templated":true}]}}