{"id":68603,"date":"2022-01-31T11:02:37","date_gmt":"2022-01-31T14:02:37","guid":{"rendered":"http:\/\/acnudh.org\/?p=68603"},"modified":"2022-01-31T11:09:22","modified_gmt":"2022-01-31T14:09:22","slug":"peritos-da-onu-terao-encontros-de-alto-nivel-no-brasil-para-reforcar-sistema-de-prevencao-de-tortura","status":"publish","type":"post","link":"https:\/\/acnudh.org\/pt-br\/peritos-da-onu-terao-encontros-de-alto-nivel-no-brasil-para-reforcar-sistema-de-prevencao-de-tortura\/","title":{"rendered":"Peritos da ONU ter\u00e3o encontros de alto n\u00edvel no Brasil para refor\u00e7ar sistema de preven\u00e7\u00e3o de tortura"},"content":{"rendered":"\n<p>GENEBRA\n(31 de janeiro de 2022) &#8211; Peritos do organismo da ONU para Preven\u00e7\u00e3o de Tortura\nvisitar\u00e3o o Brasil entre 31 de janeiro e 4 de fevereiro para reuni\u00f5es com autoridades\nbrasileiras, quando discutir\u00e3o a pol\u00edtica do pa\u00eds que alterou o sistema\nnacional para prevenir e combater a tortura.<\/p>\n\n\n\n<p>Durante a\nvisita \u00e0 capital, Bras\u00edlia, os peritos do <a href=\"https:\/\/www.ohchr.org\/EN\/HRBodies\/OPCAT\/Pages\/OPCATIntro.aspx\">Subcomit\u00ea de Preven\u00e7\u00e3o \u00e0\nTortura e outros Tratamentos ou Puni\u00e7\u00f5es Cru\u00e9is, Desumanos ou Degradantes<\/a> (SPT)\nlevantar\u00e3o suas preocupa\u00e7\u00f5es sobre como a pol\u00edtica e um decreto presidencial\npromulgado em junho de 2019 est\u00e3o enfraquecendo o funcionamento do organismo de\nfiscaliza\u00e7\u00e3o de tortura do pa\u00eds, o Mecanismo Nacional de Preven\u00e7\u00e3o e Combate \u00e0\nTortura (MNPCT). <\/p>\n\n\n\n<p>Com esta\npol\u00edtica, os 11 integrantes do Mecanismo n\u00e3o ser\u00e3o mais remunerados e dever\u00e3o\ntrabalhar voluntariamente. Al\u00e9m disso, os membros do MNPCT n\u00e3o ter\u00e3o nenhum\napoio de pessoal ou secretariado por parte do governo.<\/p>\n\n\n\n<p>\u201c\u00c9 um\nassunto urgente\u201d, disse Suzanne Jabbour, chefe da delega\u00e7\u00e3o e presidente do\nSPT. \u201cSem apoio administrativo ou financeiro por parte das autoridades, o\nMNPCT, que deve visitar e monitorar com regularidade pris\u00f5es e outros\nestabelecimentos de deten\u00e7\u00e3o, n\u00e3o ser\u00e1 operacional\u201d. <\/p>\n\n\n\n<p>O SPT\nemitiu um <a href=\"https:\/\/undocs.org\/CAT\/OP\/8\">parecer<\/a> sobre o\ndecreto presidencial em dezembro de 2019. O decreto foi suspenso por\ndetermina\u00e7\u00e3o de um tribunal federal e ainda aguarda uma decis\u00e3o final.<\/p>\n\n\n\n<p>\u201cDever\u00edamos\nter encontrado com autoridades brasileiras em 2020, mas a visita precisou ser\nadiada por conta da pandemia. Como agora estamos retomando nosso programa de\nvisitas, o Brasil \u00e9 uma das nossas prioridades\u201d, explicou Jabbour.<\/p>\n\n\n\n<p>\u201cCom nosso\nforte engajamento e di\u00e1logo com autoridades, esperamos transmitir a mensagem de\nque um mecanismo nacional forte de preven\u00e7\u00e3o \u00e9 fundamental para promover e\nproteger os direitos humanos das pessoas privadas de liberdade no Brasil\u201d,\nacrescentou.<\/p>\n\n\n\n<p>Estados-membros\ndo Protocolo Opcional da Conven\u00e7\u00e3o contra Tortura s\u00e3o obrigados a estabelecer\nmecanismos operacionais nacionais de preven\u00e7\u00e3o. Estes organismos realizam\nvisitas a lugares onde ficam pessoas privadas de liberdade, como parte dos\nesfor\u00e7os de preven\u00e7\u00e3o a tortura e maus tratos e para melhorar as condi\u00e7\u00f5es de\ndeten\u00e7\u00e3o. O Brasil estabeleceu um sistema nacional de preven\u00e7\u00e3o a tortura em\n2013, mas apenas 4 dos 26 estados brasileiros implementaram um organismo de\npreven\u00e7\u00e3o.<\/p>\n\n\n\n<p>Integrantes\ndo Subcomit\u00ea visitaram o Brasil em 2011 e 2015. Os relat\u00f3rios destas visitas\ns\u00e3o p\u00fablicos e est\u00e3o dispon\u00edveis <a href=\"https:\/\/tbinternet.ohchr.org\/_layouts\/15\/TreatyBodyExternal\/CountryVisits.aspx?SortOrder=Alphabetical\">aqui<\/a>. <\/p>\n\n\n\n<p>A\ndelega\u00e7\u00e3o do SPT inclui Suzanne Jabbour (L\u00edbano), chefe da delega\u00e7\u00e3o e presidente\ndo SPT; Juan Pablo Vegas (Peru), chefe da Equipe Regional do SPT para Am\u00e9rica\nLatina e Relator do Brasil; e Nora Sveaass (Noruega), integrante da delega\u00e7\u00e3o\ndo SPT que visitou o Brasil em 2015.<\/p>\n\n\n\n<p>FIM<\/p>\n\n\n\n<p><strong><em>Para mais informa\u00e7\u00f5es e\nsolicita\u00e7\u00f5es de imprensa:<\/em><\/strong><\/p>\n\n\n\n<p><em>Vivian\nKwok at +41 (0) 22 917 9362 \/ <\/em><a href=\"mailto:vivian.kwok@un.org\"><em>vivian.kwok@un.org<\/em><\/a><em>\n&nbsp;ou Departamento de M\u00eddia do Escrit\u00f3rio\nda ONU para Direitos Humanos em Genebra&nbsp;\n+41 (0) 22 928 9855 \/ <\/em><a href=\"mailto:ohchr-media@un.org\"><em>ohchr-media@un.org<\/em><\/a><em>\n<\/em><\/p>\n\n\n\n<p><em>Joao\nNataf +41 (0) 79 874 7790 \/ <\/em><a href=\"mailto:joao.nataf@un.org\"><em>joao.nataf@un.org<\/em><\/a><em>,\nde 31 de Janeiro a 4 de fevereiro, no Brasil.<\/em><\/p>\n\n\n\n<p><strong><em>Fundo<\/em><\/strong><em>SPT \u2013 <a href=\"https:\/\/www.ohchr.org\/EN\/HRBodies\/OPCAT\/Pages\/OPCATIndex.aspx\">O Subcomit\u00ea de Preven\u00e7\u00e3o a Tortura<\/a> monitora a ades\u00e3o dos Estados-membros ao <\/em><a href=\"https:\/\/www.ohchr.org\/EN\/ProfessionalInterest\/Pages\/OPCAT.aspx\"><em>Protocolo Opcional da Conven\u00e7\u00e3o contra Tortura<\/em><\/a><em>, ratificado por 91 pa\u00edses at\u00e9 agora. O Subcomit\u00ea \u00e9 formado por 25 membros que s\u00e3o peritos independentes de direitos humanos de todo o mundo, que servem em sua capacidade pessoal e n\u00e3o representam os pa\u00edses-membros. O Subcomit\u00ea tem o mandato de visitar os pa\u00edses que ratificaram o Protocolo Opcional da Conven\u00e7\u00e3o contra Tortura. O Subcomit\u00ea comunica suas observa\u00e7\u00f5es e recomenda\u00e7\u00f5es aos Estados atrav\u00e9s de relat\u00f3rios confidenciais, encorajando os pa\u00edses a torn\u00e1-los p\u00fablicos.<\/em><\/p>\n\n\n\n<p style=\"text-align:center\">\n\nPreocupado com o mundo em que vivemos?&nbsp;<strong>Ent\u00e3o defenda os direitos de algu\u00e9m hoje.<\/strong>&nbsp;#Standup4humanrights e visite a p\u00e1gina da web em&nbsp;<a href=\"http:\/\/www.standup4humanrights.org\/\">http:\/\/www.standup4humanrights.org<\/a><\/p>\n","protected":false},"excerpt":{"rendered":"<p>Os peritos do Subcomit\u00ea de Preven\u00e7\u00e3o \u00e0 Tortura e outros Tratamentos ou Puni\u00e7\u00f5es Cru\u00e9is, Desumanos ou Degradantes (SPT) levantar\u00e3o suas preocupa\u00e7\u00f5es sobre como a pol\u00edtica e um decreto presidencial de 2019 est\u00e3o enfraquecendo o funcionamento do organismo de fiscaliza\u00e7\u00e3o de tortura do pa\u00eds.<\/p>\n","protected":false},"author":16,"featured_media":61662,"comment_status":"closed","ping_status":"closed","sticky":false,"template":"","format":"standard","meta":{"_uag_custom_page_level_css":"","site-sidebar-layout":"default","site-content-layout":"default","ast-site-content-layout":"","site-content-style":"default","site-sidebar-style":"default","ast-global-header-display":"","ast-banner-title-visibility":"","ast-main-header-display":"","ast-hfb-above-header-display":"","ast-hfb-below-header-display":"","ast-hfb-mobile-header-display":"","site-post-title":"","ast-breadcrumbs-content":"","ast-featured-img":"","footer-sml-layout":"","theme-transparent-header-meta":"default","adv-header-id-meta":"","stick-header-meta":"default","header-above-stick-meta":"","header-main-stick-meta":"","header-below-stick-meta":"","astra-migrate-meta-layouts":"default","ast-page-background-enabled":"default","ast-page-background-meta":{"desktop":{"background-color":"","background-image":"","background-repeat":"repeat","background-position":"center center","background-size":"auto","background-attachment":"scroll","background-type":"","background-media":"","overlay-type":"","overlay-color":"","overlay-opacity":"","overlay-gradient":""},"tablet":{"background-color":"","background-image":"","background-repeat":"repeat","background-position":"center center","background-size":"auto","background-attachment":"scroll","background-type":"","background-media":"","overlay-type":"","overlay-color":"","overlay-opacity":"","overlay-gradient":""},"mobile":{"background-color":"","background-image":"","background-repeat":"repeat","background-position":"center center","background-size":"auto","background-attachment":"scroll","background-type":"","background-media":"","overlay-type":"","overlay-color":"","overlay-opacity":"","overlay-gradient":""}},"ast-content-background-meta":{"desktop":{"background-color":"var(--ast-global-color-5)","background-image":"","background-repeat":"repeat","background-position":"center center","background-size":"auto","background-attachment":"scroll","background-type":"","background-media":"","overlay-type":"","overlay-color":"","overlay-opacity":"","overlay-gradient":""},"tablet":{"background-color":"var(--ast-global-color-5)","background-image":"","background-repeat":"repeat","background-position":"center center","background-size":"auto","background-attachment":"scroll","background-type":"","background-media":"","overlay-type":"","overlay-color":"","overlay-opacity":"","overlay-gradient":""},"mobile":{"background-color":"var(--ast-global-color-5)","background-image":"","background-repeat":"repeat","background-position":"center center","background-size":"auto","background-attachment":"scroll","background-type":"","background-media":"","overlay-type":"","overlay-color":"","overlay-opacity":"","overlay-gradient":""}},"footnotes":""},"categories":[824,830],"tags":[803],"class_list":["post-68603","post","type-post","status-publish","format-standard","has-post-thumbnail","hentry","category-noticias","category-slide-portada-pt","tag-brasil"],"uagb_featured_image_src":{"full":["https:\/\/acnudh.org\/wp-content\/uploads\/2019\/06\/tortura-400x233-1.png",400,233,false],"thumbnail":["https:\/\/acnudh.org\/wp-content\/uploads\/2019\/06\/tortura-400x233-1-110x110.png",110,110,true],"medium":["https:\/\/acnudh.org\/wp-content\/uploads\/2019\/06\/tortura-400x233-1-400x233.png",400,233,true],"medium_large":["https:\/\/acnudh.org\/wp-content\/uploads\/2019\/06\/tortura-400x233-1.png",400,233,false],"large":["https:\/\/acnudh.org\/wp-content\/uploads\/2019\/06\/tortura-400x233-1.png",400,233,false],"1536x1536":["https:\/\/acnudh.org\/wp-content\/uploads\/2019\/06\/tortura-400x233-1.png",400,233,false],"2048x2048":["https:\/\/acnudh.org\/wp-content\/uploads\/2019\/06\/tortura-400x233-1.png",400,233,false]},"uagb_author_info":{"display_name":"Felipe Iturrieta","author_link":"https:\/\/acnudh.org\/pt-br\/author\/fiturrieta\/"},"uagb_comment_info":0,"uagb_excerpt":"Os peritos do Subcomit\u00ea de Preven\u00e7\u00e3o \u00e0 Tortura e outros Tratamentos ou Puni\u00e7\u00f5es Cru\u00e9is, Desumanos ou Degradantes (SPT) levantar\u00e3o suas preocupa\u00e7\u00f5es sobre como a pol\u00edtica e um decreto presidencial de 2019 est\u00e3o enfraquecendo o funcionamento do organismo de fiscaliza\u00e7\u00e3o de tortura do pa\u00eds.","_links":{"self":[{"href":"https:\/\/acnudh.org\/pt-br\/wp-json\/wp\/v2\/posts\/68603","targetHints":{"allow":["GET"]}}],"collection":[{"href":"https:\/\/acnudh.org\/pt-br\/wp-json\/wp\/v2\/posts"}],"about":[{"href":"https:\/\/acnudh.org\/pt-br\/wp-json\/wp\/v2\/types\/post"}],"author":[{"embeddable":true,"href":"https:\/\/acnudh.org\/pt-br\/wp-json\/wp\/v2\/users\/16"}],"replies":[{"embeddable":true,"href":"https:\/\/acnudh.org\/pt-br\/wp-json\/wp\/v2\/comments?post=68603"}],"version-history":[{"count":3,"href":"https:\/\/acnudh.org\/pt-br\/wp-json\/wp\/v2\/posts\/68603\/revisions"}],"predecessor-version":[{"id":68607,"href":"https:\/\/acnudh.org\/pt-br\/wp-json\/wp\/v2\/posts\/68603\/revisions\/68607"}],"wp:featuredmedia":[{"embeddable":true,"href":"https:\/\/acnudh.org\/pt-br\/wp-json\/wp\/v2\/media\/61662"}],"wp:attachment":[{"href":"https:\/\/acnudh.org\/pt-br\/wp-json\/wp\/v2\/media?parent=68603"}],"wp:term":[{"taxonomy":"category","embeddable":true,"href":"https:\/\/acnudh.org\/pt-br\/wp-json\/wp\/v2\/categories?post=68603"},{"taxonomy":"post_tag","embeddable":true,"href":"https:\/\/acnudh.org\/pt-br\/wp-json\/wp\/v2\/tags?post=68603"}],"curies":[{"name":"wp","href":"https:\/\/api.w.org\/{rel}","templated":true}]}}