{"id":67513,"date":"2021-10-08T18:29:53","date_gmt":"2021-10-08T21:29:53","guid":{"rendered":"http:\/\/acnudh.org\/?p=67513"},"modified":"2021-10-10T18:37:19","modified_gmt":"2021-10-10T21:37:19","slug":"ataques-a-indigenas-por-garimpeiros-no-brasil-preocupam-michelle-bachelet","status":"publish","type":"post","link":"https:\/\/acnudh.org\/pt-br\/ataques-a-indigenas-por-garimpeiros-no-brasil-preocupam-michelle-bachelet\/","title":{"rendered":"Ataques a ind\u00edgenas por garimpeiros no Brasil preocupam Michelle Bachelet"},"content":{"rendered":"\n<p>8 de outubro de 2021- A alta comiss\u00e1ria para os Direitos Humanos expressou alarme com os recentes ataques contra membros dos povos Yanomami e Munduruku do Brasil por mineiros ilegais na Amaz\u00f4nia.\u00a0\u00a0<\/p>\n\n\n\n<p>Discursando&nbsp;esta sexta-feira, em Genebra,&nbsp;Michelle Bachelet&nbsp;citou&nbsp;tentativas de legalizar a entrada de empresas em territ\u00f3rios ind\u00edgenas e limitar a demarca\u00e7\u00e3o dessas terras&nbsp;no fim de mais uma&nbsp;sess\u00e3o do Conselho de Direitos Humanos.&nbsp;<\/p>\n\n\n\n<figure class=\"wp-block-image\"><img decoding=\"async\" src=\"https:\/\/global.unitednations.entermediadb.net\/assets\/mediadb\/services\/module\/asset\/downloads\/preset\/Libraries\/Production+Library\/09-08-2021_UNDP_Indigenous_climate.jpg\/image1170x530cropped.jpg\" alt=\"Bachelet est\u00e1 preocupada com vota\u00e7\u00e3o do marco temporal \"\/><figcaption><strong>Foto: UNDP<\/strong>. Bachelet est\u00e1 preocupada com vota\u00e7\u00e3o do marco temporal\u00a0<\/figcaption><\/figure>\n\n\n\n<h3 class=\"wp-block-heading\">Garimpeiros&nbsp;<\/h3>\n\n\n\n<p>As tens\u00f5es envolvendo os garimpeiros&nbsp;ilegais na regi\u00e3o&nbsp;amaz\u00f4nica foram&nbsp;divulgadas&nbsp;em&nbsp;julho por ag\u00eancias de not\u00edcias.&nbsp;<\/p>\n\n\n\n<p>Bachelet destacou a&nbsp;aprecia\u00e7\u00e3o de&nbsp;projeto de lei&nbsp;sobre o tema&nbsp;na C\u00e2mara dos Deputados&nbsp;no Brasil.&nbsp;&nbsp;<\/p>\n\n\n\n<p>O apelo dirigido \u00e0s autoridades brasileiras \u00e9 que revertam pol\u00edticas que afetam negativamente os povos ind\u00edgenas e&nbsp;n\u00e3o&nbsp;se&nbsp;retirem da&nbsp;Conven\u00e7\u00e3o 169 da&nbsp;Organiza\u00e7\u00e3o Internacional do Trabalho sobre&nbsp;Povos Ind\u00edgenas e Tribais.&nbsp;&nbsp;<\/p>\n\n\n\n<p>Outra raz\u00e3o da preocupa\u00e7\u00e3o do escrit\u00f3rio&nbsp;de Direitos Humanos \u00e9 o&nbsp;novo projeto de legisla\u00e7\u00e3o antiterrorismo no Brasil.&nbsp;<\/p>\n\n\n\n<p>De acordo com Bachelet,&nbsp;a&nbsp;proposta \u201cinclui disposi\u00e7\u00f5es excessivamente vagas e amplas que apresentam riscos de abuso, especialmente contra ativistas sociais e defensores dos direitos humanos\u201d.&nbsp;<\/p>\n\n\n\n<figure class=\"wp-block-image\"><img decoding=\"async\" src=\"https:\/\/global.unitednations.entermediadb.net\/assets\/mediadb\/services\/module\/asset\/downloads\/preset\/Libraries\/Production+Library\/04-09-2019-OHCHR-Bachelet.jpg\/image1170x530cropped.jpg\" alt=\"Michelle Bachelet, alta comiss\u00e1ria da ONU para os Direitos Humanos \"\/><figcaption><strong>Foto: ONU News\/Daniel Johnson.<\/strong> Michelle Bachelet, alta comiss\u00e1ria da ONU para os Direitos Humanos\u00a0<\/figcaption><\/figure>\n\n\n\n<h3 class=\"wp-block-heading\">Situa\u00e7\u00e3o haitiana&nbsp;&nbsp;<\/h3>\n\n\n\n<p>O Haiti foi outra na\u00e7\u00e3o das Am\u00e9ricas mencionada no discurso&nbsp;da chefe de Direitos Humanos das&nbsp;Na\u00e7\u00f5es&nbsp;Unidas.&nbsp;<\/p>\n\n\n\n<p>Bachelet&nbsp;pediu foco dos&nbsp;envolvidos&nbsp;para garantir a&nbsp;resili\u00eancia&nbsp;do pa\u00eds&nbsp;caribenho, com&nbsp;o&nbsp;progresso sustent\u00e1vel nos direitos econ\u00f4micos e sociais&nbsp;e&nbsp;aten\u00e7\u00e3o especial \u00e0s mulheres e meninas.&nbsp;<\/p>\n\n\n\n<p>A alta comiss\u00e1ria&nbsp;destacou o assassinato do presidente Juvenal&nbsp;Moise, em julho passado.&nbsp;&nbsp;<\/p>\n\n\n\n<p>Para ela, o incidente\u00a0\u00e9\u00a0um exemplo da crescente inseguran\u00e7a do pa\u00eds.\u00a0Sua\u00a0maior preocupa\u00e7\u00e3o\u00a0em rela\u00e7\u00e3o ao Haiti\u00a0\u00e9 com ataques cont\u00ednuos contra funcion\u00e1rios judiciais e defensores dos direitos humanos.\u00a0<\/p>\n\n\n\n<p><em>Fonte: <a href=\"https:\/\/news.un.org\/pt\/story\/2021\/10\/1766032\" target=\"_blank\" rel=\"noreferrer noopener\" aria-label=\"ONU News (abre en una nueva pesta\u00f1a)\">ONU News<\/a><\/em><\/p>\n\n\n\n<p style=\"text-align:center\"><em>Preocupado\/a com o mundo em que vivemos?&nbsp;<\/em><strong><em>Ent\u00e3o defenda os direitos de algu\u00e9m hoje.<\/em><\/strong><em><br>#ApoieOsDireitosHumanos e visite a p\u00e1gina da web em&nbsp;<\/em><a href=\"http:\/\/www.standup4humanrights.org\/\"><em>http:\/\/www.standup4humanrights.org<\/em><\/a><\/p>\n","protected":false},"excerpt":{"rendered":"<p>Chefe de Direitos Humanos das Na\u00e7\u00f5es Unidas cita quest\u00f5es territoriais e demarca\u00e7\u00e3o de terras como motivos de apreens\u00e3o; pronunciamento na sess\u00e3o do Conselho de Direitos Humanos destacou ainda a proposta de lei antiterrorismo. <\/p>\n","protected":false},"author":5,"featured_media":66138,"comment_status":"closed","ping_status":"closed","sticky":false,"template":"","format":"standard","meta":{"_uag_custom_page_level_css":"","site-sidebar-layout":"default","site-content-layout":"default","ast-site-content-layout":"","site-content-style":"default","site-sidebar-style":"default","ast-global-header-display":"","ast-banner-title-visibility":"","ast-main-header-display":"","ast-hfb-above-header-display":"","ast-hfb-below-header-display":"","ast-hfb-mobile-header-display":"","site-post-title":"","ast-breadcrumbs-content":"","ast-featured-img":"","footer-sml-layout":"","theme-transparent-header-meta":"default","adv-header-id-meta":"","stick-header-meta":"default","header-above-stick-meta":"","header-main-stick-meta":"","header-below-stick-meta":"","astra-migrate-meta-layouts":"default","ast-page-background-enabled":"default","ast-page-background-meta":{"desktop":{"background-color":"","background-image":"","background-repeat":"repeat","background-position":"center center","background-size":"auto","background-attachment":"scroll","background-type":"","background-media":"","overlay-type":"","overlay-color":"","overlay-opacity":"","overlay-gradient":""},"tablet":{"background-color":"","background-image":"","background-repeat":"repeat","background-position":"center center","background-size":"auto","background-attachment":"scroll","background-type":"","background-media":"","overlay-type":"","overlay-color":"","overlay-opacity":"","overlay-gradient":""},"mobile":{"background-color":"","background-image":"","background-repeat":"repeat","background-position":"center center","background-size":"auto","background-attachment":"scroll","background-type":"","background-media":"","overlay-type":"","overlay-color":"","overlay-opacity":"","overlay-gradient":""}},"ast-content-background-meta":{"desktop":{"background-color":"var(--ast-global-color-5)","background-image":"","background-repeat":"repeat","background-position":"center center","background-size":"auto","background-attachment":"scroll","background-type":"","background-media":"","overlay-type":"","overlay-color":"","overlay-opacity":"","overlay-gradient":""},"tablet":{"background-color":"var(--ast-global-color-5)","background-image":"","background-repeat":"repeat","background-position":"center center","background-size":"auto","background-attachment":"scroll","background-type":"","background-media":"","overlay-type":"","overlay-color":"","overlay-opacity":"","overlay-gradient":""},"mobile":{"background-color":"var(--ast-global-color-5)","background-image":"","background-repeat":"repeat","background-position":"center center","background-size":"auto","background-attachment":"scroll","background-type":"","background-media":"","overlay-type":"","overlay-color":"","overlay-opacity":"","overlay-gradient":""}},"footnotes":""},"categories":[824],"tags":[810,867,870],"class_list":["post-67513","post","type-post","status-publish","format-standard","has-post-thumbnail","hentry","category-noticias","tag-brasil-pt-br","tag-ods-13-pt-br","tag-ods-16-pt-br"],"uagb_featured_image_src":{"full":["https:\/\/acnudh.org\/wp-content\/uploads\/2021\/05\/27303503957_cb8a11f372_k.jpg",2048,1365,false],"thumbnail":["https:\/\/acnudh.org\/wp-content\/uploads\/2021\/05\/27303503957_cb8a11f372_k-110x110.jpg",110,110,true],"medium":["https:\/\/acnudh.org\/wp-content\/uploads\/2021\/05\/27303503957_cb8a11f372_k-400x267.jpg",400,267,true],"medium_large":["https:\/\/acnudh.org\/wp-content\/uploads\/2021\/05\/27303503957_cb8a11f372_k.jpg",2048,1365,false],"large":["https:\/\/acnudh.org\/wp-content\/uploads\/2021\/05\/27303503957_cb8a11f372_k-580x387.jpg",580,387,true],"1536x1536":["https:\/\/acnudh.org\/wp-content\/uploads\/2021\/05\/27303503957_cb8a11f372_k.jpg",1536,1024,false],"2048x2048":["https:\/\/acnudh.org\/wp-content\/uploads\/2021\/05\/27303503957_cb8a11f372_k.jpg",2048,1365,false]},"uagb_author_info":{"display_name":"mmoya","author_link":"https:\/\/acnudh.org\/pt-br\/author\/mmoya\/"},"uagb_comment_info":0,"uagb_excerpt":"Chefe de Direitos Humanos das Na\u00e7\u00f5es Unidas cita quest\u00f5es territoriais e demarca\u00e7\u00e3o de terras como motivos de apreens\u00e3o; pronunciamento na sess\u00e3o do Conselho de Direitos Humanos destacou ainda a proposta de lei antiterrorismo.","_links":{"self":[{"href":"https:\/\/acnudh.org\/pt-br\/wp-json\/wp\/v2\/posts\/67513","targetHints":{"allow":["GET"]}}],"collection":[{"href":"https:\/\/acnudh.org\/pt-br\/wp-json\/wp\/v2\/posts"}],"about":[{"href":"https:\/\/acnudh.org\/pt-br\/wp-json\/wp\/v2\/types\/post"}],"author":[{"embeddable":true,"href":"https:\/\/acnudh.org\/pt-br\/wp-json\/wp\/v2\/users\/5"}],"replies":[{"embeddable":true,"href":"https:\/\/acnudh.org\/pt-br\/wp-json\/wp\/v2\/comments?post=67513"}],"version-history":[{"count":1,"href":"https:\/\/acnudh.org\/pt-br\/wp-json\/wp\/v2\/posts\/67513\/revisions"}],"predecessor-version":[{"id":67514,"href":"https:\/\/acnudh.org\/pt-br\/wp-json\/wp\/v2\/posts\/67513\/revisions\/67514"}],"wp:featuredmedia":[{"embeddable":true,"href":"https:\/\/acnudh.org\/pt-br\/wp-json\/wp\/v2\/media\/66138"}],"wp:attachment":[{"href":"https:\/\/acnudh.org\/pt-br\/wp-json\/wp\/v2\/media?parent=67513"}],"wp:term":[{"taxonomy":"category","embeddable":true,"href":"https:\/\/acnudh.org\/pt-br\/wp-json\/wp\/v2\/categories?post=67513"},{"taxonomy":"post_tag","embeddable":true,"href":"https:\/\/acnudh.org\/pt-br\/wp-json\/wp\/v2\/tags?post=67513"}],"curies":[{"name":"wp","href":"https:\/\/api.w.org\/{rel}","templated":true}]}}