{"id":67226,"date":"2021-09-13T15:38:59","date_gmt":"2021-09-13T18:38:59","guid":{"rendered":"http:\/\/acnudh.org\/?p=67226"},"modified":"2021-09-13T17:31:01","modified_gmt":"2021-09-13T20:31:01","slug":"tripla-crise-planetaria-impacta-severamente-direitos-humanos-diz-bachelet","status":"publish","type":"post","link":"https:\/\/acnudh.org\/pt-br\/tripla-crise-planetaria-impacta-severamente-direitos-humanos-diz-bachelet\/","title":{"rendered":"Tripla crise planet\u00e1ria impacta severamente direitos humanos, diz Bachelet"},"content":{"rendered":"\n<p>13 de setembro de 2021 &#8211; A&nbsp;alta comiss\u00e1ria&nbsp;da ONU para os Direitos Humanos fez um discurso, esta segunda-feira,&nbsp;ao Conselho de Direitos Humanos&nbsp;em Genebra, focando no que chamou de \u201ctripla crise planet\u00e1ria\u201d. Michelle&nbsp;Bachelet&nbsp;explicou&nbsp;ao \u00f3rg\u00e3o&nbsp;como&nbsp;\u201ca mudan\u00e7a clim\u00e1tica, a polui\u00e7\u00e3o e as perdas&nbsp;ambientais&nbsp;est\u00e3o impactando diretamente,&nbsp;e de forma severa,&nbsp;os direitos \u00e0 alimenta\u00e7\u00e3o adequada, \u00e0 \u00e1gua, \u00e0 educa\u00e7\u00e3o, \u00e0 habita\u00e7\u00e3o, \u00e0 sa\u00fade e ao desenvolvimento\u201d.&nbsp;&nbsp;<\/p>\n\n\n\n<p>Bachelet&nbsp;afirmou que o clima extremo tem afetado pessoas de v\u00e1rias regi\u00f5es do mundo recentemente. Ela mencionou os inc\u00eandios na Sib\u00e9ria e na Calif\u00f3rnia, as enchentes na China, Alemanha e Turquia e as fortes ondas de calor no \u00c1rtico, que causaram um n\u00edvel \u201csem precedentes de emiss\u00f5es de metano\u201d.&nbsp;&nbsp;<\/p>\n\n\n\n<h3 class=\"wp-block-heading\">Brasil&nbsp;&nbsp;<\/h3>\n\n\n\n<p>Bachelet&nbsp;destacou tamb\u00e9m \u201csecas intermin\u00e1veis no Marrocos e no Senegal\u201d&nbsp;que para ela&nbsp;s\u00e3o outros exemplos de eventos clim\u00e1ticos que t\u00eam levado milh\u00f5es de pessoas \u00e0 mis\u00e9ria, \u00e0 fome e ao deslocamento.&nbsp;<\/p>\n\n\n\n<p>E ao falar da Amaz\u00f4nia a&nbsp;alta comiss\u00e1ria&nbsp;comentou a&nbsp;situa\u00e7\u00e3o dos ind\u00edgenas do Brasil.&nbsp;&nbsp;<\/p>\n\n\n\n<figure class=\"wp-block-image\"><img decoding=\"async\" src=\"https:\/\/global.unitednations.entermediadb.net\/assets\/mediadb\/services\/module\/asset\/downloads\/preset\/Collections\/Embargoed\/01-07-2021_PAHO_Amazon-01.jpg\/image1170x530cropped.jpg\" alt=\"Crian\u00e7as ind\u00edgenas na Amaz\u00f4nia \"\/><figcaption><strong>Foto: Opas\/OMS\/Karen Gonz\u00e1lez Abril.<\/strong> Crian\u00e7as ind\u00edgenas na Amaz\u00f4nia&nbsp;<\/figcaption><\/figure>\n\n\n\n<p>Michelle&nbsp;Bachelet&nbsp;disse estar \u201calarmada com ataques recentes de mineiros ilegais a integrantes dos povos&nbsp;Yanomani&nbsp;e&nbsp;Munduruku&nbsp;na Amaz\u00f4nia\u201d.&nbsp;Ela&nbsp;tamb\u00e9m est\u00e1 muito preocupada com as&nbsp;\u201ctentativas de legalizar&nbsp;neg\u00f3cios em territ\u00f3rios ind\u00edgenas, e de limitar a demarca\u00e7\u00e3o de terras\u201d, por meio de um projeto de lei&nbsp;analisado&nbsp;pelo Supremo Tribunal Federal.&nbsp;<\/p>\n\n\n\n<p>Bachelet&nbsp;faz um apelo \u00e0s autoridades brasileiras, para que revertam pol\u00edticas que afetam, de forma negativa, os povos ind\u00edgenas e&nbsp;permane\u00e7am&nbsp;na Conven\u00e7\u00e3o 169 da OIT, sobre Povos Tribais e Ind\u00edgenas.&nbsp;<\/p>\n\n\n\n<p>A&nbsp;alta comiss\u00e1ria&nbsp;da ONU&nbsp;citou com preocupa\u00e7\u00e3o&nbsp;uma proposta de lei&nbsp;antiterrorismo&nbsp;no Brasil, que segundo ela, \u201cinclui pontos muito vagos que trazem riscos de abuso contra ativistas sociais e defensores de direitos humanos\u201d.&nbsp;<\/p>\n\n\n\n<h3 class=\"wp-block-heading\">Grande desafio&nbsp;&nbsp;<\/h3>\n\n\n\n<p>Para&nbsp;Bachelet,&nbsp;as crises interligadas de \u201cpolui\u00e7\u00e3o, mudan\u00e7a clim\u00e1tica e biodiversidade ampliam conflitos, tens\u00f5es e desigualdades estruturais, colocando, cada vez mais, pessoas em situa\u00e7\u00e3o de vulnerabilidade\u201d.&nbsp;<\/p>\n\n\n\n<p>Na avalia\u00e7\u00e3o da&nbsp;alta comiss\u00e1ria, o aumento dessas amea\u00e7as ambientais constitui&nbsp;o maior desafio para os direitos humanos da nossa era.&nbsp;&nbsp;<\/p>\n\n\n\n<p>Ela citou a fome extrema&nbsp;em&nbsp;Madag\u00e1scar, resultado de quatro anos sem chuvas; emerg\u00eancias na regi\u00e3o africana do Sahel&nbsp;devido \u00e0s secas; desastres ambientais na China, Bangladesh, \u00cdndia e Filipinas, que j\u00e1&nbsp;desabrigaram&nbsp;milh\u00f5es de pessoas desabrigadas.&nbsp;&nbsp;<\/p>\n\n\n\n<figure class=\"wp-block-embed-twitter wp-block-embed is-type-rich is-provider-twitter\"><div class=\"wp-block-embed__wrapper\">\n<blockquote class=\"twitter-tweet\" data-width=\"500\" data-dnt=\"true\"><p lang=\"pt\" dir=\"ltr\"><a href=\"https:\/\/twitter.com\/hashtag\/Brasil?src=hash&amp;ref_src=twsrc%5Etfw\">#Brasil<\/a>\ud83c\udde7\ud83c\uddf7<br><br>Em abertura do Conselho de Direitos Humanos <a href=\"https:\/\/twitter.com\/UN_HRC?ref_src=twsrc%5Etfw\">@UN_HRC<\/a>, <a href=\"https:\/\/twitter.com\/mbachelet?ref_src=twsrc%5Etfw\">@mbachelet<\/a> se disse alarmada com ataques de mineradores ilegais a ind\u00edgenas na <a href=\"https:\/\/twitter.com\/hashtag\/Amaz%C3%B4nia?src=hash&amp;ref_src=twsrc%5Etfw\">#Amaz\u00f4nia<\/a> e afirmou que proposta de limitar demarca\u00e7\u00e3o de terras tamb\u00e9m \u00e9 tema de preocupa\u00e7\u00e3o.<br><br>\u2139\ufe0f<a href=\"https:\/\/t.co\/3yrb9KJ3Pm\">https:\/\/t.co\/3yrb9KJ3Pm<\/a> <a href=\"https:\/\/twitter.com\/hashtag\/marcotemporal?src=hash&amp;ref_src=twsrc%5Etfw\">#marcotemporal<\/a> <a href=\"https:\/\/t.co\/S32JdV5kQ2\">https:\/\/t.co\/S32JdV5kQ2<\/a> <a href=\"https:\/\/t.co\/OBXkdjnABi\">pic.twitter.com\/OBXkdjnABi<\/a><\/p>&mdash; ONU Derechos Humanos &#8211; Am\u00e9rica del Sur (@ONU_derechos) <a href=\"https:\/\/twitter.com\/ONU_derechos\/status\/1437492350385856515?ref_src=twsrc%5Etfw\">September 13, 2021<\/a><\/blockquote><script async src=\"https:\/\/platform.twitter.com\/widgets.js\" charset=\"utf-8\"><\/script>\n<\/div><\/figure>\n\n\n\n<p>Sobre o\u00a0\u201cCorredor Seco\u201d\u00a0na Am\u00e9rica Central, que afeta Guatemala, El Salvador e Honduras e causa\u00a0pobreza e desalojamentos,\u00a0Bachelet\u00a0afirmou que\u00a0resolver essa crise tripla ambiental \u00e9 uma obriga\u00e7\u00e3o\u00a0humanit\u00e1ria\u00a0e de direitos humanos.\u00a0\u00a0<\/p>\n\n\n\n<p>Ao falar ao Conselho de Direitos Humanos, a&nbsp;alta comiss\u00e1ria&nbsp;aproveitou para destacar a situa\u00e7\u00e3o em v\u00e1rios pa\u00edses, como a Guin\u00e9-Conacri.&nbsp;Bachelet&nbsp;\u201cdeplora\u201d mais uma&nbsp;\u201ctransi\u00e7\u00e3o de poder n\u00e3o-democr\u00e1tica\u201d&nbsp;e pede \u00e0s novas autoridades de fato da Guin\u00e9 que respeitem as obriga\u00e7\u00f5es diante da lei internacional de direitos humanos.&nbsp;&nbsp;<\/p>\n\n\n\n<h3 class=\"wp-block-heading\">Agenda comum&nbsp;<\/h3>\n\n\n\n<p>Sobre o Haiti, que sofreu&nbsp;um terremoto h\u00e1 um m\u00eas, a&nbsp;alta comiss\u00e1ria&nbsp;fez um apelo a todos envolvidos na reconstru\u00e7\u00e3o do pa\u00eds para focarem no progresso sustent\u00e1vel e nos direitos econ\u00f4micos e sociais. Ela tamb\u00e9m disse que o assassinato do presidente&nbsp;Jovenel&nbsp;Moise&nbsp;\u00e9 uma demonstra\u00e7\u00e3o do aumento da inseguran\u00e7a na&nbsp;ilha caribenha.&nbsp;&nbsp;<\/p>\n\n\n\n<p>Bachelet&nbsp;condenou viola\u00e7\u00f5es de direitos humanos e a impunidade no Iraque e os impactos que a crise pol\u00edtica e econ\u00f4mica do L\u00edbano est\u00e1 tendo no setor de direitos humanos do pa\u00eds.&nbsp;&nbsp;<\/p>\n\n\n\n<p>A\u00a0alta comiss\u00e1ria\u00a0terminou seu discurso apoiando o documento Nossa Agenda Comum, lan\u00e7ado pelo secret\u00e1rio-geral Ant\u00f3nio Guterres no dia 10 de setembro. Para Michelle\u00a0Bachelet, os 12 compromissos tra\u00e7ados por Guterres trazem esperan\u00e7a de um futuro com um mundo \u201cque navega e resolve amea\u00e7as por meio da solidariedade\u201d.\u00a0\u00a0<\/p>\n\n\n\n<p>No primeiro dia da sess\u00e3o do Conselho de Direitos Humanos, Bachelet apresentou relat\u00f3rios sobre a situa\u00e7\u00e3o de direitos humanos na <a href=\"http:\/\/news.un.org\/es\/story\/2021\/09\/1496682\" target=\"_blank\" rel=\"noreferrer noopener\" aria-label=\"Venezuela, Nicar\u00e1gua (abre en una nueva pesta\u00f1a)\">Venezuela, Nicar\u00e1gua<\/a> e outros pa\u00edses.<\/p>\n\n\n\n<ul class=\"wp-block-list\"><li><em>Para mais informa\u00e7\u00f5es sobe a 48\u00ba sess\u00e3o do Conselho de Direitos Humanos (13 de setembro at\u00e9 8 de outubro de 2021), acesse o site oficial do Conselho, clicando <\/em><a rel=\"noreferrer noopener\" aria-label=\"aqui (abre en una nueva pesta\u00f1a)\" href=\"https:\/\/www.ohchr.org\/SP\/HRBodies\/HRC\/RegularSessions\/Session48\/Pages\/48RegularSession.aspx\" target=\"_blank\"><em>aqui<\/em><\/a><em>.<\/em><\/li><li><em>Leia o discurso de Michelle Bachelet na \u00edntegra (em ingl\u00eas), <a rel=\"noreferrer noopener\" aria-label=\"aqui (abre en una nueva pesta\u00f1a)\" href=\"https:\/\/www.ohchr.org\/EN\/NewsEvents\/Pages\/DisplayNews.aspx?NewsID=27443&amp;LangID=E\" target=\"_blank\">aqui<\/a><\/em><a rel=\"noreferrer noopener\" aria-label=\"aqui (abre en una nueva pesta\u00f1a)\" href=\"https:\/\/www.ohchr.org\/EN\/NewsEvents\/Pages\/DisplayNews.aspx?NewsID=27443&amp;LangID=E\" target=\"_blank\"><em>.<\/em><\/a><\/li><\/ul>\n\n\n\n<p><em>Fonte: <a rel=\"noreferrer noopener\" aria-label=\"ONU News (abre en una nueva pesta\u00f1a)\" href=\"https:\/\/news.un.org\/pt\/story\/2021\/09\/1762812\" target=\"_blank\">ONU News<\/a><\/em><\/p>\n\n\n\n<p style=\"text-align:center\">Preocupado com o mundo em que vivemos?&nbsp;<strong>Ent\u00e3o defenda os direitos de algu\u00e9m hoje.<\/strong>&nbsp;#ApoieOsDireitosHumanos e visite a p\u00e1gina da web em&nbsp;<a href=\"http:\/\/www.standup4humanrights.org\/\">http:\/\/www.standup4humanrights.org<\/a><\/p>\n","protected":false},"excerpt":{"rendered":"<p>Alta comiss\u00e1ria falou ao Conselho de Direitos Humanos sobre como mudan\u00e7a clim\u00e1tica prejudica direitos \u00e0 alimenta\u00e7\u00e3o, acesso \u00e0 \u00e1gua, educa\u00e7\u00e3o e habita\u00e7\u00e3o; Michelle Bachelet condena ataques recentes de mineiros ilegais a comunidades ind\u00edgenas na Amaz\u00f4nia brasileira e est\u00e1 preocupada com decis\u00e3o sobre marco temporal.<\/p>\n","protected":false},"author":5,"featured_media":67227,"comment_status":"closed","ping_status":"closed","sticky":false,"template":"","format":"standard","meta":{"_uag_custom_page_level_css":"","site-sidebar-layout":"default","site-content-layout":"default","ast-site-content-layout":"","site-content-style":"default","site-sidebar-style":"default","ast-global-header-display":"","ast-banner-title-visibility":"","ast-main-header-display":"","ast-hfb-above-header-display":"","ast-hfb-below-header-display":"","ast-hfb-mobile-header-display":"","site-post-title":"","ast-breadcrumbs-content":"","ast-featured-img":"","footer-sml-layout":"","theme-transparent-header-meta":"default","adv-header-id-meta":"","stick-header-meta":"default","header-above-stick-meta":"","header-main-stick-meta":"","header-below-stick-meta":"","astra-migrate-meta-layouts":"default","ast-page-background-enabled":"default","ast-page-background-meta":{"desktop":{"background-color":"","background-image":"","background-repeat":"repeat","background-position":"center center","background-size":"auto","background-attachment":"scroll","background-type":"","background-media":"","overlay-type":"","overlay-color":"","overlay-opacity":"","overlay-gradient":""},"tablet":{"background-color":"","background-image":"","background-repeat":"repeat","background-position":"center center","background-size":"auto","background-attachment":"scroll","background-type":"","background-media":"","overlay-type":"","overlay-color":"","overlay-opacity":"","overlay-gradient":""},"mobile":{"background-color":"","background-image":"","background-repeat":"repeat","background-position":"center center","background-size":"auto","background-attachment":"scroll","background-type":"","background-media":"","overlay-type":"","overlay-color":"","overlay-opacity":"","overlay-gradient":""}},"ast-content-background-meta":{"desktop":{"background-color":"var(--ast-global-color-5)","background-image":"","background-repeat":"repeat","background-position":"center center","background-size":"auto","background-attachment":"scroll","background-type":"","background-media":"","overlay-type":"","overlay-color":"","overlay-opacity":"","overlay-gradient":""},"tablet":{"background-color":"var(--ast-global-color-5)","background-image":"","background-repeat":"repeat","background-position":"center center","background-size":"auto","background-attachment":"scroll","background-type":"","background-media":"","overlay-type":"","overlay-color":"","overlay-opacity":"","overlay-gradient":""},"mobile":{"background-color":"var(--ast-global-color-5)","background-image":"","background-repeat":"repeat","background-position":"center center","background-size":"auto","background-attachment":"scroll","background-type":"","background-media":"","overlay-type":"","overlay-color":"","overlay-opacity":"","overlay-gradient":""}},"footnotes":""},"categories":[830],"tags":[903,803,937,870],"class_list":["post-67226","post","type-post","status-publish","format-standard","has-post-thumbnail","hentry","category-slide-portada-pt","tag-mundo","tag-brasil","tag-ods-13-accion-por-el-clima","tag-ods-16-pt-br"],"uagb_featured_image_src":{"full":["https:\/\/acnudh.org\/wp-content\/uploads\/2021\/09\/E_K2AJCWYAQpskm-e1631559248844.jpg",798,387,false],"thumbnail":["https:\/\/acnudh.org\/wp-content\/uploads\/2021\/09\/E_K2AJCWYAQpskm-e1631559248844-110x110.jpg",110,110,true],"medium":["https:\/\/acnudh.org\/wp-content\/uploads\/2021\/09\/E_K2AJCWYAQpskm-e1631559248844-400x194.jpg",400,194,true],"medium_large":["https:\/\/acnudh.org\/wp-content\/uploads\/2021\/09\/E_K2AJCWYAQpskm-e1631559248844.jpg",798,387,false],"large":["https:\/\/acnudh.org\/wp-content\/uploads\/2021\/09\/E_K2AJCWYAQpskm-e1631559248844-580x281.jpg",580,281,true],"1536x1536":["https:\/\/acnudh.org\/wp-content\/uploads\/2021\/09\/E_K2AJCWYAQpskm-e1631559248844.jpg",798,387,false],"2048x2048":["https:\/\/acnudh.org\/wp-content\/uploads\/2021\/09\/E_K2AJCWYAQpskm-e1631559248844.jpg",798,387,false]},"uagb_author_info":{"display_name":"mmoya","author_link":"https:\/\/acnudh.org\/pt-br\/author\/mmoya\/"},"uagb_comment_info":0,"uagb_excerpt":"Alta comiss\u00e1ria falou ao Conselho de Direitos Humanos sobre como mudan\u00e7a clim\u00e1tica prejudica direitos \u00e0 alimenta\u00e7\u00e3o, acesso \u00e0 \u00e1gua, educa\u00e7\u00e3o e habita\u00e7\u00e3o; Michelle Bachelet condena ataques recentes de mineiros ilegais a comunidades ind\u00edgenas na Amaz\u00f4nia brasileira e est\u00e1 preocupada com decis\u00e3o sobre marco temporal.","_links":{"self":[{"href":"https:\/\/acnudh.org\/pt-br\/wp-json\/wp\/v2\/posts\/67226","targetHints":{"allow":["GET"]}}],"collection":[{"href":"https:\/\/acnudh.org\/pt-br\/wp-json\/wp\/v2\/posts"}],"about":[{"href":"https:\/\/acnudh.org\/pt-br\/wp-json\/wp\/v2\/types\/post"}],"author":[{"embeddable":true,"href":"https:\/\/acnudh.org\/pt-br\/wp-json\/wp\/v2\/users\/5"}],"replies":[{"embeddable":true,"href":"https:\/\/acnudh.org\/pt-br\/wp-json\/wp\/v2\/comments?post=67226"}],"version-history":[{"count":4,"href":"https:\/\/acnudh.org\/pt-br\/wp-json\/wp\/v2\/posts\/67226\/revisions"}],"predecessor-version":[{"id":67242,"href":"https:\/\/acnudh.org\/pt-br\/wp-json\/wp\/v2\/posts\/67226\/revisions\/67242"}],"wp:featuredmedia":[{"embeddable":true,"href":"https:\/\/acnudh.org\/pt-br\/wp-json\/wp\/v2\/media\/67227"}],"wp:attachment":[{"href":"https:\/\/acnudh.org\/pt-br\/wp-json\/wp\/v2\/media?parent=67226"}],"wp:term":[{"taxonomy":"category","embeddable":true,"href":"https:\/\/acnudh.org\/pt-br\/wp-json\/wp\/v2\/categories?post=67226"},{"taxonomy":"post_tag","embeddable":true,"href":"https:\/\/acnudh.org\/pt-br\/wp-json\/wp\/v2\/tags?post=67226"}],"curies":[{"name":"wp","href":"https:\/\/api.w.org\/{rel}","templated":true}]}}