{"id":66158,"date":"2021-05-25T14:40:46","date_gmt":"2021-05-25T18:40:46","guid":{"rendered":"http:\/\/acnudh.org\/?p=66158"},"modified":"2021-06-04T07:58:32","modified_gmt":"2021-06-04T11:58:32","slug":"brasil-webinario-sobre-saude-mental-e-direitos-humanos-tem-participacao-de-relatora-especial-da-onu","status":"publish","type":"post","link":"https:\/\/acnudh.org\/pt-br\/brasil-webinario-sobre-saude-mental-e-direitos-humanos-tem-participacao-de-relatora-especial-da-onu\/","title":{"rendered":"Webin\u00e1rio sobre sa\u00fade mental e direitos humanos no Brasil tem participa\u00e7\u00e3o de relatora especial da ONU"},"content":{"rendered":"\n<p>BRAS\u00cdLIA (25 de maio de 2021) \u2014&nbsp;A intersec\u00e7\u00e3o entra sa\u00fade mental e direitos humanos foi tema de um webin\u00e1rio realizado pela ONU Direitos Humanos na \u00faltima ter\u00e7a-feira, 18 de maio \u2014&nbsp;data em que \u00e9 celebrado no pa\u00eds o Dia Nacional da Luta Antimanicomial. <\/p>\n\n\n\n<p>O evento contou com a participa\u00e7\u00e3o da Relatora Especial da\nONU sobre o direito \u00e0 sa\u00fade f\u00edsica e mental, Dra. Tlaleng Mofokeng, e do assessor\nde Direitos Humanos e Defici\u00eancia da Divis\u00e3o de Direitos Humanos e Quest\u00f5es\nEcon\u00f4micas e Sociais da ONU Direitos Humanos, Facundo Chavez Penillas, entre\noutras pessoas convidadas e representantes do campo da sa\u00fade mental no pa\u00eds.<\/p>\n\n\n\n<p>Em sua fala, a Relatora da ONU refor\u00e7ou que o tema da sa\u00fade\nmental deve ser observado sob a perspectiva de ra\u00e7a, g\u00eanero, sexualidade,\ndefici\u00eancia e religi\u00e3o, entre outras vari\u00e1veis. \u201cOntem mesmo [17 de maio], as\ncomemora\u00e7\u00f5es do Dia Internacional contra a Homofobia, Transfobia e Bifobia nos\nlembraram que a homossexualidade s\u00f3 foi desclassificada como doen\u00e7a mental h\u00e1 apenas\n31 anos. Isso soa como hist\u00f3ria, mas para muitos ao redor do mundo \u00e9 uma\nexperi\u00eancia real e interseccional, consistindo nas mesmas viola\u00e7\u00f5es dos\ndireitos humanos contra afrodescendentes, mulheres, usu\u00e1rios de drogas, pessoas\nem situa\u00e7\u00e3o de rua e pessoas com v\u00e1rias formas de defici\u00eancia\u201d, afirmou Dra. Mofokeng.<\/p>\n\n\n\n<p>Facundo Chavez enfatizou que \u201cpessoas com defici\u00eancia\npsicossocial est\u00e3o entre as mais exclu\u00eddas entre as pessoas com defici\u00eancia,\nque j\u00e1 s\u00e3o exclu\u00eddas\u201d. Segundo ele, as pol\u00edticas repressivas e excludentes que\nainda existem no mundo s\u00e3o motivadas por constru\u00e7\u00f5es sociais que tamb\u00e9m persistem.\n\u201cO estigma de periculosidade que pesa sobre essa popula\u00e7\u00e3o tamb\u00e9m promove\nsistemas de pol\u00edticas publicas tipicamente repressivas e que tendem a\ncriminalizar a pessoa com esse tipo de defici\u00eancia\u201d, disse. \u201cN\u00f3s temos de desconstruir\nessa percep\u00e7\u00e3o, n\u00e3o importa quanto tempo leve, pois ela \u00e9 injusta e prejudicial\u201d.\n<\/p>\n\n\n\n<p>O assessor de Direitos Humanos e Defici\u00eancia afirmou tamb\u00e9m que\n\u00e9 preciso promover uma repara\u00e7\u00e3o hist\u00f3rica: \u201cA subjuga\u00e7\u00e3o dos direitos das\npessoas com defici\u00eancia psicossocial gerou uma crise de confian\u00e7a nos sistemas\nde sa\u00fade mental. Sem essa confian\u00e7a, esses sistemas n\u00e3o podem cumprir seus\nobjetivos finais de recupera\u00e7\u00e3o. \u00c9 necess\u00e1ria uma repara\u00e7\u00e3o moral. Um\nreconhecimento dos danos causados\u201d.<\/p>\n\n\n\n<p>Tamb\u00e9m presente no evento, o representante da ONU Direitos\nHumanos para a Am\u00e9rica do Sul, Jan Jarab, falou sobre a import\u00e2ncia de se ter uma\nampla participa\u00e7\u00e3o social para a promo\u00e7\u00e3o de modelos integrados de sa\u00fade mental\ne direitos humanos, destacando que movimentos da sociedade civil podem ser\naliados e atores centrais para esse processo, principalmente quando se trata da\ninclus\u00e3o de usu\u00e1rios e seus familiares.<\/p>\n\n\n\n<figure class=\"wp-block-embed-twitter wp-block-embed is-type-rich is-provider-twitter\"><div class=\"wp-block-embed__wrapper\">\n<blockquote class=\"twitter-tweet\" data-width=\"500\" data-dnt=\"true\"><p lang=\"pt\" dir=\"ltr\"><a href=\"https:\/\/twitter.com\/hashtag\/Brasil?src=hash&amp;ref_src=twsrc%5Etfw\">#Brasil<\/a>\ud83c\udde7\ud83c\uddf7<br> <br>Webin\u00e1rio sobre <a href=\"https:\/\/twitter.com\/hashtag\/Sa%C3%BAdeMental?src=hash&amp;ref_src=twsrc%5Etfw\">#Sa\u00fadeMental<\/a> e <a href=\"https:\/\/twitter.com\/hashtag\/DireitosHumanos?src=hash&amp;ref_src=twsrc%5Etfw\">#DireitosHumanos<\/a> teve a participa\u00e7\u00e3o da relatora especial da <a href=\"https:\/\/twitter.com\/hashtag\/ONU?src=hash&amp;ref_src=twsrc%5Etfw\">#ONU<\/a> <a href=\"https:\/\/twitter.com\/drtlaleng?ref_src=twsrc%5Etfw\">@drtlaleng<\/a>, que destacou a import\u00e2ncia de se observar esse tema sob a perspectiva das interseccionalidades<br> <br>Saiba mais!\u27a1\ufe0f<a href=\"https:\/\/t.co\/a0yCJpafMX\">https:\/\/t.co\/a0yCJpafMX<\/a> <a href=\"https:\/\/twitter.com\/hashtag\/ApoieOsDireitosHumanos?src=hash&amp;ref_src=twsrc%5Etfw\">#ApoieOsDireitosHumanos<\/a> <a href=\"https:\/\/t.co\/sfgjht2G0C\">pic.twitter.com\/sfgjht2G0C<\/a><\/p>&mdash; ONU Derechos Humanos &#8211; Am\u00e9rica del Sur (@ONU_derechos) <a href=\"https:\/\/twitter.com\/ONU_derechos\/status\/1397281507912429572?ref_src=twsrc%5Etfw\">May 25, 2021<\/a><\/blockquote><script async src=\"https:\/\/platform.twitter.com\/widgets.js\" charset=\"utf-8\"><\/script>\n<\/div><\/figure>\n\n\n\n<p>\u201cPropostas de desinstitucionaliza\u00e7\u00e3o, de combate a coer\u00e7\u00e3o nos tratamentos de sa\u00fade mental e o desenvolvimento de servi\u00e7os comunit\u00e1rios e inclusivos j\u00e1 parecem estar em curso no Brasil, com os Centros de Aten\u00e7\u00e3o Psicossocial &nbsp;do Sistema \u00danico de Sa\u00fade, por exemplo. No entanto, \u00e9 importante que n\u00e3o ocorram retrocessos e garantir o avan\u00e7o dessa agenda\u201d, disse Jan Jarab.<\/p>\n\n\n\n<p>Em suas falas \u2014&nbsp;motivadas por perguntas tem\u00e1ticas\nfeitas pela media\u00e7\u00e3o \u2014, as pessoas representantes do Poder Legislativo, de\n\u00f3rg\u00e3os do Poder Judici\u00e1rio, de movimentos e organiza\u00e7\u00f5es da sociedade civil chamaram\na aten\u00e7\u00e3o a poss\u00edveis retrocessos nas pol\u00edticas p\u00fablicas de sa\u00fade mental no\npa\u00eds, e refor\u00e7aram a import\u00e2ncia de se respeitar a Lei 10.216, de 2001 \u2014\nconhecida como a Lei de Reforma Psiqui\u00e1trica, que disp\u00f5e sobre os direitos da pessoa\ncom transtorno mental e os deveres do Estado.<\/p>\n\n\n\n<p>Representante da Frente Parlamentar Mista em Defesa da\nReforma Psiqui\u00e1trica e Luta Antimanicomial, a deputada federal Erika Kokay celebrou\nos 20 anos da \u201creforma psiqui\u00e1trica\u201d promovida no Brasil a partir da aprova\u00e7\u00e3o\nda lei afirmando que com ela, foi conquistado tamb\u00e9m o cuidar em liberdade. \u201cA\nliberdade nos faz humanos. Sem liberdade, \u00e9 dif\u00edcil que n\u00f3s possamos vivenciar\nplenamente uma humanidade. A afetividade nos faz humano\u201d, disse. Ela tamb\u00e9m\nargumentou contra a \u201cl\u00f3gica reducionista, que quer impor que tenhamos modelos\nr\u00edgidos\u201d no tratamento psicossocial, sem considerar as singularidades\nindividuais.<\/p>\n\n\n\n<p>Iolanda Machado, representante do Movimento de Usu\u00e1rios e\nFamiliares, destacou que a import\u00e2ncia dos direitos humanos no cuidado de sa\u00fade\nmental \u00e9 justamente para que \u201cn\u00e3o se perca a humanidade\u201d. \u201cQuando a gente pensa\nna realidade dos manic\u00f4mios, o que se retirou daquelas pessoas ali \u00e9 o sentido\nde ser humano, de ser um ente com sentimentos\u201d, afirmou. \u201cEssas pessoas t\u00eam\ndireito \u00e0 vida e devem ser tratadas como pessoas. Elas n\u00e3o s\u00e3o coisas, n\u00e3o s\u00e3o\nanimais\u201d.<\/p>\n\n\n\n<p>Tamb\u00e9m participaram do evento: Marisa Helena Alves, representante\ndo Conselho Federal de Psicologia; Leonardo Pinho, representante da Associa\u00e7\u00e3o\nBrasileira de Sa\u00fade Mental; Juiz Lu\u00eds Lanfredi, representante do Conselho\nNacional de Justi\u00e7a; Laura Fusaro, representante da Rede Nacional Intern\u00facleos\nda Luta Antimanicomial; Eduardo Kassuga, representante da Defensoria P\u00fablica da\nUni\u00e3o e Coordenador do Grupo de Trabalho de Sa\u00fade da DPU; Andr\u00e9 Ferreira, representante\ndo Movimento Nacional da Luta Antimanicomial. <\/p>\n\n\n\n<p>Com dura\u00e7\u00e3o de quase duas horas, o webin\u00e1rio foi acompanhado ao vivo pelo Youtube por mais de 500 pessoas. O evento se insere no contexto de engajamento do Sistema das Na\u00e7\u00f5es Unidas no Brasil com o tema da sa\u00fade mental, cuja continuidade prev\u00ea a promo\u00e7\u00e3o de workshops envolvendo diferentes atores da sociedade, como organiza\u00e7\u00f5es e ativistas da luta antimanicomial, parlamentares, atores do Judici\u00e1rio, pessoas usu\u00e1rias de drogas e seus familiares, entre outros. As atividades pretendem dar centralidade \u00e0s demandas expressadas pelas pr\u00f3prias pessoas que usam e dependem dos servi\u00e7os de sa\u00fade mental, bem como suas fam\u00edlias.<\/p>\n\n\n\n<p>FIM<\/p>\n\n\n\n<p style=\"text-align:center\"><em>Te preocupa o mundo em que vivemos?&nbsp;<strong>Ent\u00e3o APOIE os direitos de algu\u00e9m hoje.<\/strong>#ApoieosDireitosHumanos&nbsp;e visite a p\u00e1gina web em&nbsp;<\/em><a href=\"http:\/\/www.standup4humanrights.org\/\">http:\/\/www.standup4humanrights.org<\/a><\/p>\n","protected":false},"excerpt":{"rendered":"<p>BRAS\u00cdLIA (25 de maio de 2021) \u2014&nbsp;A intersec\u00e7\u00e3o entra sa\u00fade mental e direitos humanos foi tema de um webin\u00e1rio realizado pela ONU Direitos Humanos na \u00faltima ter\u00e7a-feira, 18 de maio \u2014&nbsp;data em que \u00e9 celebrado no pa\u00eds o Dia Nacional da Luta Antimanicomial. O evento contou com a participa\u00e7\u00e3o da Relatora Especial da ONU sobre [&hellip;]<\/p>\n","protected":false},"author":1,"featured_media":66176,"comment_status":"closed","ping_status":"closed","sticky":false,"template":"","format":"standard","meta":{"_uag_custom_page_level_css":"","site-sidebar-layout":"default","site-content-layout":"default","ast-site-content-layout":"","site-content-style":"default","site-sidebar-style":"default","ast-global-header-display":"","ast-banner-title-visibility":"","ast-main-header-display":"","ast-hfb-above-header-display":"","ast-hfb-below-header-display":"","ast-hfb-mobile-header-display":"","site-post-title":"","ast-breadcrumbs-content":null,"ast-featured-img":"","footer-sml-layout":"","theme-transparent-header-meta":"default","adv-header-id-meta":"","stick-header-meta":"default","header-above-stick-meta":"","header-main-stick-meta":"","header-below-stick-meta":"","astra-migrate-meta-layouts":"default","ast-page-background-enabled":"default","ast-page-background-meta":{"desktop":{"background-color":"","background-image":"","background-repeat":"repeat","background-position":"center center","background-size":"auto","background-attachment":"scroll","background-type":"","background-media":"","overlay-type":"","overlay-color":"","overlay-opacity":"","overlay-gradient":""},"tablet":{"background-color":"","background-image":"","background-repeat":"repeat","background-position":"center center","background-size":"auto","background-attachment":"scroll","background-type":"","background-media":"","overlay-type":"","overlay-color":"","overlay-opacity":"","overlay-gradient":""},"mobile":{"background-color":"","background-image":"","background-repeat":"repeat","background-position":"center center","background-size":"auto","background-attachment":"scroll","background-type":"","background-media":"","overlay-type":"","overlay-color":"","overlay-opacity":"","overlay-gradient":""}},"ast-content-background-meta":{"desktop":{"background-color":"var(--ast-global-color-5)","background-image":"","background-repeat":"repeat","background-position":"center center","background-size":"auto","background-attachment":"scroll","background-type":"","background-media":"","overlay-type":"","overlay-color":"","overlay-opacity":"","overlay-gradient":""},"tablet":{"background-color":"var(--ast-global-color-5)","background-image":"","background-repeat":"repeat","background-position":"center center","background-size":"auto","background-attachment":"scroll","background-type":"","background-media":"","overlay-type":"","overlay-color":"","overlay-opacity":"","overlay-gradient":""},"mobile":{"background-color":"var(--ast-global-color-5)","background-image":"","background-repeat":"repeat","background-position":"center center","background-size":"auto","background-attachment":"scroll","background-type":"","background-media":"","overlay-type":"","overlay-color":"","overlay-opacity":"","overlay-gradient":""}},"footnotes":""},"categories":[824,830],"tags":[810,907,857,908],"class_list":["post-66158","post","type-post","status-publish","format-standard","has-post-thumbnail","hentry","category-noticias","category-slide-portada-pt","tag-brasil-pt-br","tag-justica-e-instituicoes-fortes","tag-ods-03-pt-br","tag-ods-16-paz-pt-br"],"uagb_featured_image_src":{"full":["https:\/\/acnudh.org\/wp-content\/uploads\/2021\/05\/webinario-saude-mental-1.jpg",2367,1771,false],"thumbnail":["https:\/\/acnudh.org\/wp-content\/uploads\/2021\/05\/webinario-saude-mental-1-110x110.jpg",110,110,true],"medium":["https:\/\/acnudh.org\/wp-content\/uploads\/2021\/05\/webinario-saude-mental-1-400x299.jpg",400,299,true],"medium_large":["https:\/\/acnudh.org\/wp-content\/uploads\/2021\/05\/webinario-saude-mental-1.jpg",2367,1771,false],"large":["https:\/\/acnudh.org\/wp-content\/uploads\/2021\/05\/webinario-saude-mental-1-580x434.jpg",580,434,true],"1536x1536":["https:\/\/acnudh.org\/wp-content\/uploads\/2021\/05\/webinario-saude-mental-1.jpg",1536,1149,false],"2048x2048":["https:\/\/acnudh.org\/wp-content\/uploads\/2021\/05\/webinario-saude-mental-1.jpg",2048,1532,false]},"uagb_author_info":{"display_name":"acnudh","author_link":"https:\/\/acnudh.org\/pt-br\/author\/acnudh\/"},"uagb_comment_info":0,"uagb_excerpt":"BRAS\u00cdLIA (25 de maio de 2021) \u2014&nbsp;A intersec\u00e7\u00e3o entra sa\u00fade mental e direitos humanos foi tema de um webin\u00e1rio realizado pela ONU Direitos Humanos na \u00faltima ter\u00e7a-feira, 18 de maio \u2014&nbsp;data em que \u00e9 celebrado no pa\u00eds o Dia Nacional da Luta Antimanicomial. O evento contou com a participa\u00e7\u00e3o da Relatora Especial da ONU sobre&hellip;","_links":{"self":[{"href":"https:\/\/acnudh.org\/pt-br\/wp-json\/wp\/v2\/posts\/66158","targetHints":{"allow":["GET"]}}],"collection":[{"href":"https:\/\/acnudh.org\/pt-br\/wp-json\/wp\/v2\/posts"}],"about":[{"href":"https:\/\/acnudh.org\/pt-br\/wp-json\/wp\/v2\/types\/post"}],"author":[{"embeddable":true,"href":"https:\/\/acnudh.org\/pt-br\/wp-json\/wp\/v2\/users\/1"}],"replies":[{"embeddable":true,"href":"https:\/\/acnudh.org\/pt-br\/wp-json\/wp\/v2\/comments?post=66158"}],"version-history":[{"count":8,"href":"https:\/\/acnudh.org\/pt-br\/wp-json\/wp\/v2\/posts\/66158\/revisions"}],"predecessor-version":[{"id":66185,"href":"https:\/\/acnudh.org\/pt-br\/wp-json\/wp\/v2\/posts\/66158\/revisions\/66185"}],"wp:featuredmedia":[{"embeddable":true,"href":"https:\/\/acnudh.org\/pt-br\/wp-json\/wp\/v2\/media\/66176"}],"wp:attachment":[{"href":"https:\/\/acnudh.org\/pt-br\/wp-json\/wp\/v2\/media?parent=66158"}],"wp:term":[{"taxonomy":"category","embeddable":true,"href":"https:\/\/acnudh.org\/pt-br\/wp-json\/wp\/v2\/categories?post=66158"},{"taxonomy":"post_tag","embeddable":true,"href":"https:\/\/acnudh.org\/pt-br\/wp-json\/wp\/v2\/tags?post=66158"}],"curies":[{"name":"wp","href":"https:\/\/api.w.org\/{rel}","templated":true}]}}