{"id":66041,"date":"2021-05-07T08:35:25","date_gmt":"2021-05-07T11:35:25","guid":{"rendered":"http:\/\/acnudh.org\/brasil-onu-derechos-humanos-acabar-con-circulo-vicioso-de-violencia-letal-tras-operativo-policial-en-rio-de-janeiro\/"},"modified":"2021-05-19T16:57:10","modified_gmt":"2021-05-19T20:57:10","slug":"brasil-onu-derechos-humanos-acabar-con-circulo-vicioso-de-violencia-letal-tras-operativo-policial-en-rio-de-janeiro","status":"publish","type":"post","link":"https:\/\/acnudh.org\/pt-br\/brasil-onu-derechos-humanos-acabar-con-circulo-vicioso-de-violencia-letal-tras-operativo-policial-en-rio-de-janeiro\/","title":{"rendered":"Brasil: ONU Direitos Humanos pede para acabar com &#8220;ciclo vicioso de viol\u00eancia letal&#8221; ap\u00f3s opera\u00e7\u00e3o policial no Rio"},"content":{"rendered":"\n<ul class=\"wp-block-list\"><li>Coletiva de imprensa regular do servi\u00e7o de not\u00edcias da ONU em Genebra<\/li><li>Porta-voz da Alta Comiss\u00e1ria: Rupert Colville<\/li><li>Data: 7 de maio de 2021<\/li><\/ul>\n\n\n\n<p>Estamos profundamente consternados com a morte de pelo menos 25 pessoas em uma opera\u00e7\u00e3o policial no bairro de Jacarezinho, no Rio de Janeiro, ontem (6 de maio).<\/p>\n\n\n\n<p>O incidente come\u00e7ou na madrugada de quinta-feira quando, segundo relatos, policiais no solo e em um helic\u00f3ptero abriram fogo na vizinhan\u00e7a &#8211; em uma opera\u00e7\u00e3o supostamente destinada a enfrentar membros de uma organiza\u00e7\u00e3o criminosa. Pelo menos 25 pessoas teriam sido mortas durante a opera\u00e7\u00e3o, incluindo um policial. O n\u00famero exato de pessoas feridas, incluindo transeuntes e pessoas dentro de suas casas, ainda \u00e9 desconhecido.<\/p>\n\n\n\n<p>Esta parece ter sido a opera\u00e7\u00e3o mais mortal em mais de uma d\u00e9cada no Rio de Janeiro, e refor\u00e7a uma tend\u00eancia antiga de uso desnecess\u00e1rio e desproporcional da for\u00e7a pela pol\u00edcia nos bairros pobres, marginalizados e predominantemente afro-brasileiros do Brasil, conhecidos como favelas.&nbsp;<\/p>\n\n\n\n<p>\u00c9 particularmente perturbador que a opera\u00e7\u00e3o tenha ocorrido apesar de uma decis\u00e3o do Supremo Tribunal Federal em 2020, restringindo as opera\u00e7\u00f5es policiais nas favelas do Rio durante a pandemia da COVID-19.<\/p>\n\n\n\n<p>Lembramos \u00e0s autoridades brasileiras que o uso da for\u00e7a deve ser aplicado somente quando estritamente necess\u00e1rio, e que elas devem sempre respeitar os princ\u00edpios de legalidade, precau\u00e7\u00e3o, necessidade e proporcionalidade. A for\u00e7a letal deve ser usada como \u00faltimo recurso e somente nos casos em que haja uma amea\u00e7a iminente \u00e0 vida ou de ferimentos graves.<\/p>\n\n\n\n<p>Recebemos relatos preocupantes de que, ap\u00f3s os acontecimentos, a pol\u00edcia n\u00e3o tomou medidas para preservar as provas no local, o que poderia dificultar as investiga\u00e7\u00f5es sobre o resultado tr\u00e1gico desta opera\u00e7\u00e3o letal.&nbsp;<\/p>\n\n\n\n<p>&nbsp;Pedimos ao Minist\u00e9rio P\u00fablico que realize uma investiga\u00e7\u00e3o independente, completa e imparcial deste incidente, de acordo com as normas internacionais &#8211; em particular o Protocolo de Minnesota sobre a investiga\u00e7\u00e3o de mortes potencialmente ilegais. Isto implica que as autoridades devem garantir a seguran\u00e7a e a prote\u00e7\u00e3o das testemunhas e proteg\u00ea-las contra intimida\u00e7\u00f5es e retalia\u00e7\u00f5es.<\/p>\n\n\n\n<p>Tamb\u00e9m instamos para que haja uma discuss\u00e3o ampla e inclusiva no Brasil sobre o atual modelo de policiamento nas favelas, que est\u00e3o presas em um ciclo vicioso de viol\u00eancia letal, com um impacto dramaticamente crescente nas popula\u00e7\u00f5es pobres e marginalizadas.<\/p>\n\n\n\n<p>Fonte: <a rel=\"noreferrer noopener\" aria-label=\"ONU Derechos Humanos (abre en una nueva pesta\u00f1a)\" href=\"https:\/\/www.ohchr.org\/EN\/NewsEvents\/Pages\/DisplayNews.aspx?NewsID=27069&amp;LangID=E\" target=\"_blank\">ONU Direitos Humanos<\/a><\/p>\n\n\n\n<p><strong>V\u00eddeo<\/strong><\/p>\n\n\n\n<figure class=\"wp-block-embed-youtube wp-block-embed is-type-video is-provider-youtube wp-embed-aspect-16-9 wp-has-aspect-ratio\"><div class=\"wp-block-embed__wrapper\">\n<div class=\"ast-oembed-container \" style=\"height: 100%;\"><iframe loading=\"lazy\" title=\"Brasil: Escrit\u00f3rio pediu para acabar com \u201cciclo vicioso de viol\u00eancia letal\u201d no Rio de Janeiro\" width=\"500\" height=\"281\" src=\"https:\/\/www.youtube.com\/embed\/a8lo9wIc3q0?feature=oembed\" frameborder=\"0\" allow=\"accelerometer; autoplay; clipboard-write; encrypted-media; gyroscope; picture-in-picture; web-share\" referrerpolicy=\"strict-origin-when-cross-origin\" allowfullscreen><\/iframe><\/div>\n<\/div><\/figure>\n\n\n\n<p style=\"text-align:center\"><em>Te preocupa o mundo em que vivemos?&nbsp;<strong>Ent\u00e3o APOIE os direitos de algu\u00e9m hoje.<\/strong>#ApoieosDireitosHumanos&nbsp;e visite a p\u00e1gina web em&nbsp;<\/em><a href=\"http:\/\/www.standup4humanrights.org\/\">http:\/\/www.standup4humanrights.org<\/a><br><\/p>\n","protected":false},"excerpt":{"rendered":"<p>Rupert Colville, porta-voz do Escrit\u00f3rio da Alta Comiss\u00e1ria da ONU para os Direitos Humanos, comentou o grave incidente que no dia 6 de maio deixou pelo menos 25 pessoas mortas no bairro de Jacarezinho. <\/p>\n","protected":false},"author":5,"featured_media":66039,"comment_status":"closed","ping_status":"closed","sticky":false,"template":"","format":"standard","meta":{"_uag_custom_page_level_css":"","site-sidebar-layout":"default","site-content-layout":"default","ast-site-content-layout":"","site-content-style":"default","site-sidebar-style":"default","ast-global-header-display":"","ast-banner-title-visibility":"","ast-main-header-display":"","ast-hfb-above-header-display":"","ast-hfb-below-header-display":"","ast-hfb-mobile-header-display":"","site-post-title":"","ast-breadcrumbs-content":"","ast-featured-img":"","footer-sml-layout":"","theme-transparent-header-meta":"default","adv-header-id-meta":"","stick-header-meta":"default","header-above-stick-meta":"","header-main-stick-meta":"","header-below-stick-meta":"","astra-migrate-meta-layouts":"default","ast-page-background-enabled":"default","ast-page-background-meta":{"desktop":{"background-color":"","background-image":"","background-repeat":"repeat","background-position":"center center","background-size":"auto","background-attachment":"scroll","background-type":"","background-media":"","overlay-type":"","overlay-color":"","overlay-opacity":"","overlay-gradient":""},"tablet":{"background-color":"","background-image":"","background-repeat":"repeat","background-position":"center center","background-size":"auto","background-attachment":"scroll","background-type":"","background-media":"","overlay-type":"","overlay-color":"","overlay-opacity":"","overlay-gradient":""},"mobile":{"background-color":"","background-image":"","background-repeat":"repeat","background-position":"center center","background-size":"auto","background-attachment":"scroll","background-type":"","background-media":"","overlay-type":"","overlay-color":"","overlay-opacity":"","overlay-gradient":""}},"ast-content-background-meta":{"desktop":{"background-color":"var(--ast-global-color-5)","background-image":"","background-repeat":"repeat","background-position":"center center","background-size":"auto","background-attachment":"scroll","background-type":"","background-media":"","overlay-type":"","overlay-color":"","overlay-opacity":"","overlay-gradient":""},"tablet":{"background-color":"var(--ast-global-color-5)","background-image":"","background-repeat":"repeat","background-position":"center center","background-size":"auto","background-attachment":"scroll","background-type":"","background-media":"","overlay-type":"","overlay-color":"","overlay-opacity":"","overlay-gradient":""},"mobile":{"background-color":"var(--ast-global-color-5)","background-image":"","background-repeat":"repeat","background-position":"center center","background-size":"auto","background-attachment":"scroll","background-type":"","background-media":"","overlay-type":"","overlay-color":"","overlay-opacity":"","overlay-gradient":""}},"footnotes":""},"categories":[824,830],"tags":[810,913,908,914],"class_list":["post-66041","post","type-post","status-publish","format-standard","has-post-thumbnail","hentry","category-noticias","category-slide-portada-pt","tag-brasil-pt-br","tag-justicia-e-instituciones-solidas-pt-br","tag-ods-16-paz-pt-br","tag-ods-16-paz-pt-br-2"],"uagb_featured_image_src":{"full":["https:\/\/acnudh.org\/wp-content\/uploads\/2021\/05\/image1170x530cropped-2.jpg",1170,530,false],"thumbnail":["https:\/\/acnudh.org\/wp-content\/uploads\/2021\/05\/image1170x530cropped-2-110x110.jpg",110,110,true],"medium":["https:\/\/acnudh.org\/wp-content\/uploads\/2021\/05\/image1170x530cropped-2-400x181.jpg",400,181,true],"medium_large":["https:\/\/acnudh.org\/wp-content\/uploads\/2021\/05\/image1170x530cropped-2.jpg",1170,530,false],"large":["https:\/\/acnudh.org\/wp-content\/uploads\/2021\/05\/image1170x530cropped-2-580x263.jpg",580,263,true],"1536x1536":["https:\/\/acnudh.org\/wp-content\/uploads\/2021\/05\/image1170x530cropped-2.jpg",1170,530,false],"2048x2048":["https:\/\/acnudh.org\/wp-content\/uploads\/2021\/05\/image1170x530cropped-2.jpg",1170,530,false]},"uagb_author_info":{"display_name":"mmoya","author_link":"https:\/\/acnudh.org\/pt-br\/author\/mmoya\/"},"uagb_comment_info":0,"uagb_excerpt":"Rupert Colville, porta-voz do Escrit\u00f3rio da Alta Comiss\u00e1ria da ONU para os Direitos Humanos, comentou o grave incidente que no dia 6 de maio deixou pelo menos 25 pessoas mortas no bairro de Jacarezinho.","_links":{"self":[{"href":"https:\/\/acnudh.org\/pt-br\/wp-json\/wp\/v2\/posts\/66041","targetHints":{"allow":["GET"]}}],"collection":[{"href":"https:\/\/acnudh.org\/pt-br\/wp-json\/wp\/v2\/posts"}],"about":[{"href":"https:\/\/acnudh.org\/pt-br\/wp-json\/wp\/v2\/types\/post"}],"author":[{"embeddable":true,"href":"https:\/\/acnudh.org\/pt-br\/wp-json\/wp\/v2\/users\/5"}],"replies":[{"embeddable":true,"href":"https:\/\/acnudh.org\/pt-br\/wp-json\/wp\/v2\/comments?post=66041"}],"version-history":[{"count":5,"href":"https:\/\/acnudh.org\/pt-br\/wp-json\/wp\/v2\/posts\/66041\/revisions"}],"predecessor-version":[{"id":66050,"href":"https:\/\/acnudh.org\/pt-br\/wp-json\/wp\/v2\/posts\/66041\/revisions\/66050"}],"wp:featuredmedia":[{"embeddable":true,"href":"https:\/\/acnudh.org\/pt-br\/wp-json\/wp\/v2\/media\/66039"}],"wp:attachment":[{"href":"https:\/\/acnudh.org\/pt-br\/wp-json\/wp\/v2\/media?parent=66041"}],"wp:term":[{"taxonomy":"category","embeddable":true,"href":"https:\/\/acnudh.org\/pt-br\/wp-json\/wp\/v2\/categories?post=66041"},{"taxonomy":"post_tag","embeddable":true,"href":"https:\/\/acnudh.org\/pt-br\/wp-json\/wp\/v2\/tags?post=66041"}],"curies":[{"name":"wp","href":"https:\/\/api.w.org\/{rel}","templated":true}]}}