{"id":65171,"date":"2021-03-05T08:57:14","date_gmt":"2021-03-05T11:57:14","guid":{"rendered":"http:\/\/acnudh.org\/estados-devem-encontrar-vontade-politica-para-evitar-assassinatos-de-pessoas-defensoras-dos-direitos-humanos-diz-especialista-da-onu\/"},"modified":"2021-03-05T14:51:52","modified_gmt":"2021-03-05T17:51:52","slug":"estados-devem-encontrar-vontade-politica-para-evitar-assassinatos-de-pessoas-defensoras-dos-direitos-humanos-diz-especialista-da-onu","status":"publish","type":"post","link":"https:\/\/acnudh.org\/pt-br\/estados-devem-encontrar-vontade-politica-para-evitar-assassinatos-de-pessoas-defensoras-dos-direitos-humanos-diz-especialista-da-onu\/","title":{"rendered":"Especialista pede para evitar assassinatos de pessoas defensoras dos direitos humanos"},"content":{"rendered":"\n<p>GENEBRA (5 de mar\u00e7o de 2021) &#8211; A especialista da ONU Mary Lawlor* disse hoje que centenas de pessoas defensoras dos direitos humanos s\u00e3o mortas por causa trabalho pac\u00edfico que exercem a cada ano, e os Estados devem encontrar vontade pol\u00edtica para proteg\u00ea-las e impedir os assassinatos.<\/p>\n\n\n\n<p>&#8220;\u00c9 chocante que, entre 2015 e 2019, pelo menos 1.323 pessoas defensoras tenham sido mortas em 64 pa\u00edses&#8221;, disse Lawlor, Relatora Especial da ONU sobre a situa\u00e7\u00e3o de defensoras e defensores dos direitos humanos. &#8220;O padr\u00e3o de assassinatos \u00e9 generalizado, com pessoas defensoras dos direitos humanos tendo sido mortas em quase um ter\u00e7o dos Estados membros da ONU desde 2015&#8221;.<\/p>\n\n\n\n<p>Lawlor apresentou seu \u00faltimo relat\u00f3rio, &#8220;\u00daltimo aviso: amea\u00e7as de morte e assassinatos de pessoas defensores dos direitos humanos&#8221;, \u00e0 46\u00aa sess\u00e3o do Conselho de Direitos Humanos. O relat\u00f3rio detalha informa\u00e7\u00f5es coletadas pela Escrit\u00f3rio de Direitos Humanos da ONU, e apoiadas por fontes confi\u00e1veis, destacando que em 2019 pelo menos 281 pessoas defensoras dos direitos humanos foram mortos em 35 pa\u00edses, incluindo 38 mulheres defensoras dos direitos humanos.<\/p>\n\n\n\n<p>Lawlor disse que, a menos que uma a\u00e7\u00e3o radical seja tomada, os assassinatos continuar\u00e3o. O relat\u00f3rio tamb\u00e9m detalha quantos dos assassinatos foram precedidos por amea\u00e7as feitas contra as defensoras e defensores.<\/p>\n\n\n\n<p>&#8220;Desde que assumi este mandato, em maio do ano passado, falei com centenas e centenas de pessoas defensores dos direitos humanos&#8221;, disse Lawlor. &#8220;Muitas me mostraram amea\u00e7as de morte feitas contra elas, muitas vezes em p\u00fablico. Muitas s\u00e3o atacadas com amea\u00e7as de g\u00eanero e s\u00e3o alvos por causa de quem s\u00e3o e do que fazem&#8221;.<\/p>\n\n\n\n<p>O relat\u00f3rio identifica a impunidade como um fator-chave para mais assassinatos. &#8220;Os Estados membros da ONU falham repetidamente em processar adequadamente os perpetradores&#8221;, disse Lawlor. &#8220;A impunidade persiste, e os assassinatos continuam&#8221;.<\/p>\n\n\n\n<figure class=\"wp-block-embed-twitter wp-block-embed is-type-rich is-provider-twitter\"><div class=\"wp-block-embed__wrapper\">\n<blockquote class=\"twitter-tweet\" data-width=\"500\" data-dnt=\"true\"><p lang=\"es\" dir=\"ltr\"><a href=\"https:\/\/twitter.com\/hashtag\/HRC46?src=hash&amp;ref_src=twsrc%5Etfw\">#HRC46<\/a>\ud83c\uddfa\ud83c\uddf3<br><br>\ud83d\udd34Experta <a href=\"https:\/\/twitter.com\/MaryLawlorhrds?ref_src=twsrc%5Etfw\">@MaryLawlorhrds<\/a> afirm\u00f3 ante el Consejo de <a href=\"https:\/\/twitter.com\/hashtag\/DerechosHumanos?src=hash&amp;ref_src=twsrc%5Etfw\">#DerechosHumanos<\/a> que al menos 1.323 personas defensoras fueron asesinadas entre 2015 y 2019, en 64 pa\u00edses. La especialista pidi\u00f3 a los Estados acabar con la impunidad para prevenir m\u00e1s muertes\u2139\ufe0f <a href=\"https:\/\/t.co\/DhL2XOOmPr\">https:\/\/t.co\/DhL2XOOmPr<\/a> <a href=\"https:\/\/t.co\/MXJ0jofqGJ\">https:\/\/t.co\/MXJ0jofqGJ<\/a> <a href=\"https:\/\/t.co\/mUGAcLled6\">pic.twitter.com\/mUGAcLled6<\/a><\/p>&mdash; ONU Derechos Humanos &#8211; Am\u00e9rica del Sur (@ONU_derechos) <a href=\"https:\/\/twitter.com\/ONU_derechos\/status\/1367824905287434244?ref_src=twsrc%5Etfw\">March 5, 2021<\/a><\/blockquote><script async src=\"https:\/\/platform.twitter.com\/widgets.js\" charset=\"utf-8\"><\/script>\n<\/div><\/figure>\n\n\n\n<p>O documento recomenda que os Estados n\u00e3o apenas acabem com a impunidade, mas tamb\u00e9m aplaudam publicamente a contribui\u00e7\u00e3o vital que as defensoras e defensores dos direitos humanos fazem para ajudar a construir sociedades justas baseadas no Estado de direito.<\/p>\n\n\n\n<p>O relat\u00f3rio observa que alguns Estados estabeleceram mecanismos de prote\u00e7\u00e3o dedicados para prevenir e responder a riscos e ataques contra defensoras e defensoras dos direitos humanos, embora essas pessoas muitas vezes reclamem que os mecanismos n\u00e3o disp\u00f5em de recursos suficientes. <\/p>\n\n\n\n<p>Lawlor disse que os Estados-Membros est\u00e3o falhando em suas obriga\u00e7\u00f5es de prevenir o assassinato de defensoras e defensores dos direitos humanos.<\/p>\n\n\n\n<p>FIM<\/p>\n\n\n\n<p><strong><i><span lang=\"PT-BR\" style=\"margin: 0px; color: black; font-family: 'Arial',sans-serif; font-size: 11pt;\">Sra. Mary Lawlor<\/span><\/i><\/strong><em><span lang=\"PT-BR\" style=\"margin: 0px; color: black; font-family: 'Arial',sans-serif; font-size: 11pt;\">, (Irlanda) \u00e9 a\u00a0<\/span><\/em><span lang=\"EN-US\"><a href=\"https:\/\/www.ohchr.org\/EN\/Issues\/SRHRDefenders\/Pages\/SRHRDefendersIndex.aspx\"><em><span lang=\"PT-BR\" style=\"margin: 0px; color: #663399; font-family: 'Arial',sans-serif; font-size: 11pt; text-decoration: none;\">Relatora Especial sobre a situa\u00e7\u00e3o dos defensores dos direitos humanos<\/span><\/em><\/a><\/span><em><span lang=\"PT-BR\" style=\"margin: 0px; color: black; font-family: 'Arial',sans-serif; font-size: 11pt;\">. Atualmente \u00e9 Professora Adjunta de Neg\u00f3cios e Direitos Humanos no Trinity College Dublin. Ela foi a fundadora da Front Line Defenders &#8211; a Funda\u00e7\u00e3o Internacional para a Prote\u00e7\u00e3o dos Defensores dos Direitos Humanos. Como Diretora Executiva de 2001-2016, ela representou a Front Line Defenders e teve um papel fundamental em seu desenvolvimento. A Sra. Lawlor foi Diretora da Se\u00e7\u00e3o Irlandesa da Amnistia Internacional de 1988 a 2000, tornou-se membro do Conselho em 1975 e foi eleita Presidente de 1983 a 1987.<\/span><\/em> <em><span lang=\"PT-BR\" style=\"margin: 0px; color: black; font-family: 'Arial',sans-serif; font-size: 11pt;\">Os Relatores Especiais fazem parte do que \u00e9 conhecido como <\/span><\/em><span lang=\"EN-US\"><a href=\"https:\/\/www.ohchr.org\/EN\/HRBodies\/SP\/Pages\/Welcomepage.aspx\"><em><span lang=\"PT-BR\" style=\"margin: 0px; color: #663399; font-family: 'Arial',sans-serif; font-size: 11pt; text-decoration: none;\">Procedimentos Especiais<\/span><\/em><\/a><\/span> <em><span lang=\"PT-BR\" style=\"margin: 0px; color: black; font-family: 'Arial',sans-serif; font-size: 11pt;\">do Conselho de Direitos Humanos. Procedimentos Especiais, o maior corpo de especialistas independentes no sistema de Direitos Humanos da ONU, \u00e9 o nome geral dos mecanismos independentes de averigua\u00e7\u00e3o e monitoramento do Conselho que tratam de situa\u00e7\u00f5es espec\u00edficas de pa\u00edses ou de quest\u00f5es tem\u00e1ticas em todas as partes do mundo. Especialistas em procedimentos especiais trabalham de forma volunt\u00e1ria; eles n\u00e3o s\u00e3o funcion\u00e1rios da ONU e n\u00e3o recebem um sal\u00e1rio por seu trabalho. Eles s\u00e3o independentes de qualquer governo ou organiza\u00e7\u00e3o e atuam em sua capacidade individual.<\/span><\/em> <\/p>\n\n\n\n<p><em><span lang=\"PT-BR\" style=\"margin: 0px; color: black; font-family: 'Arial',sans-serif; font-size: 11pt;\">ONU Direitos Humanos, p\u00e1gina do pa\u00eds:<\/span><\/em><i> <\/i><span lang=\"EN-US\"><span lang=\"PT-BR\" style=\"margin: 0px; font-family: 'Arial',sans-serif;\"><a aria-label=\" (abre en una nueva pesta\u00f1a)\" rel=\"noreferrer noopener\" href=\"http:\/\/acnudh.org\/pt-br\/brasil-2\/\" target=\"_blank\">Brasil<\/a><\/span><\/span><i> <span lang=\"PT-BR\" style=\"margin: 0px; color: black; font-family: 'Arial',sans-serif; font-size: 11pt;\">\u00a0<\/span><\/i><span lang=\"PT-BR\" style=\"margin: 0px; color: black; font-family: 'Arial',sans-serif; font-size: 11pt;\"> <\/span><\/p>\n\n\n\n<p><span lang=\"PT-BR\" style=\"margin: 0px; color: black; font-family: 'Arial',sans-serif; font-size: 11pt;\"><em>Para mais informa\u00e7\u00f5es e <\/em><b><em>solicita\u00e7\u00f5es da m\u00eddia<\/em><\/b><em>, entre em contato com Adriana Zarraluqui (+41 22 917 9965\u00a0<\/em><\/span><span lang=\"EN-US\"><a><span lang=\"PT-BR\" style=\"margin: 0px; font-family: 'Arial',sans-serif; font-size: 11pt;\"><em>\/ azarraluqui@ohchr.org<\/em><\/span><\/a><\/span><span lang=\"PT-BR\" style=\"margin: 0px; color: black; font-family: 'Arial',sans-serif; font-size: 11pt;\"><em>) ou escreva para\u00a0<\/em><\/span><span lang=\"EN-US\"><a><span lang=\"PT-BR\" style=\"margin: 0px; font-family: 'Arial',sans-serif; font-size: 11pt;\"><em>defenders@ohchr.org<\/em><\/span><\/a><\/span><span lang=\"PT-BR\" style=\"margin: 0px; color: black; font-family: 'Arial',sans-serif; font-size: 11pt;\"><em>.<\/em><\/span><span lang=\"PT-BR\" style=\"margin: 0px; color: black; font-family: 'Arial',sans-serif; font-size: 11pt;\"><em> <\/em><span style=\"margin: 0px; font-family: 'Arial',sans-serif;\"><em>Para perguntas da m\u00eddia sobre outros especialistas independentes da ONU, entre em contato com Renato de Souza (+41 22 928 9855\u00a0\/\u00a0<\/em><\/span><\/span><span lang=\"EN-US\"><a><span lang=\"PT-BR\" style=\"margin: 0px; font-family: 'Arial',sans-serif; font-size: 11pt;\"><em>rrosariodesouza@ohchr.org<\/em><\/span><\/a><\/span><span lang=\"PT-BR\" style=\"margin: 0px; color: black; font-family: 'Arial',sans-serif; font-size: 11pt;\"><em>).<\/em><\/span><em> <\/em><\/p>\n\n\n\n<p><em><span lang=\"PT-BR\" style=\"margin: 0px; color: black; font-family: 'Arial',sans-serif; font-size: 11pt;\">Siga as not\u00edcias relacionadas aos especialistas independentes em direitos humanos da ONU no Twitter <\/span><\/em><span lang=\"EN-US\"><a href=\"https:\/\/twitter.com\/UN_SPExperts\"><span lang=\"PT-BR\" style=\"margin: 0px; font-family: 'Arial',sans-serif; font-size: 11pt;\">@UN_SPExperts<\/span><\/a><\/span><em><span lang=\"PT-BR\" style=\"margin: 0px; color: black; font-family: 'Arial',sans-serif; font-size: 11pt;\">.<\/span><\/em><\/p>\n\n\n\n<p>Fonte: <a href=\"https:\/\/www.ohchr.org\/EN\/NewsEvents\/Pages\/DisplayNews.aspx?NewsID=26853&amp;LangID=E\" target=\"_blank\" rel=\"noreferrer noopener\" aria-label=\"ONU Direitos Humanos (abre en una nueva pesta\u00f1a)\">ONU Direitos Humanos<\/a><\/p>\n\n\n\n<p style=\"text-align:center\"><i>Te preocupa o mundo em que vivemos? <b>Ent\u00e3o APOIE os direitos de algu\u00e9m hoje.<\/b> #ApoieosDireitosHumanos <span style=\"margin: 0px; font-family: 'Arial',sans-serif;\">e visite a p\u00e1gina web em <\/span><\/i><span lang=\"EN-US\"><a href=\"http:\/\/www.standup4humanrights.org\/\"><span lang=\"PT-BR\" style=\"margin: 0px; font-family: 'Arial',sans-serif; font-size: 10pt;\">http:\/\/www.standup4humanrights.org<\/span><\/a><\/span><\/p>\n","protected":false},"excerpt":{"rendered":"<p>Perita apresentou relat\u00f3rio durante 46a sess\u00e3o do Conselho de Direitos Humanos<\/p>\n","protected":false},"author":5,"featured_media":62909,"comment_status":"closed","ping_status":"closed","sticky":false,"template":"","format":"standard","meta":{"_uag_custom_page_level_css":"","site-sidebar-layout":"default","site-content-layout":"default","ast-site-content-layout":"","site-content-style":"default","site-sidebar-style":"default","ast-global-header-display":"","ast-banner-title-visibility":"","ast-main-header-display":"","ast-hfb-above-header-display":"","ast-hfb-below-header-display":"","ast-hfb-mobile-header-display":"","site-post-title":"","ast-breadcrumbs-content":"","ast-featured-img":"","footer-sml-layout":"","theme-transparent-header-meta":"default","adv-header-id-meta":"","stick-header-meta":"default","header-above-stick-meta":"","header-main-stick-meta":"","header-below-stick-meta":"","astra-migrate-meta-layouts":"default","ast-page-background-enabled":"default","ast-page-background-meta":{"desktop":{"background-color":"","background-image":"","background-repeat":"repeat","background-position":"center center","background-size":"auto","background-attachment":"scroll","background-type":"","background-media":"","overlay-type":"","overlay-color":"","overlay-opacity":"","overlay-gradient":""},"tablet":{"background-color":"","background-image":"","background-repeat":"repeat","background-position":"center center","background-size":"auto","background-attachment":"scroll","background-type":"","background-media":"","overlay-type":"","overlay-color":"","overlay-opacity":"","overlay-gradient":""},"mobile":{"background-color":"","background-image":"","background-repeat":"repeat","background-position":"center center","background-size":"auto","background-attachment":"scroll","background-type":"","background-media":"","overlay-type":"","overlay-color":"","overlay-opacity":"","overlay-gradient":""}},"ast-content-background-meta":{"desktop":{"background-color":"var(--ast-global-color-5)","background-image":"","background-repeat":"repeat","background-position":"center center","background-size":"auto","background-attachment":"scroll","background-type":"","background-media":"","overlay-type":"","overlay-color":"","overlay-opacity":"","overlay-gradient":""},"tablet":{"background-color":"var(--ast-global-color-5)","background-image":"","background-repeat":"repeat","background-position":"center center","background-size":"auto","background-attachment":"scroll","background-type":"","background-media":"","overlay-type":"","overlay-color":"","overlay-opacity":"","overlay-gradient":""},"mobile":{"background-color":"var(--ast-global-color-5)","background-image":"","background-repeat":"repeat","background-position":"center center","background-size":"auto","background-attachment":"scroll","background-type":"","background-media":"","overlay-type":"","overlay-color":"","overlay-opacity":"","overlay-gradient":""}},"footnotes":""},"categories":[824],"tags":[903,904,870],"class_list":["post-65171","post","type-post","status-publish","format-standard","has-post-thumbnail","hentry","category-noticias","tag-mundo","tag-mundo-pt-br","tag-ods-16-pt-br"],"uagb_featured_image_src":{"full":["https:\/\/acnudh.org\/wp-content\/uploads\/2020\/06\/050_AnnualReport_hp.jpg",920,500,false],"thumbnail":["https:\/\/acnudh.org\/wp-content\/uploads\/2020\/06\/050_AnnualReport_hp-110x110.jpg",110,110,true],"medium":["https:\/\/acnudh.org\/wp-content\/uploads\/2020\/06\/050_AnnualReport_hp-400x217.jpg",400,217,true],"medium_large":["https:\/\/acnudh.org\/wp-content\/uploads\/2020\/06\/050_AnnualReport_hp.jpg",920,500,false],"large":["https:\/\/acnudh.org\/wp-content\/uploads\/2020\/06\/050_AnnualReport_hp-580x315.jpg",580,315,true],"1536x1536":["https:\/\/acnudh.org\/wp-content\/uploads\/2020\/06\/050_AnnualReport_hp.jpg",920,500,false],"2048x2048":["https:\/\/acnudh.org\/wp-content\/uploads\/2020\/06\/050_AnnualReport_hp.jpg",920,500,false]},"uagb_author_info":{"display_name":"mmoya","author_link":"https:\/\/acnudh.org\/pt-br\/author\/mmoya\/"},"uagb_comment_info":0,"uagb_excerpt":"Perita apresentou relat\u00f3rio durante 46a sess\u00e3o do Conselho de Direitos Humanos","_links":{"self":[{"href":"https:\/\/acnudh.org\/pt-br\/wp-json\/wp\/v2\/posts\/65171","targetHints":{"allow":["GET"]}}],"collection":[{"href":"https:\/\/acnudh.org\/pt-br\/wp-json\/wp\/v2\/posts"}],"about":[{"href":"https:\/\/acnudh.org\/pt-br\/wp-json\/wp\/v2\/types\/post"}],"author":[{"embeddable":true,"href":"https:\/\/acnudh.org\/pt-br\/wp-json\/wp\/v2\/users\/5"}],"replies":[{"embeddable":true,"href":"https:\/\/acnudh.org\/pt-br\/wp-json\/wp\/v2\/comments?post=65171"}],"version-history":[{"count":2,"href":"https:\/\/acnudh.org\/pt-br\/wp-json\/wp\/v2\/posts\/65171\/revisions"}],"predecessor-version":[{"id":65173,"href":"https:\/\/acnudh.org\/pt-br\/wp-json\/wp\/v2\/posts\/65171\/revisions\/65173"}],"wp:featuredmedia":[{"embeddable":true,"href":"https:\/\/acnudh.org\/pt-br\/wp-json\/wp\/v2\/media\/62909"}],"wp:attachment":[{"href":"https:\/\/acnudh.org\/pt-br\/wp-json\/wp\/v2\/media?parent=65171"}],"wp:term":[{"taxonomy":"category","embeddable":true,"href":"https:\/\/acnudh.org\/pt-br\/wp-json\/wp\/v2\/categories?post=65171"},{"taxonomy":"post_tag","embeddable":true,"href":"https:\/\/acnudh.org\/pt-br\/wp-json\/wp\/v2\/tags?post=65171"}],"curies":[{"name":"wp","href":"https:\/\/api.w.org\/{rel}","templated":true}]}}