{"id":63644,"date":"2020-09-06T11:02:14","date_gmt":"2020-09-06T14:02:14","guid":{"rendered":"http:\/\/acnudh.org\/paraguay-debe-esclarecer-muerte-de-dos-ninas-en-operativo-estatal-pide-onu-derechos-humanos%e2%80%a8\/"},"modified":"2020-09-07T17:11:33","modified_gmt":"2020-09-07T20:11:33","slug":"paraguay-debe-esclarecer-muerte-de-dos-ninas-en-operativo-estatal-pide-onu-derechos-humanos%e2%80%a8","status":"publish","type":"post","link":"https:\/\/acnudh.org\/pt-br\/paraguay-debe-esclarecer-muerte-de-dos-ninas-en-operativo-estatal-pide-onu-derechos-humanos%e2%80%a8\/","title":{"rendered":"Paraguai deve apurar morte de duas meninas em a\u00e7\u00e3o de for\u00e7as de seguran\u00e7a"},"content":{"rendered":"\n<p>SANTIAGO, CHILE (6 de setembro de 2020) &#8211; &#8220;O Paraguai deve investigar sem demora e com imparcialidade&#8221; as mortes de duas meninas durante uma opera\u00e7\u00e3o realizada nesta semana por agentes do Estado, pediu hoje Jan Jarab, Representante na Am\u00e9rica do Sul da Alta Comiss\u00e1ria das Na\u00e7\u00f5es Unidas para os Direitos Humanos.<\/p>\n\n\n\n<p>Os fatos ocorreram em 2 de setembro em uma \u00e1rea entre os departamentos de Concepci\u00f3n e Amambay, no marco de uma a\u00e7\u00e3o da For\u00e7a Tarefa Conjunta do Estado  contra um grupo armado n\u00e3o-estatal, conhecido como Ex\u00e9rcito do Povo Paraguaio.<\/p>\n\n\n\n<p>&#8220;Trata-se de um acontecimento grav\u00edssimo, que acabou com a vida de duas meninas que o Estado devia proteger, como parte de sua obriga\u00e7\u00e3o de garantir os direitos humanos das crian\u00e7as e adolescentes no pa\u00eds&#8221;, disse Jarab.<\/p>\n\n\n\n<p>O Representante ressaltou que seu Escrit\u00f3rio recebeu &#8220;informa\u00e7\u00f5es inquietantes&#8221; sobre tentativas de manipular evid\u00eancias do fato, e julgou &#8220;fundamental que durante a investiga\u00e7\u00e3o sejam levadas em conta as normas internacionais de direitos humanos, principalmente o <a href=\"http:\/\/acnudh.org\/pt-br\/oficina-del-acnudh-publica-directrices-mundiales-para-investigar-las-ejecuciones-arbitrarias\/\" target=\"_blank\" rel=\"noreferrer noopener\" aria-label=\"Protocolo de Minnesota (abre en una nueva pesta\u00f1a)\">Protocolo de Minnesota<\/a>&#8220;, disse ele em refer\u00eancia ao Manual da ONU sobre Preven\u00e7\u00e3o e Investiga\u00e7\u00e3o Eficazes de Execu\u00e7\u00f5es Extrajudiciais, Arbitr\u00e1rias ou Sum\u00e1rias.<\/p>\n\n\n\n<figure class=\"wp-block-embed-twitter wp-block-embed is-type-rich is-provider-twitter\"><div class=\"wp-block-embed__wrapper\">\n<blockquote class=\"twitter-tweet\" data-width=\"500\" data-dnt=\"true\"><p lang=\"es\" dir=\"ltr\"><a href=\"https:\/\/twitter.com\/hashtag\/Paraguay?src=hash&amp;ref_src=twsrc%5Etfw\">#Paraguay<\/a>\ud83c\uddf5\ud83c\uddfe<br><br>Jefe de <a href=\"https:\/\/twitter.com\/ONU_derechos?ref_src=twsrc%5Etfw\">@ONU_derechos<\/a>, Jan Jarab, pidi\u00f3 investigar sin demora el &quot;hecho grav\u00edsimo que termin\u00f3 con la vida de dos ni\u00f1as a quienes el <a href=\"https:\/\/twitter.com\/hashtag\/Estado?src=hash&amp;ref_src=twsrc%5Etfw\">#Estado<\/a> deb\u00eda proteger&quot;, seg\u00fan su obligaci\u00f3n de garantizar los <a href=\"https:\/\/twitter.com\/hashtag\/derechos?src=hash&amp;ref_src=twsrc%5Etfw\">#derechos<\/a> de los ni\u00f1os, ni\u00f1as y adolescentes.<br><br>\u2139\ufe0f<a href=\"https:\/\/t.co\/4qV0aCI8cN\">https:\/\/t.co\/4qV0aCI8cN<\/a> <a href=\"https:\/\/t.co\/Dxm5yctznJ\">pic.twitter.com\/Dxm5yctznJ<\/a><\/p>&mdash; ONU Derechos Humanos &#8211; Am\u00e9rica del Sur (@ONU_derechos) <a href=\"https:\/\/twitter.com\/ONU_derechos\/status\/1302623087469441027?ref_src=twsrc%5Etfw\">September 6, 2020<\/a><\/blockquote><script async src=\"https:\/\/platform.twitter.com\/widgets.js\" charset=\"utf-8\"><\/script>\n<\/div><\/figure>\n\n\n\n<p>Al\u00e9m disso, Jarab salientou que a pesquisa deve aprofundar nas responsabilidades diretas, mas tamb\u00e9m de todos os n\u00edveis de hierarquia envolvidos na opera\u00e7\u00e3o, bem como na poss\u00edvel altera\u00e7\u00e3o do local onde aconteceram os fatos.<\/p>\n\n\n\n<p>Tamb\u00e9m relembrou o Estado paraguaio que &#8220;a participa\u00e7\u00e3o de militares em tarefas de seguran\u00e7a interior devem ser realizadas com pleno respeito \u00e0s normas internacionais de direitos humanos, sempre sob controle da autoridade civil e com os maiores n\u00edveis de transpar\u00eancia e presta\u00e7\u00e3o de contas, em linha com o Pacto Internacional de Direitos Civis e Pol\u00edticos&#8221;<\/p>\n\n\n\n<p>FIM<\/p>\n\n\n\n<p><em>Com sede em Santiago do Chile, o Escrit\u00f3rio para Am\u00e9rica do Sul do Alto Comissariado das Na\u00e7\u00f5es Unidas para os Direitos Humanos trabalha com oito pa\u00edses da regi\u00e3o: Argentina, Bol\u00edvia, Brasil, Chile, Equador, Paraguai, Peru e Uruguai. Saiba mais:\u00a0<\/em><a href=\"http:\/\/acnudh.org\/pt-br\/o-escritorio\/\"><em>http:\/\/acnudh.org\/pt-br\/o-escritorio\/<\/em><\/a><em>\u00a0<\/em><\/p>\n\n\n\n<p><em>Para pedidos de imprensa, favor contatar Mar\u00eda Jeannette Moya (<\/em><a href=\"mailto:mmoya@ohchr.org\"><em>mmoya@ohchr.org<\/em><\/a><em>)<\/em><\/p>\n\n\n\n<p><\/p>\n\n\n\n<p style=\"text-align:center\">Preocupado\/a com o mundo em que vivemos? Ent\u00e3o LEVANTE-SE para os direitos de algu\u00e9m hoje.&nbsp; #Standup4humanrights e visite a p\u00e1gina web em&nbsp;<a href=\"http:\/\/www.standup4humanrights.org\/\">http:\/\/www.standup4humanrights.org<\/a><br><br><\/p>\n","protected":false},"excerpt":{"rendered":"<p>SANTIAGO, CHILE (6 de setembro de 2020) &#8211; &#8220;O Paraguai deve investigar sem demora e com imparcialidade&#8221; as mortes de duas meninas durante uma opera\u00e7\u00e3o realizada nesta semana por agentes do Estado, pediu hoje Jan Jarab, Representante na Am\u00e9rica do Sul da Alta Comiss\u00e1ria das Na\u00e7\u00f5es Unidas para os Direitos Humanos. Os fatos ocorreram em [&hellip;]<\/p>\n","protected":false},"author":5,"featured_media":63631,"comment_status":"closed","ping_status":"closed","sticky":false,"template":"","format":"standard","meta":{"_uag_custom_page_level_css":"","site-sidebar-layout":"default","site-content-layout":"default","ast-site-content-layout":"","site-content-style":"default","site-sidebar-style":"default","ast-global-header-display":"","ast-banner-title-visibility":"","ast-main-header-display":"","ast-hfb-above-header-display":"","ast-hfb-below-header-display":"","ast-hfb-mobile-header-display":"","site-post-title":"","ast-breadcrumbs-content":"","ast-featured-img":"","footer-sml-layout":"","theme-transparent-header-meta":"default","adv-header-id-meta":"","stick-header-meta":"default","header-above-stick-meta":"","header-main-stick-meta":"","header-below-stick-meta":"","astra-migrate-meta-layouts":"default","ast-page-background-enabled":"default","ast-page-background-meta":{"desktop":{"background-color":"","background-image":"","background-repeat":"repeat","background-position":"center center","background-size":"auto","background-attachment":"scroll","background-type":"","background-media":"","overlay-type":"","overlay-color":"","overlay-opacity":"","overlay-gradient":""},"tablet":{"background-color":"","background-image":"","background-repeat":"repeat","background-position":"center center","background-size":"auto","background-attachment":"scroll","background-type":"","background-media":"","overlay-type":"","overlay-color":"","overlay-opacity":"","overlay-gradient":""},"mobile":{"background-color":"","background-image":"","background-repeat":"repeat","background-position":"center center","background-size":"auto","background-attachment":"scroll","background-type":"","background-media":"","overlay-type":"","overlay-color":"","overlay-opacity":"","overlay-gradient":""}},"ast-content-background-meta":{"desktop":{"background-color":"var(--ast-global-color-5)","background-image":"","background-repeat":"repeat","background-position":"center center","background-size":"auto","background-attachment":"scroll","background-type":"","background-media":"","overlay-type":"","overlay-color":"","overlay-opacity":"","overlay-gradient":""},"tablet":{"background-color":"var(--ast-global-color-5)","background-image":"","background-repeat":"repeat","background-position":"center center","background-size":"auto","background-attachment":"scroll","background-type":"","background-media":"","overlay-type":"","overlay-color":"","overlay-opacity":"","overlay-gradient":""},"mobile":{"background-color":"var(--ast-global-color-5)","background-image":"","background-repeat":"repeat","background-position":"center center","background-size":"auto","background-attachment":"scroll","background-type":"","background-media":"","overlay-type":"","overlay-color":"","overlay-opacity":"","overlay-gradient":""}},"footnotes":""},"categories":[824],"tags":[813,906,913,905,914],"class_list":["post-63644","post","type-post","status-publish","format-standard","has-post-thumbnail","hentry","category-noticias","tag-paraguay-pt-br","tag-justicia-e-instituciones-solidas","tag-justicia-e-instituciones-solidas-pt-br","tag-ods-16-paz","tag-ods-16-paz-pt-br-2"],"uagb_featured_image_src":{"full":["https:\/\/acnudh.org\/wp-content\/uploads\/2020\/09\/311475.jpg",3235,1442,false],"thumbnail":["https:\/\/acnudh.org\/wp-content\/uploads\/2020\/09\/311475-110x110.jpg",110,110,true],"medium":["https:\/\/acnudh.org\/wp-content\/uploads\/2020\/09\/311475-400x178.jpg",400,178,true],"medium_large":["https:\/\/acnudh.org\/wp-content\/uploads\/2020\/09\/311475.jpg",3235,1442,false],"large":["https:\/\/acnudh.org\/wp-content\/uploads\/2020\/09\/311475-580x259.jpg",580,259,true],"1536x1536":["https:\/\/acnudh.org\/wp-content\/uploads\/2020\/09\/311475.jpg",1536,685,false],"2048x2048":["https:\/\/acnudh.org\/wp-content\/uploads\/2020\/09\/311475.jpg",2048,913,false]},"uagb_author_info":{"display_name":"mmoya","author_link":"https:\/\/acnudh.org\/pt-br\/author\/mmoya\/"},"uagb_comment_info":0,"uagb_excerpt":"SANTIAGO, CHILE (6 de setembro de 2020) &#8211; &#8220;O Paraguai deve investigar sem demora e com imparcialidade&#8221; as mortes de duas meninas durante uma opera\u00e7\u00e3o realizada nesta semana por agentes do Estado, pediu hoje Jan Jarab, Representante na Am\u00e9rica do Sul da Alta Comiss\u00e1ria das Na\u00e7\u00f5es Unidas para os Direitos Humanos. Os fatos ocorreram em&hellip;","_links":{"self":[{"href":"https:\/\/acnudh.org\/pt-br\/wp-json\/wp\/v2\/posts\/63644","targetHints":{"allow":["GET"]}}],"collection":[{"href":"https:\/\/acnudh.org\/pt-br\/wp-json\/wp\/v2\/posts"}],"about":[{"href":"https:\/\/acnudh.org\/pt-br\/wp-json\/wp\/v2\/types\/post"}],"author":[{"embeddable":true,"href":"https:\/\/acnudh.org\/pt-br\/wp-json\/wp\/v2\/users\/5"}],"replies":[{"embeddable":true,"href":"https:\/\/acnudh.org\/pt-br\/wp-json\/wp\/v2\/comments?post=63644"}],"version-history":[{"count":3,"href":"https:\/\/acnudh.org\/pt-br\/wp-json\/wp\/v2\/posts\/63644\/revisions"}],"predecessor-version":[{"id":63652,"href":"https:\/\/acnudh.org\/pt-br\/wp-json\/wp\/v2\/posts\/63644\/revisions\/63652"}],"wp:featuredmedia":[{"embeddable":true,"href":"https:\/\/acnudh.org\/pt-br\/wp-json\/wp\/v2\/media\/63631"}],"wp:attachment":[{"href":"https:\/\/acnudh.org\/pt-br\/wp-json\/wp\/v2\/media?parent=63644"}],"wp:term":[{"taxonomy":"category","embeddable":true,"href":"https:\/\/acnudh.org\/pt-br\/wp-json\/wp\/v2\/categories?post=63644"},{"taxonomy":"post_tag","embeddable":true,"href":"https:\/\/acnudh.org\/pt-br\/wp-json\/wp\/v2\/tags?post=63644"}],"curies":[{"name":"wp","href":"https:\/\/api.w.org\/{rel}","templated":true}]}}