{"id":61398,"date":"2019-10-22T10:30:27","date_gmt":"2019-10-22T13:30:27","guid":{"rendered":"http:\/\/acnudh.org\/ecuador-comite-onu-sobre-desc-publico-sus-observaciones-finales\/"},"modified":"2019-12-17T11:36:38","modified_gmt":"2019-12-17T14:36:38","slug":"ecuador-comite-onu-sobre-desc-publico-sus-observaciones-finales","status":"publish","type":"post","link":"https:\/\/acnudh.org\/pt-br\/ecuador-comite-onu-sobre-desc-publico-sus-observaciones-finales\/","title":{"rendered":"Equador: Comit\u00e9 da ONU sobre DESC publicou observa\u00e7\u00f5es finais"},"content":{"rendered":"\n<p>22 de octubre de 2019 \u00ad\u2013 El Comit\u00e9 de las Naciones Unidas de Derechos Econ\u00f3micos, Sociales y Culturales (<a rel=\"noreferrer noopener\" aria-label=\" (abre en una nueva pesta\u00f1a)\" href=\"https:\/\/www.ohchr.org\/sp\/hrbodies\/cescr\/pages\/cescrindex.aspx\" target=\"_blank\">DESC<\/a>) concluy\u00f3 su 66\u00ba per\u00edodo de sesiones en Ginebra, Suiza. El DESC public\u00f3 sus observaciones finales sobre la implementaci\u00f3n del <a href=\"https:\/\/www.ohchr.org\/SP\/ProfessionalInterest\/Pages\/CESCR.aspx\" target=\"_blank\" rel=\"noreferrer noopener\" aria-label=\" (abre en una nueva pesta\u00f1a)\">Pacto Internacional de Derechos Econ\u00f3micos, Sociales y Culturales<\/a> por parte de Ecuador*.<\/p>\n\n\n\n<p><strong>Descargar observaciones finales:&nbsp;<a href=\"https:\/\/bit.ly\/2MKD87g\" target=\"_blank\" rel=\"noreferrer noopener\" aria-label=\" (abre en una nueva pesta\u00f1a)\">https:\/\/bit.ly\/2MKD87g<\/a><\/strong><\/p>\n\n\n\n<p>Las observaciones finales cubren la situaci\u00f3n\ndel Estado con respecto a los derechos econ\u00f3micos, sociales y culturales\ndetallando los desarrollos positivos, las principales \u00e1reas de preocupaci\u00f3n y\nlas recomendaciones para la acci\u00f3n.<\/p>\n\n\n\n<p>El Comit\u00e9 analiz\u00f3 el&nbsp;<a href=\"https:\/\/tbinternet.ohchr.org\/_layouts\/15\/treatybodyexternal\/Download.aspx?symbolno=E%2fC.12%2fECU%2f4&amp;Lang=es\" target=\"_blank\" rel=\"noreferrer noopener\">informe nacional&nbsp;<\/a>presentado por el Estado ecuatoriano.\nDurante el proceso, las y los expertos tambi\u00e9n recibieron&nbsp;informaci\u00f3n\nde&nbsp;<a href=\"https:\/\/tbinternet.ohchr.org\/_layouts\/15\/treatybodyexternal\/SessionDetails1.aspx?SessionID=1311&amp;Lang=sp\" target=\"_blank\" rel=\"noreferrer noopener\">organizaciones de la sociedad civil, del Instituto Nacional de\nDerechos Humanos y de otras agrupaciones de derechos humanos<\/a>.<\/p>\n\n\n\n<p>Los integrantes de este \u00f3rgano de tratados\ndialogaron, los d\u00edas 3 y 4 de octubre, con una delegaci\u00f3n de alto nivel del\nEstado ecuatoriano liderada la Secretaria de Derechos Humanos, Cecilia Chac\u00f3n. La\ndelegaci\u00f3n ecuatoriana incluy\u00f3 tambi\u00e9n representantes de la Secretar\u00eda General\nde Gobierno, Ministerio de Educaci\u00f3n, Defensor\u00eda P\u00fablica, as\u00ed como de la misi\u00f3n\npermanente de Ecuador ante la ONU en Ginebra.<\/p>\n\n\n\n<p>Ver videos del di\u00e1logo interactivo:<\/p>\n\n\n\n<p>3 de octubre:&nbsp;<a href=\"https:\/\/bit.ly\/2pLfe2D\" target=\"_blank\" rel=\"noreferrer noopener\" aria-label=\" (abre en una nueva pesta\u00f1a)\">https:\/\/bit.ly\/2pLfe2D<\/a><\/p>\n\n\n\n<p>4 de octubre:&nbsp;<a href=\"https:\/\/bit.ly\/31KORai\" target=\"_blank\" rel=\"noreferrer noopener\" aria-label=\" (abre en una nueva pesta\u00f1a)\">https:\/\/bit.ly\/31KORai<\/a><\/p>\n\n\n\n<p>(*)Ecuador es uno de los 170 Estados que\nhan ratificado el Pacto, por lo que est\u00e1 sujeto a ex\u00e1menes peri\u00f3dicos del\nComit\u00e9 DESC, compuesto por 18 expertas y expertos independientes\ninternacionales. Revisa m\u00e1s informaci\u00f3n sobre los&nbsp;<a href=\"http:\/\/acnudh.org\/pt-br\/mecanismos\/#Organos_de_Tratados\" target=\"_blank\" rel=\"noreferrer noopener\">\u00d3rganos de Tratados<\/a>.<\/p>\n\n\n\n<p>FIN<\/p>\n\n\n\n<p>Fuente: <a href=\"https:\/\/www.ohchr.org\/EN\/NewsEvents\/Pages\/DisplayNews.aspx?NewsID=25180&amp;LangID=E\" target=\"_blank\" rel=\"noreferrer noopener\" aria-label=\" (abre en una nueva pesta\u00f1a)\">ACNUDH<\/a><\/p>\n\n\n\n<p>\u00bfTe preocupa el mundo en que vivimos?\nEntonces defiende los derechos humanos de alguien hoy. #Standup4humanrights y\nvisita&nbsp;<a href=\"http:\/\/www.standup4humanrights.org\/es\" target=\"_blank\" rel=\"noreferrer noopener\">http:\/\/www.standup4humanrights.org\/es<\/a><\/p>\n","protected":false},"excerpt":{"rendered":"<p>22 de octubre de 2019 \u00ad\u2013 El Comit\u00e9 de las Naciones Unidas de Derechos Econ\u00f3micos, Sociales y Culturales (DESC) concluy\u00f3 su 66\u00ba per\u00edodo de sesiones en Ginebra, Suiza. El DESC public\u00f3 sus observaciones finales sobre la implementaci\u00f3n del Pacto Internacional de Derechos Econ\u00f3micos, Sociales y Culturales por parte de Ecuador*. Descargar observaciones finales:&nbsp;https:\/\/bit.ly\/2MKD87g Las observaciones [&hellip;]<\/p>\n","protected":false},"author":8,"featured_media":60937,"comment_status":"closed","ping_status":"closed","sticky":false,"template":"","format":"standard","meta":{"_uag_custom_page_level_css":"","site-sidebar-layout":"default","site-content-layout":"default","ast-site-content-layout":"","site-content-style":"default","site-sidebar-style":"default","ast-global-header-display":"","ast-banner-title-visibility":"","ast-main-header-display":"","ast-hfb-above-header-display":"","ast-hfb-below-header-display":"","ast-hfb-mobile-header-display":"","site-post-title":"","ast-breadcrumbs-content":"","ast-featured-img":"","footer-sml-layout":"","theme-transparent-header-meta":"default","adv-header-id-meta":"","stick-header-meta":"default","header-above-stick-meta":"","header-main-stick-meta":"","header-below-stick-meta":"","astra-migrate-meta-layouts":"default","ast-page-background-enabled":"default","ast-page-background-meta":{"desktop":{"background-color":"","background-image":"","background-repeat":"repeat","background-position":"center center","background-size":"auto","background-attachment":"scroll","background-type":"","background-media":"","overlay-type":"","overlay-color":"","overlay-opacity":"","overlay-gradient":""},"tablet":{"background-color":"","background-image":"","background-repeat":"repeat","background-position":"center center","background-size":"auto","background-attachment":"scroll","background-type":"","background-media":"","overlay-type":"","overlay-color":"","overlay-opacity":"","overlay-gradient":""},"mobile":{"background-color":"","background-image":"","background-repeat":"repeat","background-position":"center center","background-size":"auto","background-attachment":"scroll","background-type":"","background-media":"","overlay-type":"","overlay-color":"","overlay-opacity":"","overlay-gradient":""}},"ast-content-background-meta":{"desktop":{"background-color":"var(--ast-global-color-5)","background-image":"","background-repeat":"repeat","background-position":"center center","background-size":"auto","background-attachment":"scroll","background-type":"","background-media":"","overlay-type":"","overlay-color":"","overlay-opacity":"","overlay-gradient":""},"tablet":{"background-color":"var(--ast-global-color-5)","background-image":"","background-repeat":"repeat","background-position":"center center","background-size":"auto","background-attachment":"scroll","background-type":"","background-media":"","overlay-type":"","overlay-color":"","overlay-opacity":"","overlay-gradient":""},"mobile":{"background-color":"var(--ast-global-color-5)","background-image":"","background-repeat":"repeat","background-position":"center center","background-size":"auto","background-attachment":"scroll","background-type":"","background-media":"","overlay-type":"","overlay-color":"","overlay-opacity":"","overlay-gradient":""}},"footnotes":""},"categories":[824],"tags":[806,864,870],"class_list":["post-61398","post","type-post","status-publish","format-standard","has-post-thumbnail","hentry","category-noticias","tag-ecuador","tag-ods-10-pt-br","tag-ods-16-pt-br"],"uagb_featured_image_src":{"full":["https:\/\/acnudh.org\/wp-content\/uploads\/2019\/11\/desc-ecuador.png",851,442,false],"thumbnail":["https:\/\/acnudh.org\/wp-content\/uploads\/2019\/11\/desc-ecuador-110x110.png",110,110,true],"medium":["https:\/\/acnudh.org\/wp-content\/uploads\/2019\/11\/desc-ecuador-400x208.png",400,208,true],"medium_large":["https:\/\/acnudh.org\/wp-content\/uploads\/2019\/11\/desc-ecuador.png",851,442,false],"large":["https:\/\/acnudh.org\/wp-content\/uploads\/2019\/11\/desc-ecuador-580x301.png",580,301,true],"1536x1536":["https:\/\/acnudh.org\/wp-content\/uploads\/2019\/11\/desc-ecuador.png",851,442,false],"2048x2048":["https:\/\/acnudh.org\/wp-content\/uploads\/2019\/11\/desc-ecuador.png",851,442,false]},"uagb_author_info":{"display_name":"Fernanda Cabrera","author_link":"https:\/\/acnudh.org\/pt-br\/author\/fcabrera\/"},"uagb_comment_info":0,"uagb_excerpt":"22 de octubre de 2019 \u00ad\u2013 El Comit\u00e9 de las Naciones Unidas de Derechos Econ\u00f3micos, Sociales y Culturales (DESC) concluy\u00f3 su 66\u00ba per\u00edodo de sesiones en Ginebra, Suiza. El DESC public\u00f3 sus observaciones finales sobre la implementaci\u00f3n del Pacto Internacional de Derechos Econ\u00f3micos, Sociales y Culturales por parte de Ecuador*. Descargar observaciones finales:&nbsp;https:\/\/bit.ly\/2MKD87g Las observaciones&hellip;","_links":{"self":[{"href":"https:\/\/acnudh.org\/pt-br\/wp-json\/wp\/v2\/posts\/61398","targetHints":{"allow":["GET"]}}],"collection":[{"href":"https:\/\/acnudh.org\/pt-br\/wp-json\/wp\/v2\/posts"}],"about":[{"href":"https:\/\/acnudh.org\/pt-br\/wp-json\/wp\/v2\/types\/post"}],"author":[{"embeddable":true,"href":"https:\/\/acnudh.org\/pt-br\/wp-json\/wp\/v2\/users\/8"}],"replies":[{"embeddable":true,"href":"https:\/\/acnudh.org\/pt-br\/wp-json\/wp\/v2\/comments?post=61398"}],"version-history":[{"count":2,"href":"https:\/\/acnudh.org\/pt-br\/wp-json\/wp\/v2\/posts\/61398\/revisions"}],"predecessor-version":[{"id":61470,"href":"https:\/\/acnudh.org\/pt-br\/wp-json\/wp\/v2\/posts\/61398\/revisions\/61470"}],"wp:featuredmedia":[{"embeddable":true,"href":"https:\/\/acnudh.org\/pt-br\/wp-json\/wp\/v2\/media\/60937"}],"wp:attachment":[{"href":"https:\/\/acnudh.org\/pt-br\/wp-json\/wp\/v2\/media?parent=61398"}],"wp:term":[{"taxonomy":"category","embeddable":true,"href":"https:\/\/acnudh.org\/pt-br\/wp-json\/wp\/v2\/categories?post=61398"},{"taxonomy":"post_tag","embeddable":true,"href":"https:\/\/acnudh.org\/pt-br\/wp-json\/wp\/v2\/tags?post=61398"}],"curies":[{"name":"wp","href":"https:\/\/api.w.org\/{rel}","templated":true}]}}