{"id":61378,"date":"2019-10-09T16:01:45","date_gmt":"2019-10-09T19:01:45","guid":{"rendered":"http:\/\/acnudh.org\/argentina-representante-adjunto-sostuvo-diversas-actividades-sobre-derechos-humanos\/"},"modified":"2019-12-17T11:58:39","modified_gmt":"2019-12-17T14:58:39","slug":"argentina-representante-adjunto-sostuvo-diversas-actividades-sobre-derechos-humanos","status":"publish","type":"post","link":"https:\/\/acnudh.org\/pt-br\/argentina-representante-adjunto-sostuvo-diversas-actividades-sobre-derechos-humanos\/","title":{"rendered":"Argentina: Representante adjunto realizou atividades de direitos humanos"},"content":{"rendered":"\n<p>SANTIAGO (9 de octubre de 2019) \u2014 Del 2 al 3 de octubre, el Representante Adjunto de la Oficina para Am\u00e9rica del Sur del Alto Comisionado de las Naciones Unidas para los Derechos Humanos (<a rel=\"noreferrer noopener\" aria-label=\" (abre en una nueva pesta\u00f1a)\" href=\"acnudh.org\" target=\"_blank\">ACNUDH<\/a>), Xavier Mena, realiz\u00f3 una misi\u00f3n a Buenos Aires, Argentina, para llevar a cabo actividades sobre derechos humanos en temas relacionados a cambio clim\u00e1tico y afrodescendientes. <\/p>\n\n\n\n<p><strong>Conversatorio\nInternacional <\/strong><\/p>\n\n\n\n<p>El 3 de octubre, el Representante Adjunto, particip\u00f3 del <a rel=\"noreferrer noopener\" aria-label=\" (abre en una nueva pesta\u00f1a)\" href=\"http:\/\/www.defensoria.org.ar\/event\/conversatorio-internacional-sobre-agenda-2030-cambio-climatico-y-medio-ambiente-desde-un-enfoque-de-derechos-humanos\/\" target=\"_blank\">Conversatorio Internacional sobre Agenda 2030, cambio clim\u00e1tico y medio ambiente desde un enfoque de derechos humanos<\/a>, organizado por la <a rel=\"noreferrer noopener\" aria-label=\" (abre en una nueva pesta\u00f1a)\" href=\"http:\/\/www.defensoria.org.ar\/event\/conversatorio-internacional-sobre-agenda-2030-cambio-climatico-y-medio-ambiente-desde-un-enfoque-de-derechos-humanos\/\" target=\"_blank\">Defensor\u00eda del Pueblo de la Ciudad Aut\u00f3noma de Buenos Aires<\/a> y el ACNUDH, con apoyo de <a rel=\"noreferrer noopener\" aria-label=\" (abre en una nueva pesta\u00f1a)\" href=\"https:\/\/www.onu.org.ar\/\" target=\"_blank\">ONU Argentina<\/a> y <a href=\"https:\/\/www.ar.undp.org\/content\/argentina\/es\/home\/\" target=\"_blank\" rel=\"noreferrer noopener\" aria-label=\" (abre en una nueva pesta\u00f1a)\">PNUD Argentina<\/a>.<\/p>\n\n\n\n<p>En este contexto, Mena realiz\u00f3 el discurso inaugural en el cual destac\u00f3 que: \u201cEl Consejo de Derechos Humanos, sus mecanismos de procedimientos especiales y el ACNUDH han llamado sistem\u00e1ticamente la atenci\u00f3n sobre los v\u00ednculos existentes entre los derechos humanos y el cambio clim\u00e1tico, por medio de una serie de resoluciones, informes y actividades sobre el tema; promoviendo este enfoque basado en los derechos humanos\u201d. <\/p>\n\n\n\n<p>Asimismo, la asesora de Uruguay del ACNUDH,\nGraciela Dede particip\u00f3 del panel sobre pol\u00edticas p\u00fablicas, derechos humanos y\ncambio clim\u00e1tico moderado por la asesora de Argentina de la Oficina, Valeria\nGuerra. En esta instancia, Dede hizo hincapi\u00e9 en las ciudades y la agenda\nurbana en relaci\u00f3n al cambio clim\u00e1tico y los derechos humanos. <\/p>\n\n\n\n<p><strong>Encuentro\nsobre Decenio para afrodescendientes<\/strong><\/p>\n\n\n\n<p>El 2 de octubre, el Representante Adjunto\nparticip\u00f3 del encuentro con organizaciones de la sociedad civil sobre avances y\ndesaf\u00edos de la implementaci\u00f3n del Decenio Internacional para los Afrodescendientes\nen Argentina.<\/p>\n\n\n\n<p>El encuentro permiti\u00f3 que Xavier Mena,\njunto al Coordinador Residente del Sistema de las Naciones Unidas en Argentina,\nRoberto Valent, dialogaran con las y los representantes de las organizaciones\nde la sociedad civil. Entre las tem\u00e1ticas tratadas se encuentran los principales avances y desaf\u00edos en el\npa\u00eds con respecto a los afrodescendientes, el apoyo de ONU Argentina a la\nsociedad civil y su labor respecto a la discriminaci\u00f3n racial.<\/p>\n\n\n\n<p><strong>Otras\nreuniones<\/strong><\/p>\n\n\n\n<p>Durante la misi\u00f3n, el Representante\nAdjunto, tambi\u00e9n sostuvo un encuentro con el Coordinador Residente de ONU\nArgentina para intercambiar sobre tem\u00e1ticas relacionadas a la situaci\u00f3n de los\nderechos humanos en el pa\u00eds. <\/p>\n\n\n\n<p>FIM<\/p>\n\n\n\n<p>\u00bfTe preocupa el mundo en que vivimos?\nEntonces defiende los derechos humanos de alguien hoy. #Standup4humanrights y\nvisita&nbsp;<a href=\"http:\/\/www.standup4humanrights.org\/es\" target=\"_blank\" rel=\"noreferrer noopener\">http:\/\/www.standup4humanrights.org\/es<\/a><\/p>\n","protected":false},"excerpt":{"rendered":"<p>SANTIAGO (9 de octubre de 2019) \u2014 Del 2 al 3 de octubre, el Representante Adjunto de la Oficina para Am\u00e9rica del Sur del Alto Comisionado de las Naciones Unidas para los Derechos Humanos (ACNUDH), Xavier Mena, realiz\u00f3 una misi\u00f3n a Buenos Aires, Argentina, para llevar a cabo actividades sobre derechos humanos en temas relacionados [&hellip;]<\/p>\n","protected":false},"author":8,"featured_media":60654,"comment_status":"closed","ping_status":"closed","sticky":false,"template":"","format":"standard","meta":{"_uag_custom_page_level_css":"","site-sidebar-layout":"default","site-content-layout":"default","ast-site-content-layout":"","site-content-style":"default","site-sidebar-style":"default","ast-global-header-display":"","ast-banner-title-visibility":"","ast-main-header-display":"","ast-hfb-above-header-display":"","ast-hfb-below-header-display":"","ast-hfb-mobile-header-display":"","site-post-title":"","ast-breadcrumbs-content":"","ast-featured-img":"","footer-sml-layout":"","theme-transparent-header-meta":"default","adv-header-id-meta":"","stick-header-meta":"default","header-above-stick-meta":"","header-main-stick-meta":"","header-below-stick-meta":"","astra-migrate-meta-layouts":"default","ast-page-background-enabled":"default","ast-page-background-meta":{"desktop":{"background-color":"","background-image":"","background-repeat":"repeat","background-position":"center center","background-size":"auto","background-attachment":"scroll","background-type":"","background-media":"","overlay-type":"","overlay-color":"","overlay-opacity":"","overlay-gradient":""},"tablet":{"background-color":"","background-image":"","background-repeat":"repeat","background-position":"center center","background-size":"auto","background-attachment":"scroll","background-type":"","background-media":"","overlay-type":"","overlay-color":"","overlay-opacity":"","overlay-gradient":""},"mobile":{"background-color":"","background-image":"","background-repeat":"repeat","background-position":"center center","background-size":"auto","background-attachment":"scroll","background-type":"","background-media":"","overlay-type":"","overlay-color":"","overlay-opacity":"","overlay-gradient":""}},"ast-content-background-meta":{"desktop":{"background-color":"var(--ast-global-color-5)","background-image":"","background-repeat":"repeat","background-position":"center center","background-size":"auto","background-attachment":"scroll","background-type":"","background-media":"","overlay-type":"","overlay-color":"","overlay-opacity":"","overlay-gradient":""},"tablet":{"background-color":"var(--ast-global-color-5)","background-image":"","background-repeat":"repeat","background-position":"center center","background-size":"auto","background-attachment":"scroll","background-type":"","background-media":"","overlay-type":"","overlay-color":"","overlay-opacity":"","overlay-gradient":""},"mobile":{"background-color":"var(--ast-global-color-5)","background-image":"","background-repeat":"repeat","background-position":"center center","background-size":"auto","background-attachment":"scroll","background-type":"","background-media":"","overlay-type":"","overlay-color":"","overlay-opacity":"","overlay-gradient":""}},"footnotes":""},"categories":[823],"tags":[799,864,867,918],"class_list":["post-61378","post","type-post","status-publish","format-standard","has-post-thumbnail","hentry","category-atividade","tag-argentina","tag-ods-10-pt-br","tag-ods-13-pt-br","tag-ods-17-aliancas-para-alcancar-os-objetivos"],"uagb_featured_image_src":{"full":["https:\/\/acnudh.org\/wp-content\/uploads\/2019\/10\/WhatsApp-Image-2019-10-03-at-11.08.17.jpeg",1280,960,false],"thumbnail":["https:\/\/acnudh.org\/wp-content\/uploads\/2019\/10\/WhatsApp-Image-2019-10-03-at-11.08.17-110x110.jpeg",110,110,true],"medium":["https:\/\/acnudh.org\/wp-content\/uploads\/2019\/10\/WhatsApp-Image-2019-10-03-at-11.08.17-400x300.jpeg",400,300,true],"medium_large":["https:\/\/acnudh.org\/wp-content\/uploads\/2019\/10\/WhatsApp-Image-2019-10-03-at-11.08.17.jpeg",1280,960,false],"large":["https:\/\/acnudh.org\/wp-content\/uploads\/2019\/10\/WhatsApp-Image-2019-10-03-at-11.08.17-580x435.jpeg",580,435,true],"1536x1536":["https:\/\/acnudh.org\/wp-content\/uploads\/2019\/10\/WhatsApp-Image-2019-10-03-at-11.08.17.jpeg",1280,960,false],"2048x2048":["https:\/\/acnudh.org\/wp-content\/uploads\/2019\/10\/WhatsApp-Image-2019-10-03-at-11.08.17.jpeg",1280,960,false]},"uagb_author_info":{"display_name":"Fernanda Cabrera","author_link":"https:\/\/acnudh.org\/pt-br\/author\/fcabrera\/"},"uagb_comment_info":0,"uagb_excerpt":"SANTIAGO (9 de octubre de 2019) \u2014 Del 2 al 3 de octubre, el Representante Adjunto de la Oficina para Am\u00e9rica del Sur del Alto Comisionado de las Naciones Unidas para los Derechos Humanos (ACNUDH), Xavier Mena, realiz\u00f3 una misi\u00f3n a Buenos Aires, Argentina, para llevar a cabo actividades sobre derechos humanos en temas relacionados&hellip;","_links":{"self":[{"href":"https:\/\/acnudh.org\/pt-br\/wp-json\/wp\/v2\/posts\/61378","targetHints":{"allow":["GET"]}}],"collection":[{"href":"https:\/\/acnudh.org\/pt-br\/wp-json\/wp\/v2\/posts"}],"about":[{"href":"https:\/\/acnudh.org\/pt-br\/wp-json\/wp\/v2\/types\/post"}],"author":[{"embeddable":true,"href":"https:\/\/acnudh.org\/pt-br\/wp-json\/wp\/v2\/users\/8"}],"replies":[{"embeddable":true,"href":"https:\/\/acnudh.org\/pt-br\/wp-json\/wp\/v2\/comments?post=61378"}],"version-history":[{"count":2,"href":"https:\/\/acnudh.org\/pt-br\/wp-json\/wp\/v2\/posts\/61378\/revisions"}],"predecessor-version":[{"id":61489,"href":"https:\/\/acnudh.org\/pt-br\/wp-json\/wp\/v2\/posts\/61378\/revisions\/61489"}],"wp:featuredmedia":[{"embeddable":true,"href":"https:\/\/acnudh.org\/pt-br\/wp-json\/wp\/v2\/media\/60654"}],"wp:attachment":[{"href":"https:\/\/acnudh.org\/pt-br\/wp-json\/wp\/v2\/media?parent=61378"}],"wp:term":[{"taxonomy":"category","embeddable":true,"href":"https:\/\/acnudh.org\/pt-br\/wp-json\/wp\/v2\/categories?post=61378"},{"taxonomy":"post_tag","embeddable":true,"href":"https:\/\/acnudh.org\/pt-br\/wp-json\/wp\/v2\/tags?post=61378"}],"curies":[{"name":"wp","href":"https:\/\/api.w.org\/{rel}","templated":true}]}}