{"id":60310,"date":"2019-09-12T12:00:22","date_gmt":"2019-09-12T15:00:22","guid":{"rendered":"http:\/\/acnudh.org\/no-brasil-escritorio-participou-em-graduacao-de-curso-para-ativistas-lgbti\/"},"modified":"2019-09-13T17:24:58","modified_gmt":"2019-09-13T20:24:58","slug":"no-brasil-escritorio-participou-em-graduacao-de-curso-para-ativistas-lgbti","status":"publish","type":"post","link":"https:\/\/acnudh.org\/pt-br\/no-brasil-escritorio-participou-em-graduacao-de-curso-para-ativistas-lgbti\/","title":{"rendered":"Escrit\u00f3rio participou em gradua\u00e7\u00e3o de curso para ativistas trans no Brasil"},"content":{"rendered":"\n<p>SANTIAGO (12 de setembro de 2019) &#8211; Em 4 de setembro, a assessora do Escrit\u00f3rio para a Am\u00e9rica do Sul do Alto Comissariado das Na\u00e7\u00f5es Unidas para os Direitos Humanos (ACNUDH), Angela Pires, participou da cerim\u00f4nia de formatura da primeira turma de estudantes do programa de fortalecimento de capacidades \u201cTrans-forma\u00e7\u00e3o&#8221; na Bahia, Brasil.<\/p>\n\n\n\n<p>\u201cTransforma\u00e7\u00e3o\u201d \u00e9 um projeto da ONU Brasil no contexto da campanha do ACNUDH \u201cLivres e Iguais\u201d, e \u00e9 apoiado pelo Minist\u00e9rio P\u00fablico do Trabalho, o governo do Estado da Bahia e organiza\u00e7\u00f5es da sociedade civil.<\/p>\n\n\n\n<p>O projeto, que est\u00e1 em fase piloto, cria oportunidades de di\u00e1logo e promove o treinamento e a capacita\u00e7\u00e3o de ativistas trans, n\u00e3o bin\u00e1rios e travestis.<\/p>\n\n\n\n<p>Durante cinco meses, participantes fortaleceram suas capacidades e redes entre institui\u00e7\u00f5es locais para a defesa dos direitos humanos. Ao mesmo tempo, as pessoas trans foram apoiadas por meio de um programa de orienta\u00e7\u00e3o com a participa\u00e7\u00e3o de institui\u00e7\u00f5es de diferentes \u00e1rea, como justi\u00e7a, sa\u00fade, educa\u00e7\u00e3o, cultura e direitos humanos.<\/p>\n\n\n\n<p>Al\u00e9m de serem ativistas mais capazes diante dos desafios transcomunit\u00e1rios no pa\u00eds, as pessoas que participaram do curso tamb\u00e9m tiveram uma experi\u00eancia profissional dentro das Na\u00e7\u00f5es Unidas, como volunt\u00e1rias comunit\u00e1rias no \u00e2mbito do Programa de Voluntariado da ONU (UNV).<\/p>\n\n\n\n<p>A cerim\u00f4nia de formatura contou com a presen\u00e7a de Liniker, Campe\u00e3 pela Igualdade da campanha Livres e Iguais no Brasil, que se reuniu com o grupo para compartilhar experi\u00eancias como ativista dos direitos das pessoas trans. Tamb\u00e9m houve uma s\u00e9rie de apresenta\u00e7\u00f5es art\u00edsticas e culturais dos formandos e formandas durante a cerim\u00f4nia. Representando a toda a turma, Fabiane Leon e Saman Ferreira destacaram o impacto do projeto em suas vidas e na comunidade de pessoas trans em Salvador, capital da Bahia.<\/p>\n\n\n\n<p><strong>Livres e Iguais<\/strong><\/p>\n\n\n\n<p>Livres e Iguais \u00e9 uma iniciativa sem precedentes da ONU Direitos Humanos, que promove os mesmos direitos e um tratamento justo para as pessoas l\u00e9sbicas, gays, bissexuais, trans e intersexuais (LGBTI). A campanha aumenta a conscientiza\u00e7\u00e3o sobre a viol\u00eancia com base na orienta\u00e7\u00e3o sexual, identidade e express\u00e3o de g\u00eanero e\/ou caracter\u00edsticas sexuais, e promove o respeito pelos direitos das pessoas LGBTI em todo o mundo.<\/p>\n\n\n\n<p>A cada ano, a campanha envolve milh\u00f5es de pessoas em todo o mundo em conversas que ajudam a promover um tratamento justo das pessoas LGBTI e a gerar apoio a medidas para proteger seus direitos.<\/p>\n\n\n\n<p>Saiba mais sobre \u201cLivres e Iguais&#8221; clicando <a href=\"https:\/\/www.unfe.org\/pt-pt\/\" target=\"_blank\" rel=\"noreferrer noopener\" aria-label=\"aqui (abre en una nueva pesta\u00f1a)\">aqui<\/a>. <\/p>\n\n\n\n<p>FIM<\/p>\n","protected":false},"excerpt":{"rendered":"<p>SANTIAGO (12 de setembro de 2019) &#8211; Em 4 de setembro, a assessora do Escrit\u00f3rio para a Am\u00e9rica do Sul do Alto Comissariado das Na\u00e7\u00f5es Unidas para os Direitos Humanos (ACNUDH), Angela Pires, participou da cerim\u00f4nia de formatura da primeira turma de estudantes do programa de fortalecimento de capacidades \u201cTrans-forma\u00e7\u00e3o&#8221; na Bahia, Brasil. \u201cTransforma\u00e7\u00e3o\u201d \u00e9 [&hellip;]<\/p>\n","protected":false},"author":8,"featured_media":60289,"comment_status":"closed","ping_status":"closed","sticky":false,"template":"","format":"standard","meta":{"_uag_custom_page_level_css":"","site-sidebar-layout":"default","site-content-layout":"default","ast-site-content-layout":"","site-content-style":"default","site-sidebar-style":"default","ast-global-header-display":"","ast-banner-title-visibility":"","ast-main-header-display":"","ast-hfb-above-header-display":"","ast-hfb-below-header-display":"","ast-hfb-mobile-header-display":"","site-post-title":"","ast-breadcrumbs-content":"","ast-featured-img":"","footer-sml-layout":"","theme-transparent-header-meta":"default","adv-header-id-meta":"","stick-header-meta":"default","header-above-stick-meta":"","header-main-stick-meta":"","header-below-stick-meta":"","astra-migrate-meta-layouts":"default","ast-page-background-enabled":"default","ast-page-background-meta":{"desktop":{"background-color":"","background-image":"","background-repeat":"repeat","background-position":"center center","background-size":"auto","background-attachment":"scroll","background-type":"","background-media":"","overlay-type":"","overlay-color":"","overlay-opacity":"","overlay-gradient":""},"tablet":{"background-color":"","background-image":"","background-repeat":"repeat","background-position":"center center","background-size":"auto","background-attachment":"scroll","background-type":"","background-media":"","overlay-type":"","overlay-color":"","overlay-opacity":"","overlay-gradient":""},"mobile":{"background-color":"","background-image":"","background-repeat":"repeat","background-position":"center center","background-size":"auto","background-attachment":"scroll","background-type":"","background-media":"","overlay-type":"","overlay-color":"","overlay-opacity":"","overlay-gradient":""}},"ast-content-background-meta":{"desktop":{"background-color":"var(--ast-global-color-5)","background-image":"","background-repeat":"repeat","background-position":"center center","background-size":"auto","background-attachment":"scroll","background-type":"","background-media":"","overlay-type":"","overlay-color":"","overlay-opacity":"","overlay-gradient":""},"tablet":{"background-color":"var(--ast-global-color-5)","background-image":"","background-repeat":"repeat","background-position":"center center","background-size":"auto","background-attachment":"scroll","background-type":"","background-media":"","overlay-type":"","overlay-color":"","overlay-opacity":"","overlay-gradient":""},"mobile":{"background-color":"var(--ast-global-color-5)","background-image":"","background-repeat":"repeat","background-position":"center center","background-size":"auto","background-attachment":"scroll","background-type":"","background-media":"","overlay-type":"","overlay-color":"","overlay-opacity":"","overlay-gradient":""}},"footnotes":""},"categories":[823],"tags":[810,859,864],"class_list":["post-60310","post","type-post","status-publish","format-standard","has-post-thumbnail","hentry","category-atividade","tag-brasil-pt-br","tag-ods-05-pt-br","tag-ods-10-pt-br"],"uagb_featured_image_src":{"full":["https:\/\/acnudh.org\/wp-content\/uploads\/2019\/09\/GIG6258.jpg",6000,4000,false],"thumbnail":["https:\/\/acnudh.org\/wp-content\/uploads\/2019\/09\/GIG6258-110x110.jpg",110,110,true],"medium":["https:\/\/acnudh.org\/wp-content\/uploads\/2019\/09\/GIG6258-400x267.jpg",400,267,true],"medium_large":["https:\/\/acnudh.org\/wp-content\/uploads\/2019\/09\/GIG6258.jpg",6000,4000,false],"large":["https:\/\/acnudh.org\/wp-content\/uploads\/2019\/09\/GIG6258-580x387.jpg",580,387,true],"1536x1536":["https:\/\/acnudh.org\/wp-content\/uploads\/2019\/09\/GIG6258.jpg",1536,1024,false],"2048x2048":["https:\/\/acnudh.org\/wp-content\/uploads\/2019\/09\/GIG6258.jpg",2048,1365,false]},"uagb_author_info":{"display_name":"Fernanda Cabrera","author_link":"https:\/\/acnudh.org\/pt-br\/author\/fcabrera\/"},"uagb_comment_info":0,"uagb_excerpt":"SANTIAGO (12 de setembro de 2019) &#8211; Em 4 de setembro, a assessora do Escrit\u00f3rio para a Am\u00e9rica do Sul do Alto Comissariado das Na\u00e7\u00f5es Unidas para os Direitos Humanos (ACNUDH), Angela Pires, participou da cerim\u00f4nia de formatura da primeira turma de estudantes do programa de fortalecimento de capacidades \u201cTrans-forma\u00e7\u00e3o&#8221; na Bahia, Brasil. \u201cTransforma\u00e7\u00e3o\u201d \u00e9&hellip;","_links":{"self":[{"href":"https:\/\/acnudh.org\/pt-br\/wp-json\/wp\/v2\/posts\/60310","targetHints":{"allow":["GET"]}}],"collection":[{"href":"https:\/\/acnudh.org\/pt-br\/wp-json\/wp\/v2\/posts"}],"about":[{"href":"https:\/\/acnudh.org\/pt-br\/wp-json\/wp\/v2\/types\/post"}],"author":[{"embeddable":true,"href":"https:\/\/acnudh.org\/pt-br\/wp-json\/wp\/v2\/users\/8"}],"replies":[{"embeddable":true,"href":"https:\/\/acnudh.org\/pt-br\/wp-json\/wp\/v2\/comments?post=60310"}],"version-history":[{"count":5,"href":"https:\/\/acnudh.org\/pt-br\/wp-json\/wp\/v2\/posts\/60310\/revisions"}],"predecessor-version":[{"id":60351,"href":"https:\/\/acnudh.org\/pt-br\/wp-json\/wp\/v2\/posts\/60310\/revisions\/60351"}],"wp:featuredmedia":[{"embeddable":true,"href":"https:\/\/acnudh.org\/pt-br\/wp-json\/wp\/v2\/media\/60289"}],"wp:attachment":[{"href":"https:\/\/acnudh.org\/pt-br\/wp-json\/wp\/v2\/media?parent=60310"}],"wp:term":[{"taxonomy":"category","embeddable":true,"href":"https:\/\/acnudh.org\/pt-br\/wp-json\/wp\/v2\/categories?post=60310"},{"taxonomy":"post_tag","embeddable":true,"href":"https:\/\/acnudh.org\/pt-br\/wp-json\/wp\/v2\/tags?post=60310"}],"curies":[{"name":"wp","href":"https:\/\/api.w.org\/{rel}","templated":true}]}}