{"id":60259,"date":"2019-09-09T08:36:57","date_gmt":"2019-09-09T11:36:57","guid":{"rendered":"http:\/\/acnudh.org\/bachelet-atualizou-conselho-dos-direitos-humanos-sobre-venezuela\/"},"modified":"2019-09-10T17:34:01","modified_gmt":"2019-09-10T20:34:01","slug":"bachelet-atualizou-conselho-dos-direitos-humanos-sobre-venezuela","status":"publish","type":"post","link":"https:\/\/acnudh.org\/pt-br\/bachelet-atualizou-conselho-dos-direitos-humanos-sobre-venezuela\/","title":{"rendered":"Bachelet atualizou Conselho dos Direitos Humanos sobre Venezuela"},"content":{"rendered":"\n<p style=\"text-align:left\">SANTIAGO (9 de setembro de 2019) &#8211; A Alta Comiss\u00e1ria das Na\u00e7\u00f5es Unidas para os Direitos Humanos, Michelle Bachelet, realizou uma atualiza\u00e7\u00e3o sobre a situa\u00e7\u00e3o de direitos humanos na Venezuela, no contexto da <a href=\"https:\/\/www.ohchr.org\/SP\/HRBodies\/HRC\/RegularSessions\/Session42\/Pages\/42RegularSession.aspx\" target=\"_blank\" rel=\"noreferrer noopener\" aria-label=\"42\u00aa sess\u00e3o regular (abre en una nueva pesta\u00f1a)\">42\u00aa sess\u00e3o regular<\/a>  do Conselho de Direitos Humanos da ONU, que ocorre em Genebra, na Su\u00ed\u00e7a, entre 9 e 27 de setembro de 2019.<\/p>\n\n\n\n<p>Confira o discurso na \u00edntegra, em espanhol:<\/p>\n\n\n\n<p style=\"text-align:right\"><a rel=\"noreferrer noopener\" aria-label=\" (abre en una nueva pesta\u00f1a)\" href=\"https:\/\/www.ohchr.org\/EN\/NewsEvents\/Pages\/DisplayNews.aspx?NewsID=24958&amp;LangID=E\" target=\"_blank\">Ingl\u00eas<\/a><\/p>\n\n\n\n<p><strong>42\u00aa sesi\u00f3n del Consejo de Derechos Humanos<br>Michelle Bachelet,&nbsp;Alta Comisionada de las Naciones Unidas&nbsp;para los Derechos Humanos<\/strong><\/p>\n\n\n\n<p>Ginebra, 9 de septiembre de 2019<\/p>\n\n\n\n<p>Se\u00f1or Presidente,&nbsp;<br>Miembros del Consejo de Derechos Humanos,&nbsp;<br>Excelencias;&nbsp;<\/p>\n\n\n\n<p>Desde la presentaci\u00f3n de mi informe a este Consejo el pasado 5 de julio, la situaci\u00f3n de derechos humanos sigue afectando a millones de personas en Venezuela y con claros impactos desestabilizadores en la regi\u00f3n. Es por ello, que mantengo mi compromiso de seguir cooperando con las autoridades para lograr cambios sustanciales y poner fin a las violaciones de derechos humanos documentadas en mi informe.&nbsp;<\/p>\n\n\n\n<p>Se ha logrado restablecer el trabajo de un equipo de la Oficina en Caracas y el Gobierno ha confirmado su voluntad de avanzar sobre la base de los compromisos en materia de derechos humanos asumidos durante mi visita al pa\u00eds en junio.&nbsp;<\/p>\n\n\n\n<p>Sobre la situaci\u00f3n penitenciaria y de detenidos ha habido avances recientes. El 6 de septiembre un miembro de mi equipo fue autorizado a visitar el Centro de Procesados Militares Ramo Verde (sexta visita a prisiones desde marzo).&nbsp; Se est\u00e1 avanzando en un protocolo y un calendario de visitas en los pr\u00f3ximos meses. De acuerdo con los compromisos adquiridos con mi Oficina, el Gobierno ha cumplido con la excarcelaci\u00f3n de 83 personas, incluidas aquellas cuya detenci\u00f3n hab\u00eda sido considerada como arbitraria por el Grupo de Trabajo de Detenci\u00f3n Arbitraria y que segu\u00edan en r\u00e9gimen de detenci\u00f3n, as\u00ed como otros casos se\u00f1alados por la Oficina.&nbsp; Queda pendiente la liberaci\u00f3n plena de la Jueza Afiuni y del periodista Braulio Jatar, quienes obtuvieron medidas parciales.&nbsp;<\/p>\n\n\n\n<p>El Gobierno tambi\u00e9n se ha comprometido a establecer un mecanismo para atender casos individuales, y mi Oficina ya ha remitido 7 casos prioritarios que esperamos se resuelvan pronto. Asimismo, las autoridades nos han comunicado las medidas recientemente adoptadas para aliviar la situaci\u00f3n m\u00e9dica de algunos detenidos. Adem\u00e1s, el Gobierno est\u00e1 avanzando con respecto a su invitaci\u00f3n al pa\u00eds a diez Procedimientos Especiales en los pr\u00f3ximos dos a\u00f1os.&nbsp;<\/p>\n\n\n\n<p>Por otro lado, la situaci\u00f3n econ\u00f3mica y social sigue deterior\u00e1ndose r\u00e1pidamente, restringiendo el ejercicio de los derechos econ\u00f3micos y sociales de millones de personas. La econom\u00eda atraviesa lo que podr\u00eda ser el episodio hiperinflacionario m\u00e1s agudo que haya experimentado la regi\u00f3n, afectando la capacidad de compra de alimentos b\u00e1sicos, medicamentos y otros bienes esenciales.&nbsp;<\/p>\n\n\n\n<p>Al d\u00eda de hoy, el salario m\u00ednimo equivale a 2 d\u00f3lares mensuales, en comparaci\u00f3n con los 7 d\u00f3lares en junio. As\u00ed, una familia necesita percibir el equivalente a 41 salarios m\u00ednimos mensuales para poder cubrir la canasta b\u00e1sica alimentaria. La dolarizaci\u00f3n&nbsp;<em>de facto<\/em>&nbsp;en varios sectores de la econom\u00eda est\u00e1 exacerbando las desigualdades. Los servicios p\u00fablicos han seguido presentando fallas graves y recurrentes, con especial intensidad en el estado Zulia. El desabastecimiento de combustible fuera de Caracas ha agravado la situaci\u00f3n.&nbsp;<\/p>\n\n\n\n<p>En este contexto, el 8 de agosto pasado expres\u00e9 mi preocupaci\u00f3n por el impacto potencialmente severo en los derechos humanos del nuevo conjunto de sanciones impuestas por el Gobierno de los Estados Unidos de Am\u00e9rica. Pese a las excepciones contempladas en las \u00faltimas sanciones en el \u00e1rea de asistencia humanitaria, el escrutinio estricto (<em>over-compliance<\/em>) del sector financiero, la reducci\u00f3n de los ingresos p\u00fablicos y la ca\u00edda en la producci\u00f3n petrolera est\u00e1 teniendo ya un fuerte impacto en los programas sociales y en la poblaci\u00f3n en general. Todo esto contribuye a agravar la situaci\u00f3n humanitaria y el \u00e9xodo de personas venezolanas.<\/p>\n\n\n\n<blockquote class=\"twitter-tweet\"><p lang=\"es\" dir=\"ltr\"><a href=\"https:\/\/twitter.com\/hashtag\/Venezuela?src=hash&amp;ref_src=twsrc%5Etfw\">#Venezuela<\/a>??<a href=\"https:\/\/twitter.com\/hashtag\/HRC42?src=hash&amp;ref_src=twsrc%5Etfw\">#HRC42<\/a><br><br>En la primera jornada de la 42\u00aa sesi\u00f3n del Consejo de <a href=\"https:\/\/twitter.com\/hashtag\/DerechosHumanos?src=hash&amp;ref_src=twsrc%5Etfw\">#DerechosHumanos<\/a> <a href=\"https:\/\/twitter.com\/UN_HRC?ref_src=twsrc%5Etfw\">@UN_HRC<\/a>, la Alta Comisionada <a href=\"https:\/\/twitter.com\/mbachelet?ref_src=twsrc%5Etfw\">@mbachelet<\/a> realiz\u00f3 una actualizaci\u00f3n oral sobre la situaci\u00f3n en el pa\u00eds. <br><br>\u2139 Lee la declaraci\u00f3n completa: <a href=\"https:\/\/t.co\/R6KFBD6XSJ\">https:\/\/t.co\/R6KFBD6XSJ<\/a><a href=\"https:\/\/twitter.com\/hashtag\/StandUp4HumanRights?src=hash&amp;ref_src=twsrc%5Etfw\">#StandUp4HumanRights<\/a> <a href=\"https:\/\/twitter.com\/ONU_es?ref_src=twsrc%5Etfw\">@ONU_es<\/a> <a href=\"https:\/\/t.co\/GOUCMDLdoe\">pic.twitter.com\/GOUCMDLdoe<\/a><\/p>\u2014 ONU Derechos Humanos &#8211; Am\u00e9rica del Sur (@ONU_derechos) <a href=\"https:\/\/twitter.com\/ONU_derechos\/status\/1171141496390782978?ref_src=twsrc%5Etfw\">September 9, 2019<\/a><\/blockquote> <script async=\"\" src=\"https:\/\/platform.twitter.com\/widgets.js\" charset=\"utf-8\"><\/script>\n\n\n\n<p>Persisten serios obst\u00e1culos en la disponibilidad y accesibilidad econ\u00f3mica a los alimentos. Por ejemplo, C\u00e1ritas registr\u00f3 un 35 por ciento de desnutrici\u00f3n cr\u00f3nica en los ni\u00f1os y ni\u00f1as menores de 5 a\u00f1os atendidos en junio de 2019 en las zonas m\u00e1s pobres de 18 estados.&nbsp;<\/p>\n\n\n\n<p>En relaci\u00f3n con el derecho a la salud, me preocupa particularmente el insuficiente acceso a medicamentos y tratamiento de m\u00e1s de 400,000 personas que padecen enfermedades cr\u00f3nicas. Se ha registrado la muerte de pacientes con insuficiencia renal debido a la escasez de medicamentos e insumos para ser dializados desde 2017. Debido al desabastecimiento de suministros, los \u00fanicos dos centros en el pa\u00eds donde se pueden practicar trasplantes de m\u00e9dula \u00f3sea se enfrentan a serios problemas operativos. Adicionalmente, debido a problemas financieros al menos 39 personas, incluidos ni\u00f1os y ni\u00f1as, se encuentran en Venezuela esperando viajar al extranjero para ser trasplantados en el marco de programas estatales. En los \u00faltimos meses, al menos 4 ni\u00f1os y ni\u00f1as habr\u00edan fallecido durante la espera. Un paso positivo es que seg\u00fan la Organizaci\u00f3n Panamericana de la Salud se ha ampliado la cobertura de vacunaci\u00f3n contra la poliomielitis, el sarampi\u00f3n y la difteria.<\/p>\n\n\n\n<p>Mi Oficina ha seguido documentando casos de posibles ejecuciones extrajudiciales cometidas por miembros de las Fuerzas de Acci\u00f3n Especiales de la Polic\u00eda Nacional &#8211; conocidas como FAES &#8211; en algunos barrios del pa\u00eds. Tan s\u00f3lo en el pasado mes de julio la organizaci\u00f3n no-gubernamental&nbsp;<em>Monitor de V\u00edctimas<\/em>&nbsp;identific\u00f3 57 nuevos casos de presuntas ejecuciones cometidas por miembros del FAES en Caracas. Los casos documentados muestran el mismo patr\u00f3n identificado en mi informe de junio y revelan la ausencia de mecanismos eficaces para proteger a los testigos y familiares de las v\u00edctimas, quienes en su mayor\u00eda son mujeres. Mi Oficina no ha recibido informaci\u00f3n sobre medidas para implementar la recomendaci\u00f3n del informe sobre la disoluci\u00f3n de las FAES y prevenir la posible comisi\u00f3n de ejecuciones extrajudiciales. Por el contrario, las FAES han recibido apoyo al m\u00e1s alto nivel del Gobierno.<\/p>\n\n\n\n<p>Seg\u00fan informaci\u00f3n recibida recientemente por parte del Ministerio P\u00fablico, de agosto de 2017 a mayo de 2019, se condenaron a 104 miembros de fuerzas de seguridad por violaci\u00f3n a los derechos humanos. Mi oficina espera informaci\u00f3n detallada sobre el tipo de violaci\u00f3n a los derechos humanos, la adscripci\u00f3n institucional de los funcionarios, y el perfil de las v\u00edctimas.&nbsp;<\/p>\n\n\n\n<p>En el mes de julio, el Tribunal Supremo de Justicia ratific\u00f3 la condena en contra de un miembro de los Servicios Bolivarianos de Inteligencia Nacional (SEBIN) por el homicidio de Bassil Dacosta, quien muri\u00f3 de un disparo en la cabeza en las protestas anti-gubernamentales de 2014. Asimismo, se captur\u00f3 en Espa\u00f1a a uno de los presuntos responsables de la muerte de Orlando Figuera, a quien prendieron fuego durante las manifestaciones convocadas por la oposici\u00f3n en 2017. Llamo a las autoridades de justicia a agilizar las investigaciones y procesos penales del resto de los casos de muertes en el contexto de protestas.&nbsp;<\/p>\n\n\n\n<p>Me preocupa el aumento de presencia de militares en el territorio del pueblo ind\u00edgena&nbsp;<em>Pem\u00f3n<\/em>, as\u00ed como casos recientes recibidos de violencia en contra de personas ind\u00edgenas, como las muertes de dos j\u00f3venes&nbsp;<em>Warao<\/em>&nbsp;en julio presuntamente por elementos del FAES, las muertes de una mujer ind\u00edgena&nbsp;<em>Warao<\/em>embarazada, y una ni\u00f1a de 6 a\u00f1os, as\u00ed como la muerte de un l\u00edder ind\u00edgena&nbsp;<em>Curripaco<\/em>&nbsp;en Amazonas, cometidos supuestamente por miembros de la Guardia Nacional Bolivariana.<\/p>\n\n\n\n<p>Me preocupa tambi\u00e9n el impacto que la extracci\u00f3n de oro, diamantes, colt\u00e1n y otros metales en el Arco Minero del Orinoco est\u00e1 teniendo en la forma de vida de los pueblos ind\u00edgenas, as\u00ed como el impacto ambiental en sus territorios.&nbsp; A pesar de que el Gobierno considera que se realizaron consultas con los pueblos ind\u00edgenas antes del establecimiento del Arco Minero, autoridades ind\u00edgenas y ONGs sostienen que no hubo consultas, ni los estudios de impacto ambiental adecuados.&nbsp;&nbsp;&nbsp;<\/p>\n\n\n\n<p>Desde la presentaci\u00f3n de mi informe, la Asamblea Nacional Constituyente, a petici\u00f3n del Tribunal Supremo, ha levantado la inmunidad parlamentaria a otros cuatro diputados de la Asamblea Nacional, elevando el n\u00famero total a una parlamentaria y 24 parlamentarios despojados de inmunidad, incluido su Presidente. Dos parlamentarios siguen en detenci\u00f3n preventiva a la espera de juicio. Conf\u00edo en que mi oficina pueda visitarles pronto.<\/p>\n\n\n\n<p>Deseo expresar mi rechazo a la condena del l\u00edder sindical Rub\u00e9n Gonz\u00e1lez a 5 a\u00f1os y 9 meses de prisi\u00f3n por un tribunal militar el 13 de agosto por hechos ocurridos en el ejercicio de su activismo sindical. Su familia tambi\u00e9n ha sido objeto de diversas formas de hostigamiento. La aplicaci\u00f3n de la justicia militar para juzgar a civiles constituye una violaci\u00f3n del derecho a un juicio justo, incluido el derecho a ser juzgado por un tribunal independiente e imparcial.<\/p>\n\n\n\n<p>Me preocupan las recientes acciones para aprobar una ley que tipifica como delito las actividades de las organizaciones de derechos humanos nacionales que reciben fondos del extranjero. Esa ley, si se aprueba y aplica, reducir\u00e1 a\u00fan m\u00e1s el espacio democr\u00e1tico. Lamento tambi\u00e9n los recientes ataques del Gobierno en contra de la autonom\u00eda universitaria.&nbsp;<\/p>\n\n\n\n<p>Mi Oficina document\u00f3 casos de tortura y malos tratos, tanto f\u00edsicos como psicol\u00f3gicos, de personas arbitrariamente privadas de su libertad, en particular de militares. Las condiciones de detenci\u00f3n no cumplen con los est\u00e1ndares internacionales b\u00e1sicos y las personas detenidas no tienen acceso a atenci\u00f3n m\u00e9dica adecuada. Solicito a las autoridades tomar acci\u00f3n para corregir estas pr\u00e1cticas, permitir acceso m\u00e9dico e investigar violaciones a los derechos humanos.<\/p>\n\n\n\n<p>La autopsia del Capit\u00e1n Acosta Ar\u00e9valo, quien falleci\u00f3 bajo custodia el 29 de junio, revel\u00f3 que hab\u00eda sufrido m\u00faltiples golpes, contusiones, excoriaciones y quemaduras en varias partes del cuerpo. Sufri\u00f3 fracturas en 16 costillas, el tabique nasal y el pie derecho. Las autoridades reportaron que dos oficiales de la DGCIM hab\u00edan sido detenidos y acusados de homicidio preterintencional, pero no de haber cometido actos de tortura. Aliento a las autoridades a que investiguen las denuncias de tortura, castiguen a los responsables, reparen a las v\u00edctimas y adopten medidas para evitar su repetici\u00f3n.&nbsp;<\/p>\n\n\n\n<p>Seg\u00fan las \u00faltimas cifras de Naciones Unidas hay m\u00e1s de 4,3 millones de personas venezolanas refugiadas y migrantes en el mundo. Celebro los esfuerzos realizados en materia de recepci\u00f3n, documentaci\u00f3n y acceso a derechos en los pa\u00edses de acogida. Concuerdo con las palabras de Eduardo Stein, Representante Especial del Secretario General para los refugiados y migrantes venezolanos, sobre la necesidad de adoptar medidas para garantizar una migraci\u00f3n segura, ordenada y regular, las mismas no deber\u00edan imponer obst\u00e1culos de acceso al territorio que pueden incrementar la migraci\u00f3n irregular, y exacerbar los riesgos a ser v\u00edctimas de diversas formas de violencia y explotaci\u00f3n.&nbsp; Preocupan los informes de brotes de xenofobia en pa\u00edses de la regi\u00f3n y redoblo mi pedido a las autoridades de los pa\u00edses de acogida para mitigarlos y prevenirlos preservando los derechos de las personas migrantes y refugiadas.<\/p>\n\n\n\n<p>Mi Oficina ha seguido documentando casos de personas migrantes v\u00edctimas de trata, particularmente mujeres, ni\u00f1as y ni\u00f1os, con fines de explotaci\u00f3n sexual, laboral y de reclutamiento para actividades il\u00edcitas por parte del crimen organizado y de otros grupos armados. Las v\u00edctimas rara vez denuncian por temor a represalias o a ser deportadas, as\u00ed como debido a la corrupci\u00f3n, impunidad y falta de servicios de atenci\u00f3n adecuados. Asimismo, se document\u00f3 la desaparici\u00f3n de decenas de personas migrantes cuyas lanchas naufragaron o desaparecieron en las costas caribe\u00f1as, aparentemente relacionada con redes de trata y tr\u00e1fico de personas hacia las islas del Caribe.&nbsp;<\/p>\n\n\n\n<p>Me preocupa la informaci\u00f3n recibida por mi Oficina seg\u00fan la cual algunas organizaciones de la sociedad civil y sus representantes que colaboraron en la preparaci\u00f3n de mi \u00faltimo informe a este Consejo, fueron v\u00edctimas de descalificaciones p\u00fablicas y amenazas por altos funcionarios siguiendo su publicaci\u00f3n. Las represalias por haber cooperado con las Naciones Unidas son inaceptables e insto a las autoridades a que tomen medidas de prevenci\u00f3n.<br>Mantengo la certeza de que las recomendaciones de mi informe puedan servir como una gu\u00eda para superar la actual situaci\u00f3n. Mi Oficina seguir\u00e1 brindando la asistencia t\u00e9cnica y apoyo a las instituciones y a las v\u00edctimas que sea requerida, a la vez que seguir\u00e1 monitoreando y reportando.&nbsp;<\/p>\n\n\n\n<p>Reitero mi llamado tanto al Gobierno como a la oposici\u00f3n para que superen sus diferencias y den prioridad a la negociaci\u00f3n que considero como la \u00fanica manera para poder superar la actual situaci\u00f3n. Una vez m\u00e1s expreso mi disponibilidad y la de mi oficina, fuera y dentro del pa\u00eds, para acompa\u00f1ar todos los esfuerzos que contribuyan a superar la actual crisis que afecta a millones de venezolanos. Apoyo el espacio facilitado por el reino de Noruega, as\u00ed como las diversas iniciativas de dialogo que la comunidad internacional est\u00e1 impulsando.<\/p>\n\n\n\n<p>FIM<br><br><em>Fonte: <a rel=\"noreferrer noopener\" aria-label=\"ONU Derechos Humanos (abre en una nueva pesta\u00f1a)\" href=\"https:\/\/www.ohchr.org\/SP\/NewsEvents\/Pages\/DisplayNews.aspx?NewsID=24958&amp;LangID=S\" target=\"_blank\">ONU Direitos Humanos<\/a><\/em><\/p>\n","protected":false},"excerpt":{"rendered":"<p>SANTIAGO (9 de setembro de 2019) &#8211; A Alta Comiss\u00e1ria das Na\u00e7\u00f5es Unidas para os Direitos Humanos, Michelle Bachelet, realizou uma atualiza\u00e7\u00e3o sobre a situa\u00e7\u00e3o de direitos humanos na Venezuela, no contexto da 42\u00aa sess\u00e3o regular do Conselho de Direitos Humanos da ONU, que ocorre em Genebra, na Su\u00ed\u00e7a, entre 9 e 27 de setembro [&hellip;]<\/p>\n","protected":false},"author":5,"featured_media":60221,"comment_status":"closed","ping_status":"closed","sticky":false,"template":"","format":"standard","meta":{"_uag_custom_page_level_css":"","site-sidebar-layout":"default","site-content-layout":"default","ast-site-content-layout":"","site-content-style":"default","site-sidebar-style":"default","ast-global-header-display":"","ast-banner-title-visibility":"","ast-main-header-display":"","ast-hfb-above-header-display":"","ast-hfb-below-header-display":"","ast-hfb-mobile-header-display":"","site-post-title":"","ast-breadcrumbs-content":"","ast-featured-img":"","footer-sml-layout":"","theme-transparent-header-meta":"default","adv-header-id-meta":"","stick-header-meta":"default","header-above-stick-meta":"","header-main-stick-meta":"","header-below-stick-meta":"","astra-migrate-meta-layouts":"default","ast-page-background-enabled":"default","ast-page-background-meta":{"desktop":{"background-color":"","background-image":"","background-repeat":"repeat","background-position":"center center","background-size":"auto","background-attachment":"scroll","background-type":"","background-media":"","overlay-type":"","overlay-color":"","overlay-opacity":"","overlay-gradient":""},"tablet":{"background-color":"","background-image":"","background-repeat":"repeat","background-position":"center center","background-size":"auto","background-attachment":"scroll","background-type":"","background-media":"","overlay-type":"","overlay-color":"","overlay-opacity":"","overlay-gradient":""},"mobile":{"background-color":"","background-image":"","background-repeat":"repeat","background-position":"center center","background-size":"auto","background-attachment":"scroll","background-type":"","background-media":"","overlay-type":"","overlay-color":"","overlay-opacity":"","overlay-gradient":""}},"ast-content-background-meta":{"desktop":{"background-color":"var(--ast-global-color-5)","background-image":"","background-repeat":"repeat","background-position":"center center","background-size":"auto","background-attachment":"scroll","background-type":"","background-media":"","overlay-type":"","overlay-color":"","overlay-opacity":"","overlay-gradient":""},"tablet":{"background-color":"var(--ast-global-color-5)","background-image":"","background-repeat":"repeat","background-position":"center center","background-size":"auto","background-attachment":"scroll","background-type":"","background-media":"","overlay-type":"","overlay-color":"","overlay-opacity":"","overlay-gradient":""},"mobile":{"background-color":"var(--ast-global-color-5)","background-image":"","background-repeat":"repeat","background-position":"center center","background-size":"auto","background-attachment":"scroll","background-type":"","background-media":"","overlay-type":"","overlay-color":"","overlay-opacity":"","overlay-gradient":""}},"footnotes":""},"categories":[824,830],"tags":[816,804,913,914],"class_list":["post-60259","post","type-post","status-publish","format-standard","has-post-thumbnail","hentry","category-noticias","category-slide-portada-pt","tag-venezuela-pt-br","tag-venezuela","tag-justicia-e-instituciones-solidas-pt-br","tag-ods-16-paz-pt-br-2"],"uagb_featured_image_src":{"full":["https:\/\/acnudh.org\/wp-content\/uploads\/2019\/09\/story-42HRC-HCVenezuela.jpg",920,500,false],"thumbnail":["https:\/\/acnudh.org\/wp-content\/uploads\/2019\/09\/story-42HRC-HCVenezuela-110x110.jpg",110,110,true],"medium":["https:\/\/acnudh.org\/wp-content\/uploads\/2019\/09\/story-42HRC-HCVenezuela-400x217.jpg",400,217,true],"medium_large":["https:\/\/acnudh.org\/wp-content\/uploads\/2019\/09\/story-42HRC-HCVenezuela.jpg",920,500,false],"large":["https:\/\/acnudh.org\/wp-content\/uploads\/2019\/09\/story-42HRC-HCVenezuela-580x315.jpg",580,315,true],"1536x1536":["https:\/\/acnudh.org\/wp-content\/uploads\/2019\/09\/story-42HRC-HCVenezuela.jpg",920,500,false],"2048x2048":["https:\/\/acnudh.org\/wp-content\/uploads\/2019\/09\/story-42HRC-HCVenezuela.jpg",920,500,false]},"uagb_author_info":{"display_name":"mmoya","author_link":"https:\/\/acnudh.org\/pt-br\/author\/mmoya\/"},"uagb_comment_info":0,"uagb_excerpt":"SANTIAGO (9 de setembro de 2019) &#8211; A Alta Comiss\u00e1ria das Na\u00e7\u00f5es Unidas para os Direitos Humanos, Michelle Bachelet, realizou uma atualiza\u00e7\u00e3o sobre a situa\u00e7\u00e3o de direitos humanos na Venezuela, no contexto da 42\u00aa sess\u00e3o regular do Conselho de Direitos Humanos da ONU, que ocorre em Genebra, na Su\u00ed\u00e7a, entre 9 e 27 de setembro&hellip;","_links":{"self":[{"href":"https:\/\/acnudh.org\/pt-br\/wp-json\/wp\/v2\/posts\/60259","targetHints":{"allow":["GET"]}}],"collection":[{"href":"https:\/\/acnudh.org\/pt-br\/wp-json\/wp\/v2\/posts"}],"about":[{"href":"https:\/\/acnudh.org\/pt-br\/wp-json\/wp\/v2\/types\/post"}],"author":[{"embeddable":true,"href":"https:\/\/acnudh.org\/pt-br\/wp-json\/wp\/v2\/users\/5"}],"replies":[{"embeddable":true,"href":"https:\/\/acnudh.org\/pt-br\/wp-json\/wp\/v2\/comments?post=60259"}],"version-history":[{"count":2,"href":"https:\/\/acnudh.org\/pt-br\/wp-json\/wp\/v2\/posts\/60259\/revisions"}],"predecessor-version":[{"id":60262,"href":"https:\/\/acnudh.org\/pt-br\/wp-json\/wp\/v2\/posts\/60259\/revisions\/60262"}],"wp:featuredmedia":[{"embeddable":true,"href":"https:\/\/acnudh.org\/pt-br\/wp-json\/wp\/v2\/media\/60221"}],"wp:attachment":[{"href":"https:\/\/acnudh.org\/pt-br\/wp-json\/wp\/v2\/media?parent=60259"}],"wp:term":[{"taxonomy":"category","embeddable":true,"href":"https:\/\/acnudh.org\/pt-br\/wp-json\/wp\/v2\/categories?post=60259"},{"taxonomy":"post_tag","embeddable":true,"href":"https:\/\/acnudh.org\/pt-br\/wp-json\/wp\/v2\/tags?post=60259"}],"curies":[{"name":"wp","href":"https:\/\/api.w.org\/{rel}","templated":true}]}}