{"id":60240,"date":"2019-09-09T16:53:27","date_gmt":"2019-09-09T19:53:27","guid":{"rendered":"http:\/\/acnudh.org\/bachelet-alerta-que-incendios-na-amazonia-podem-ter-um-impacto-catastrofico\/"},"modified":"2019-09-09T20:09:54","modified_gmt":"2019-09-09T23:09:54","slug":"bachelet-alerta-que-incendios-na-amazonia-podem-ter-um-impacto-catastrofico","status":"publish","type":"post","link":"https:\/\/acnudh.org\/pt-br\/bachelet-alerta-que-incendios-na-amazonia-podem-ter-um-impacto-catastrofico\/","title":{"rendered":"Bachelet alerta que inc\u00eandios na Amaz\u00f4nia &#8220;podem ter um impacto catastr\u00f3fico&#8221;"},"content":{"rendered":"\n<p>9 de setembro de 2019 &#8211; Alta Comiss\u00e1ria para os Direitos Humanos defende que total de mortes e danos causados na Bol\u00edvia, no Paraguai e no Brasil \u201cnunca poder\u00e3o ser conhecidos\u201d; no Conselho de Direitos Humanos,\u00a0representante apresentou pontos-chave sobre\u00a0 a\u00e7\u00e3o clim\u00e1tica.<\/p>\n\n\n\n<p>A alta comiss\u00e1ria para os Direitos Humanos da ONU, Michelle Bachelet disse que os atuais inc\u00eandios em toda a floresta tropical da Amaz\u00f4nia \u201cpodem ter um impacto catastr\u00f3fico na humanidade como um todo\u201d. Para ela, os piores efeitos da situa\u00e7\u00e3o \u201cs\u00e3o sofridos pelas mulheres, homens e crian\u00e7as que vivem nessas \u00e1reas, entre eles, muitos povos ind\u00edgenas\u201d.<\/p>\n\n\n\n<h2 class=\"wp-block-heading\"><strong>Danos<\/strong><\/h2>\n\n\n\n<p>Falando esta segunda-feira no Conselho de Direitos Humanos, Bachelet disse estar profundamente preocupada com a acelera\u00e7\u00e3o dr\u00e1stica do desmatamento da maior floresta tropical do mundo. Ela destacou que o total de mortes e danos causados nas \u00faltimas semanas na Bol\u00edvia, no Paraguai e no Brasil \u201cnunca poder\u00e3o ser conhecidos\u201d.<\/p>\n\n\n\n<p>O apelo lan\u00e7ado \u00e0s autoridades destes pa\u00edses \u00e9 que garantam a implementa\u00e7\u00e3o de pol\u00edticas ambientais de longa dura\u00e7\u00e3o e sistemas de incentivo \u00e0 gest\u00e3o sustent\u00e1vel que para elas estariam evitando trag\u00e9dias futuras.<\/p>\n\n\n\n<p>Bachelet disse que o seu escrit\u00f3rio tamb\u00e9m observou v\u00e1rios casos em que projetos de desenvolvimento, como grandes barragens hidrel\u00e9tricas e planta\u00e7\u00f5es de biocombust\u00edveis, foram financiados por institui\u00e7\u00f5es financeiras internacionais em nome da a\u00e7\u00e3o clim\u00e1tica, mas prejudicaram os direitos dos povos ind\u00edgenas e comunidades locais, incluindo mulheres.<\/p>\n\n\n\n<h2 class=\"wp-block-heading\">Justi\u00e7a<\/h2>\n\n\n\n<p>A chefe de Direitos Humanos fez um apelo a todas as institui\u00e7\u00f5es de desenvolvimento e finan\u00e7as para que estabele\u00e7am prote\u00e7\u00f5es de direitos humanos, com participa\u00e7\u00e3o e acesso \u00e0 informa\u00e7\u00e3o, justi\u00e7a e indeniza\u00e7\u00e3o em sua ess\u00eancia. Estes incluem os mecanismos estabelecidos no artigo 6 do Acordo de Paris.<\/p>\n\n\n\n<p>No \u00f3rg\u00e3o, Michelle Bachelle disse que o Conselho de Direitos Humanos tem um papel essencial a desempenhar, com meios existentes e inovadores para contribuir para a a\u00e7\u00e3o clim\u00e1tica.<\/p>\n\n\n\n<p>A representante apresentou cinco pontos-chave que devem guiar a a\u00e7\u00e3o clim\u00e1tica e est\u00e3o comprometendo os direitos, o desenvolvimento e a paz.<\/p>\n\n\n\n<h2 class=\"wp-block-heading\">Efic\u00e1cia<\/h2>\n\n\n\n<p>O primeiro ponto \u00e9 que \u201ca a\u00e7\u00e3o clim\u00e1tica eficaz requer uma participa\u00e7\u00e3o ampla e significativa\u201d. Em segundo lugar, Bachelet apontou que essa afic\u00e1cia requer uma participa\u00e7\u00e3o ampla e significativa. Como terceiro ponto, ela defendeu que devem ser melhor protegidos que defendem o meio ambiente. O quarto aspeto \u00e9 que os mais afetados pela situa\u00e7\u00e3o est\u00e3o liderando esse processo. Por \u00faltimo, a alta comiss\u00e1ria destacou que as empresas ser\u00e3o cruciais para a a\u00e7\u00e3o clim\u00e1tica.\u00a0<\/p>\n\n\n\n<p><em>Fonte:\u00a0<a rel=\"noreferrer noopener\" href=\"https:\/\/news.un.org\/pt\/story\/2019\/09\/1686152\" target=\"_blank\">ONU News em portugu\u00eas<\/a><\/em><\/p>\n","protected":false},"excerpt":{"rendered":"<p>9 de setembro de 2019 &#8211; Alta Comiss\u00e1ria para os Direitos Humanos defende que total de mortes e danos causados na Bol\u00edvia, no Paraguai e no Brasil \u201cnunca poder\u00e3o ser conhecidos\u201d; no Conselho de Direitos Humanos,\u00a0representante apresentou pontos-chave sobre\u00a0 a\u00e7\u00e3o clim\u00e1tica. A alta comiss\u00e1ria para os Direitos Humanos da ONU, Michelle Bachelet disse que os [&hellip;]<\/p>\n","protected":false},"author":5,"featured_media":60237,"comment_status":"closed","ping_status":"closed","sticky":false,"template":"","format":"standard","meta":{"_uag_custom_page_level_css":"","site-sidebar-layout":"default","site-content-layout":"default","ast-site-content-layout":"","site-content-style":"default","site-sidebar-style":"default","ast-global-header-display":"","ast-banner-title-visibility":"","ast-main-header-display":"","ast-hfb-above-header-display":"","ast-hfb-below-header-display":"","ast-hfb-mobile-header-display":"","site-post-title":"","ast-breadcrumbs-content":"","ast-featured-img":"","footer-sml-layout":"","theme-transparent-header-meta":"default","adv-header-id-meta":"","stick-header-meta":"default","header-above-stick-meta":"","header-main-stick-meta":"","header-below-stick-meta":"","astra-migrate-meta-layouts":"default","ast-page-background-enabled":"default","ast-page-background-meta":{"desktop":{"background-color":"","background-image":"","background-repeat":"repeat","background-position":"center center","background-size":"auto","background-attachment":"scroll","background-type":"","background-media":"","overlay-type":"","overlay-color":"","overlay-opacity":"","overlay-gradient":""},"tablet":{"background-color":"","background-image":"","background-repeat":"repeat","background-position":"center center","background-size":"auto","background-attachment":"scroll","background-type":"","background-media":"","overlay-type":"","overlay-color":"","overlay-opacity":"","overlay-gradient":""},"mobile":{"background-color":"","background-image":"","background-repeat":"repeat","background-position":"center center","background-size":"auto","background-attachment":"scroll","background-type":"","background-media":"","overlay-type":"","overlay-color":"","overlay-opacity":"","overlay-gradient":""}},"ast-content-background-meta":{"desktop":{"background-color":"var(--ast-global-color-5)","background-image":"","background-repeat":"repeat","background-position":"center center","background-size":"auto","background-attachment":"scroll","background-type":"","background-media":"","overlay-type":"","overlay-color":"","overlay-opacity":"","overlay-gradient":""},"tablet":{"background-color":"var(--ast-global-color-5)","background-image":"","background-repeat":"repeat","background-position":"center center","background-size":"auto","background-attachment":"scroll","background-type":"","background-media":"","overlay-type":"","overlay-color":"","overlay-opacity":"","overlay-gradient":""},"mobile":{"background-color":"var(--ast-global-color-5)","background-image":"","background-repeat":"repeat","background-position":"center center","background-size":"auto","background-attachment":"scroll","background-type":"","background-media":"","overlay-type":"","overlay-color":"","overlay-opacity":"","overlay-gradient":""}},"footnotes":""},"categories":[824],"tags":[903,902,867,870],"class_list":["post-60240","post","type-post","status-publish","format-standard","has-post-thumbnail","hentry","category-noticias","tag-mundo","tag-regiao","tag-ods-13-pt-br","tag-ods-16-pt-br"],"uagb_featured_image_src":{"full":["https:\/\/acnudh.org\/wp-content\/uploads\/2019\/09\/hrc.jpg",335,150,false],"thumbnail":["https:\/\/acnudh.org\/wp-content\/uploads\/2019\/09\/hrc-110x110.jpg",110,110,true],"medium":["https:\/\/acnudh.org\/wp-content\/uploads\/2019\/09\/hrc.jpg",335,150,false],"medium_large":["https:\/\/acnudh.org\/wp-content\/uploads\/2019\/09\/hrc.jpg",335,150,false],"large":["https:\/\/acnudh.org\/wp-content\/uploads\/2019\/09\/hrc.jpg",335,150,false],"1536x1536":["https:\/\/acnudh.org\/wp-content\/uploads\/2019\/09\/hrc.jpg",335,150,false],"2048x2048":["https:\/\/acnudh.org\/wp-content\/uploads\/2019\/09\/hrc.jpg",335,150,false]},"uagb_author_info":{"display_name":"mmoya","author_link":"https:\/\/acnudh.org\/pt-br\/author\/mmoya\/"},"uagb_comment_info":0,"uagb_excerpt":"9 de setembro de 2019 &#8211; Alta Comiss\u00e1ria para os Direitos Humanos defende que total de mortes e danos causados na Bol\u00edvia, no Paraguai e no Brasil \u201cnunca poder\u00e3o ser conhecidos\u201d; no Conselho de Direitos Humanos,\u00a0representante apresentou pontos-chave sobre\u00a0 a\u00e7\u00e3o clim\u00e1tica. A alta comiss\u00e1ria para os Direitos Humanos da ONU, Michelle Bachelet disse que os&hellip;","_links":{"self":[{"href":"https:\/\/acnudh.org\/pt-br\/wp-json\/wp\/v2\/posts\/60240","targetHints":{"allow":["GET"]}}],"collection":[{"href":"https:\/\/acnudh.org\/pt-br\/wp-json\/wp\/v2\/posts"}],"about":[{"href":"https:\/\/acnudh.org\/pt-br\/wp-json\/wp\/v2\/types\/post"}],"author":[{"embeddable":true,"href":"https:\/\/acnudh.org\/pt-br\/wp-json\/wp\/v2\/users\/5"}],"replies":[{"embeddable":true,"href":"https:\/\/acnudh.org\/pt-br\/wp-json\/wp\/v2\/comments?post=60240"}],"version-history":[{"count":3,"href":"https:\/\/acnudh.org\/pt-br\/wp-json\/wp\/v2\/posts\/60240\/revisions"}],"predecessor-version":[{"id":60244,"href":"https:\/\/acnudh.org\/pt-br\/wp-json\/wp\/v2\/posts\/60240\/revisions\/60244"}],"wp:featuredmedia":[{"embeddable":true,"href":"https:\/\/acnudh.org\/pt-br\/wp-json\/wp\/v2\/media\/60237"}],"wp:attachment":[{"href":"https:\/\/acnudh.org\/pt-br\/wp-json\/wp\/v2\/media?parent=60240"}],"wp:term":[{"taxonomy":"category","embeddable":true,"href":"https:\/\/acnudh.org\/pt-br\/wp-json\/wp\/v2\/categories?post=60240"},{"taxonomy":"post_tag","embeddable":true,"href":"https:\/\/acnudh.org\/pt-br\/wp-json\/wp\/v2\/tags?post=60240"}],"curies":[{"name":"wp","href":"https:\/\/api.w.org\/{rel}","templated":true}]}}