{"id":59310,"date":"2019-06-26T23:13:13","date_gmt":"2019-06-27T03:13:13","guid":{"rendered":"http:\/\/acnudh.org\/causas-subjacentes-da-privacao-de-liberdade-das-mulheres\/"},"modified":"2019-07-30T15:30:44","modified_gmt":"2019-07-30T19:30:44","slug":"causas-subjacentes-da-privacao-de-liberdade-das-mulheres","status":"publish","type":"post","link":"https:\/\/acnudh.org\/pt-br\/causas-subjacentes-da-privacao-de-liberdade-das-mulheres\/","title":{"rendered":"Causas subjacentes da priva\u00e7\u00e3o de liberdade das mulheres"},"content":{"rendered":"\n<p>GINEBRA (26 de junio de 2019) \u2014 Un grupo\r\nde expertas en derechos humanos de la ONU inst\u00f3 a los Estados a combatir las\r\ncausas subyacentes que conducen a la privaci\u00f3n de libertad de las mujeres como\r\nparte de sus obligaciones de eliminar la discriminaci\u00f3n contra las mujeres en\r\nla ley y en la pr\u00e1ctica.<\/p>\n\n<p>\u201cLas normas y los estereotipos sociales de g\u00e9nero, las privaciones econ\u00f3micas y las experiencias de violencia y conflicto son las causas subyacentes de la privaci\u00f3n de libertad de las mujeres\u201d, resalta un <a href=\"http:\/\/ap.ohchr.org\/documents\/dpage_e.aspx?si=A\/HRC\/41\/33\" target=\"_blank\" rel=\"noreferrer noopener\" aria-label=\" (abre en una nueva pesta\u00f1a)\">informe<\/a> de las expertas.<\/p>\n\n<p>\u201cLa privaci\u00f3n de libertad es un fen\u00f3meno\r\nprofundamente de g\u00e9nero\u201d, declar\u00f3 la presidenta del Grupo Grupo de Trabajo\r\nsobre la cuesti\u00f3n de la discriminaci\u00f3n contra la mujer, Meskerem Geset Techane,\r\nantes de presentar un nuevo informe al Consejo de Derechos Humanos. \u201cLa lucha\r\ncontra los estereotipos da\u00f1inos y las desigualdades econ\u00f3micas y sociales que\r\nenfrentan las mujeres es crucial para abordar adecuadamente la privaci\u00f3n de\r\nlibertad de las mujeres\u201d, agreg\u00f3.<\/p>\n\n<p>El informe examina las m\u00faltiples formas en\r\nque los actores estatales y no estatales pueden privar a las mujeres de su\r\nlibertad, no solo en los centros de detenci\u00f3n sino tambi\u00e9n en otras\r\ninstituciones p\u00fablicas y privadas, en hogares privados o en espacios\r\ncomunitarios, y en situaciones de conflicto y crisis.<\/p>\n\n<p>El experto subray\u00f3 que, al cumplir con su\r\nobligaci\u00f3n de eliminar la discriminaci\u00f3n contra las mujeres, los Estados\r\ndeber\u00edan tomar medidas para garantizar que los estereotipos de g\u00e9nero no est\u00e9n\r\nincorporados en la ley, las pol\u00edticas y la pr\u00e1ctica, o que est\u00e9n\r\ninstitucionalizados, lo que resultar\u00eda en la privaci\u00f3n de la libertad de las mujeres.<\/p>\n\n<p>\u201cEsto requiere modificar o eliminar todas\r\nlas leyes basadas en roles de g\u00e9nero estereotipados y combatir los estereotipos\r\nde g\u00e9nero en la familia, comunidad, e instituciones sociales y formales.\r\nTambi\u00e9n implica eliminar cualquier ley o pol\u00edtica que criminalice los roles\r\nprivados y p\u00fablicos de las mujeres, y tomar medidas para asegurar la\r\nparticipaci\u00f3n de las mujeres en las esferas pol\u00edticas y p\u00fablicas\u201d.<\/p>\n\n<p>En relaci\u00f3n con las oportunidades\r\necon\u00f3micas de las mujeres, el experto dijo que el acceso y el control desigual de\r\ny a los recursos, las oportunidades y los servicios constituyen un factor clave\r\nen el confinamiento de las mujeres. \u201cSe deben tomar medidas para garantizar que\r\nlos recursos y los servicios sociales est\u00e9n disponibles para las mujeres, y que\r\nse eliminen los obst\u00e1culos que encuentran para el pleno disfrute de sus\r\nderechos econ\u00f3micos y sociales\u201d.<\/p>\n\n<p>El experto tambi\u00e9n destac\u00f3 la importancia\r\nde tomar las medidas necesarias para brindar protecci\u00f3n efectiva a las mujeres\r\ncontra la violencia de g\u00e9nero en todos los niveles de la sociedad y en tiempos\r\nde conflicto o crisis.<\/p>\n\n<p>El informe se present\u00f3 el 27 de junio al Consejo de Derechos Humanos, vea la sesi\u00f3n <a href=\"http:\/\/webtv.un.org\/search\/clustered-id-contd-wg-on-discrimination-against-women-wg-on-transnational-corporations-11th-meeting-41st-regular-session-human-rights-council-\/6053050089001\/?term=HRC&amp;sort=date&amp;page=1\" target=\"_blank\" rel=\"noreferrer noopener\" aria-label=\" (abre en una nueva pesta\u00f1a)\">aqu\u00ed<\/a>.<\/p>\n\n<p>FIM<\/p>\n\n<p><br><em>El <a rel=\"noreferrer noopener\" aria-label=\" (abre en una nueva pesta\u00f1a)\" href=\"https:\/\/www.ohchr.org\/SP\/Issues\/Women\/WGWomen\/Pages\/WGWomenIndex.aspx\" target=\"_blank\">Grupo de Trabajo de las Naciones Unidas sobre la cuesti\u00f3n de la discriminaci\u00f3n contra las mujeres en las leyes y en la pr\u00e1ctica<\/a> fue creado por el Consejo de Derechos Humanos en 2011 para identificar, promover e intercambiar opiniones, en consulta con los Estados y otros actores, sobre las buenas pr\u00e1cticas relacionadas con la eliminaci\u00f3n de leyes. Que discriminan a las mujeres. El Grupo tambi\u00e9n tiene la tarea de desarrollar un di\u00e1logo con los Estados y otros actores sobre leyes que tienen un impacto discriminatorio en lo que respecta a las mujeres.<\/em><\/p>\n\n<p><em>El\r\nGrupo de Trabajo est\u00e1 compuesto por cinco expertas independientes: Meskerem\r\nGeset Techane (Etiop\u00eda), Presidenta; Elizabeth Broderick (Australia); Ivana\r\nRada\u010di\u0107 (Croacia); Alda Facio (Costa Rica), y Melissa Upreti (Nepal).<\/em><\/p>\n\n<p><br>Para obtener m\u00e1s informaci\u00f3n y solicitudes de medios, comun\u00edquese con\u00a0Hannah Wu (+41 22 917 9152 \/\u00a0<a href=\"mailto:hwu@ohchr.org\">hwu@ohchr.org<\/a>) o Laura Ram\u00edrez (+41 22 917 9668\u00a0\/\u00a0<a href=\"mailto:spbconsultant7@ohchr.org\">spbconsultant7@ohchr.org<\/a>) o escriba a\u00a0<a href=\"mailto:wgdiscriminationwomen@ohchr.org\">wgdiscriminationwomen@ohchr.org<\/a>.\u00a0<\/p>\n\n<p>Para consultas de los medios relacionadas\r\ncon otros expertos independientes de la ONU comun\u00edquese con Jeremy Laurence\r\n(+41 22 917 9383 \/\u00a0<a href=\"mailto:jlaurence@ohchr.org\">jlaurence@ohchr.org<\/a>)<\/p>\n\n<p><br>Siga las noticias relacionadas con los Expertos independientes en derechos humanos de la ONU en Twitter @UN_SPExperts<\/p>\n\n<p><br>\r\nFuente:\u00a0<a href=\"https:\/\/www.ohchr.org\/EN\/NewsEvents\/Pages\/DisplayNews.aspx?NewsID=24744&amp;LangID=E\" target=\"_blank\" rel=\"noreferrer noopener\">ACNUDH<\/a><br>\r\nTraducci\u00f3n:\u00a0<a href=\"http:\/\/acnudh.org\/\" target=\"_blank\" rel=\"noreferrer noopener\">ACNUDH-Am\u00e9rica\r\ndel Sur<\/a><\/p>\n\n<p><br>\r\n\u00bfPreocupado por el mundo en que vivimos? Entonces lev\u00e1ntate por los derechos de\r\nalguien hoy. #Standup4humanrights y visite la p\u00e1gina web en\u00a0<a href=\"http:\/\/www.standup4humanrights.org\/\" target=\"_blank\" rel=\"noreferrer noopener\">http:\/\/www.standup4humanrights.org<\/a><\/p>\n\n<p><br><strong>ONU Derechos Humanos-Am\u00e9rica del Sur,\r\ns\u00edganos\u00a0en las redes sociales<\/strong><br><strong>Facebook:<\/strong>\u00a0<a href=\"http:\/\/www.facebook.com\/ONUdh\" target=\"_blank\" rel=\"noreferrer noopener\">www.facebook.com\/ONUdh<\/a><br><strong>Twitter:<\/strong>\u00a0<a href=\"http:\/\/www.twitter.com\/ONU_derechos\" target=\"_blank\" rel=\"noreferrer noopener\">www.twitter.com\/ONU_derechos<\/a><br><strong>YouTube:<\/strong>\u00a0<a href=\"http:\/\/www.youtube.com\/onuderechos\" target=\"_blank\" rel=\"noreferrer noopener\">www.youtube.com\/onuderechos<\/a><\/p>\n","protected":false},"excerpt":{"rendered":"<p>GINEBRA (26 de junio de 2019) \u2014 Un grupo de expertas en derechos humanos de la ONU inst\u00f3 a los Estados a combatir las causas subyacentes que conducen a la privaci\u00f3n de libertad de las mujeres como parte de sus obligaciones de eliminar la discriminaci\u00f3n contra las mujeres en la ley y en la pr\u00e1ctica. [&hellip;]<\/p>\n","protected":false},"author":8,"featured_media":58348,"comment_status":"closed","ping_status":"open","sticky":false,"template":"","format":"standard","meta":{"_uag_custom_page_level_css":"","site-sidebar-layout":"default","site-content-layout":"default","ast-site-content-layout":"","site-content-style":"default","site-sidebar-style":"default","ast-global-header-display":"","ast-banner-title-visibility":"","ast-main-header-display":"","ast-hfb-above-header-display":"","ast-hfb-below-header-display":"","ast-hfb-mobile-header-display":"","site-post-title":"","ast-breadcrumbs-content":"","ast-featured-img":"","footer-sml-layout":"","theme-transparent-header-meta":"","adv-header-id-meta":"","stick-header-meta":"","header-above-stick-meta":"","header-main-stick-meta":"","header-below-stick-meta":"","astra-migrate-meta-layouts":"default","ast-page-background-enabled":"default","ast-page-background-meta":{"desktop":{"background-color":"","background-image":"","background-repeat":"repeat","background-position":"center center","background-size":"auto","background-attachment":"scroll","background-type":"","background-media":"","overlay-type":"","overlay-color":"","overlay-opacity":"","overlay-gradient":""},"tablet":{"background-color":"","background-image":"","background-repeat":"repeat","background-position":"center center","background-size":"auto","background-attachment":"scroll","background-type":"","background-media":"","overlay-type":"","overlay-color":"","overlay-opacity":"","overlay-gradient":""},"mobile":{"background-color":"","background-image":"","background-repeat":"repeat","background-position":"center center","background-size":"auto","background-attachment":"scroll","background-type":"","background-media":"","overlay-type":"","overlay-color":"","overlay-opacity":"","overlay-gradient":""}},"ast-content-background-meta":{"desktop":{"background-color":"var(--ast-global-color-5)","background-image":"","background-repeat":"repeat","background-position":"center center","background-size":"auto","background-attachment":"scroll","background-type":"","background-media":"","overlay-type":"","overlay-color":"","overlay-opacity":"","overlay-gradient":""},"tablet":{"background-color":"var(--ast-global-color-5)","background-image":"","background-repeat":"repeat","background-position":"center center","background-size":"auto","background-attachment":"scroll","background-type":"","background-media":"","overlay-type":"","overlay-color":"","overlay-opacity":"","overlay-gradient":""},"mobile":{"background-color":"var(--ast-global-color-5)","background-image":"","background-repeat":"repeat","background-position":"center center","background-size":"auto","background-attachment":"scroll","background-type":"","background-media":"","overlay-type":"","overlay-color":"","overlay-opacity":"","overlay-gradient":""}},"footnotes":""},"categories":[824],"tags":[902,855,859,870],"class_list":["post-59310","post","type-post","status-publish","format-standard","has-post-thumbnail","hentry","category-noticias","tag-regiao","tag-ods-01-pt-br","tag-ods-05-pt-br","tag-ods-16-pt-br"],"uagb_featured_image_src":{"full":["https:\/\/acnudh.org\/wp-content\/uploads\/2019\/06\/Maxpixel1.jpg",254,198,false],"thumbnail":["https:\/\/acnudh.org\/wp-content\/uploads\/2019\/06\/Maxpixel1-110x110.jpg",110,110,true],"medium":["https:\/\/acnudh.org\/wp-content\/uploads\/2019\/06\/Maxpixel1.jpg",254,198,false],"medium_large":["https:\/\/acnudh.org\/wp-content\/uploads\/2019\/06\/Maxpixel1.jpg",254,198,false],"large":["https:\/\/acnudh.org\/wp-content\/uploads\/2019\/06\/Maxpixel1.jpg",254,198,false],"1536x1536":["https:\/\/acnudh.org\/wp-content\/uploads\/2019\/06\/Maxpixel1.jpg",254,198,false],"2048x2048":["https:\/\/acnudh.org\/wp-content\/uploads\/2019\/06\/Maxpixel1.jpg",254,198,false]},"uagb_author_info":{"display_name":"Fernanda Cabrera","author_link":"https:\/\/acnudh.org\/pt-br\/author\/fcabrera\/"},"uagb_comment_info":0,"uagb_excerpt":"GINEBRA (26 de junio de 2019) \u2014 Un grupo de expertas en derechos humanos de la ONU inst\u00f3 a los Estados a combatir las causas subyacentes que conducen a la privaci\u00f3n de libertad de las mujeres como parte de sus obligaciones de eliminar la discriminaci\u00f3n contra las mujeres en la ley y en la pr\u00e1ctica.&hellip;","_links":{"self":[{"href":"https:\/\/acnudh.org\/pt-br\/wp-json\/wp\/v2\/posts\/59310","targetHints":{"allow":["GET"]}}],"collection":[{"href":"https:\/\/acnudh.org\/pt-br\/wp-json\/wp\/v2\/posts"}],"about":[{"href":"https:\/\/acnudh.org\/pt-br\/wp-json\/wp\/v2\/types\/post"}],"author":[{"embeddable":true,"href":"https:\/\/acnudh.org\/pt-br\/wp-json\/wp\/v2\/users\/8"}],"replies":[{"embeddable":true,"href":"https:\/\/acnudh.org\/pt-br\/wp-json\/wp\/v2\/comments?post=59310"}],"version-history":[{"count":1,"href":"https:\/\/acnudh.org\/pt-br\/wp-json\/wp\/v2\/posts\/59310\/revisions"}],"predecessor-version":[{"id":59311,"href":"https:\/\/acnudh.org\/pt-br\/wp-json\/wp\/v2\/posts\/59310\/revisions\/59311"}],"wp:featuredmedia":[{"embeddable":true,"href":"https:\/\/acnudh.org\/pt-br\/wp-json\/wp\/v2\/media\/58348"}],"wp:attachment":[{"href":"https:\/\/acnudh.org\/pt-br\/wp-json\/wp\/v2\/media?parent=59310"}],"wp:term":[{"taxonomy":"category","embeddable":true,"href":"https:\/\/acnudh.org\/pt-br\/wp-json\/wp\/v2\/categories?post=59310"},{"taxonomy":"post_tag","embeddable":true,"href":"https:\/\/acnudh.org\/pt-br\/wp-json\/wp\/v2\/tags?post=59310"}],"curies":[{"name":"wp","href":"https:\/\/api.w.org\/{rel}","templated":true}]}}