{"id":59164,"date":"2018-12-10T12:11:50","date_gmt":"2018-12-10T15:11:50","guid":{"rendered":"http:\/\/acnudh.org\/artigo-paraguai-direitos-humanos-para-nao-deixar-ninguem-para-tras\/"},"modified":"2019-07-29T10:25:16","modified_gmt":"2019-07-29T14:25:16","slug":"artigo-paraguai-direitos-humanos-para-nao-deixar-ninguem-para-tras","status":"publish","type":"post","link":"https:\/\/acnudh.org\/pt-br\/artigo-paraguai-direitos-humanos-para-nao-deixar-ninguem-para-tras\/","title":{"rendered":"Artigo &#8211; Paraguai: &#8220;Direitos humanos para n\u00e3o deixar ningu\u00e9m para tr\u00e1s&#8221;"},"content":{"rendered":"\n<h6 class=\"wp-block-heading\" style=\"text-align:left\"><em>*Por Linda Maguire y Birgit Gerstenberg<\/em><\/h6>\n\n\n\n<p>10 de diciembre de 2019 &#8211; Eleanor Roosevelt en 1953, dec\u00eda: \u201c\u00bfD\u00f3nde comienzan los derechos humanos universales? En los peque\u00f1os lugares, cerca de casa. Son tan cercanos y tan peque\u00f1os que no son visibles en ning\u00fan mapa del mundo. Aun as\u00ed, conforman el mundo de toda persona: el vecindario en el que vive, la escuela o universidad a la que asiste; la f\u00e1brica, granja u oficina donde trabaja. Estos son los lugares donde cada hombre, mujer y ni\u00f1o busca la igualdad de justicia, la igualdad de oportunidad y la igualdad de dignidad sin discriminaci\u00f3n\u201d.<\/p>\n\n\n\n<blockquote class=\"wp-block-quote is-layout-flow wp-block-quote-is-layout-flow\"><p>Este lunes 10 de diciembre se cumplen 70 a\u00f1os de la adopci\u00f3n de la Declaraci\u00f3n Universal de Derechos Humanos. Los derechos humanos constituyen el marco de convivencia de la sociedad y solo si son asumidos por cada uno de nosotros \u00a1cobran vida! En ese esp\u00edritu, las naciones del mundo acordaron la Agenda 2030 pues no hay desarrollo sin respeto a los derechos humanos. Cada persona merece vivir una vida digna, \u201csin distinci\u00f3n alguna de raza, color, sexo, idioma, religi\u00f3n, opini\u00f3n pol\u00edtica o de cualquier otra \u00edndole, origen nacional o social, posici\u00f3n econ\u00f3mica, nacimiento o cualquier otra condici\u00f3n\u201d (Art. 2 de la Declaraci\u00f3n)<\/p><\/blockquote>\n\n\n\n<p>Paraguay ha asumido el compromiso de implementar la <a href=\"http:\/\/acnudh.org\/pt-br\/objetivos-de-desenvolvimento-sustentavel\/\">Agenda 2030 con sus Objetivos de Desarrollo Sostenible<\/a>. A la luz de estos compromisos, la acci\u00f3n decidida del gobierno para evitar la vulneraci\u00f3n de los derechos de mujeres y ni\u00f1as y el aumento de feminicidios puede marcar la diferencia. Conforme a cifras oficiales del Ministerio de la Mujer hasta el 31 de octubre, 47 mujeres fueron asesinadas por su pareja o expareja. Asimismo, datos del Ministerio de Salud P\u00fablica y Bienestar Social revelan que en 2017, se registraron 1.267 casos de abuso sexual infantil. Los principales agresores son del entorno familiar. Por d\u00eda se registran dos partos en ni\u00f1as de entre 10 y 14 a\u00f1os: casi 700 beb\u00e9s al a\u00f1o. De acuerdo con el Fondo de Poblaci\u00f3n de las Naciones Unidas (UNFPA), se presume que estos embarazos son producto de abuso sexual.<\/p>\n\n\n\n<p>Si bien Paraguay avanz\u00f3 en la generaci\u00f3n de instrumentos normativos y program\u00e1ticos que protegen tanto a las mujeres como a ni\u00f1as y ni\u00f1os contra la violencia, la realidad muestra que se requieren esfuerzos adicionales para la promoci\u00f3n de una vida libre de violencia.<\/p>\n\n\n\n<p>Para que los compromisos de derechos humanos y la Agenda 2030 se hagan realidad, estos deben reflejarse en programas de gobierno y pol\u00edticas concretas que apunten a alcanzarlos. Cambiar esta situaci\u00f3n no es solo una responsabilidad de los poderes del estado, sino de toda la sociedad.<\/p>\n\n\n\n<p>A 70 a\u00f1os de la Declaraci\u00f3n Universal de Derechos Humanos, las Naciones Unidas en Paraguay y la Oficina para Am\u00e9rica del Sur de la Alta Comisionada de las Naciones Unidas para los Derechos Humanos renuevan su compromiso con el pa\u00eds y con cada uno de sus habitantes para apoyar la construcci\u00f3n de una sociedad en la que nadie queda atr\u00e1s.<\/p>\n\n\n\n<p><strong><em>*Linda Maguire  es la coordinadora residente de la ONU en Paraguay. Birgit Gerstenberg es representante regional para Am\u00e9rica del Sur del Alto Comisionado de las Naciones Unidas para los Derechos Humanos (ACNUDH). <\/em><\/strong><\/p>\n\n\n\n<p><em>**Art\u00edculo original publicado en exclusiva por&nbsp;<\/em><strong><em>ABC Color&nbsp;<\/em><\/strong><em>(enlace externo):&nbsp; <\/em><a href=\"https:\/\/www.abc.com.py\/edicion-impresa\/opinion\/derechos-humanos-para-no-dejar-a-nadie-atras-a-70-anos-de-la-declaracion-universal-1767264.html\"><em>https:\/\/www.abc.com.py\/edicion-impresa\/opinion\/derechos-humanos-para-no-dejar-a-nadie-atras-a-70-anos-de-la-declaracion-universal-1767264.html<\/em><\/a><em> <\/em><\/p>\n\n\n\n<p>\u00bfTe preocupa el mundo en que vivimos? Entonces lev\u00e1ntate por los derechos de alguien hoy. #Standup4humanrights y visita&nbsp;<a href=\"http:\/\/www.standup4humanrights.org\/es\">http:\/\/www.standup4humanrights.org\/es<\/a><\/p>\n\n\n\n<p><strong>ONU Derechos Humanos-Am\u00e9rica del Sur, s\u00edganos&nbsp;en las redes sociales<\/strong><br><strong>Facebook:<\/strong>&nbsp;<a rel=\"noreferrer noopener\" href=\"http:\/\/www.facebook.com\/ONUdh\" target=\"_blank\">www.facebook.com\/ONUdh<\/a><br><strong>Twitter:<\/strong>&nbsp;<a rel=\"noreferrer noopener\" href=\"http:\/\/www.twitter.com\/ONU_derechos\" target=\"_blank\">www.twitter.com\/ONU_derechos<\/a><br><strong>YouTube:<\/strong>&nbsp;<a rel=\"noreferrer noopener\" href=\"http:\/\/www.youtube.com\/onuderechos\" target=\"_blank\">www.youtube.com\/onuderechos<\/a><\/p>\n","protected":false},"excerpt":{"rendered":"<p>*Por Linda Maguire y Birgit Gerstenberg 10 de diciembre de 2019 &#8211; Eleanor Roosevelt en 1953, dec\u00eda: \u201c\u00bfD\u00f3nde comienzan los derechos humanos universales? En los peque\u00f1os lugares, cerca de casa. Son tan cercanos y tan peque\u00f1os que no son visibles en ning\u00fan mapa del mundo. Aun as\u00ed, conforman el mundo de toda persona: el vecindario [&hellip;]<\/p>\n","protected":false},"author":5,"featured_media":49332,"comment_status":"closed","ping_status":"closed","sticky":false,"template":"","format":"standard","meta":{"_uag_custom_page_level_css":"","site-sidebar-layout":"default","site-content-layout":"default","ast-site-content-layout":"","site-content-style":"default","site-sidebar-style":"default","ast-global-header-display":"","ast-banner-title-visibility":"","ast-main-header-display":"","ast-hfb-above-header-display":"","ast-hfb-below-header-display":"","ast-hfb-mobile-header-display":"","site-post-title":"","ast-breadcrumbs-content":"","ast-featured-img":"","footer-sml-layout":"","theme-transparent-header-meta":"default","adv-header-id-meta":"","stick-header-meta":"default","header-above-stick-meta":"","header-main-stick-meta":"","header-below-stick-meta":"","astra-migrate-meta-layouts":"default","ast-page-background-enabled":"default","ast-page-background-meta":{"desktop":{"background-color":"","background-image":"","background-repeat":"repeat","background-position":"center center","background-size":"auto","background-attachment":"scroll","background-type":"","background-media":"","overlay-type":"","overlay-color":"","overlay-opacity":"","overlay-gradient":""},"tablet":{"background-color":"","background-image":"","background-repeat":"repeat","background-position":"center center","background-size":"auto","background-attachment":"scroll","background-type":"","background-media":"","overlay-type":"","overlay-color":"","overlay-opacity":"","overlay-gradient":""},"mobile":{"background-color":"","background-image":"","background-repeat":"repeat","background-position":"center center","background-size":"auto","background-attachment":"scroll","background-type":"","background-media":"","overlay-type":"","overlay-color":"","overlay-opacity":"","overlay-gradient":""}},"ast-content-background-meta":{"desktop":{"background-color":"var(--ast-global-color-5)","background-image":"","background-repeat":"repeat","background-position":"center center","background-size":"auto","background-attachment":"scroll","background-type":"","background-media":"","overlay-type":"","overlay-color":"","overlay-opacity":"","overlay-gradient":""},"tablet":{"background-color":"var(--ast-global-color-5)","background-image":"","background-repeat":"repeat","background-position":"center center","background-size":"auto","background-attachment":"scroll","background-type":"","background-media":"","overlay-type":"","overlay-color":"","overlay-opacity":"","overlay-gradient":""},"mobile":{"background-color":"var(--ast-global-color-5)","background-image":"","background-repeat":"repeat","background-position":"center center","background-size":"auto","background-attachment":"scroll","background-type":"","background-media":"","overlay-type":"","overlay-color":"","overlay-opacity":"","overlay-gradient":""}},"footnotes":""},"categories":[899],"tags":[813,950,859],"class_list":["post-59164","post","type-post","status-publish","format-standard","has-post-thumbnail","hentry","category-cobertura-da-midia","tag-paraguay-pt-br","tag-ods-01-fin-de-la-pobreza","tag-ods-05-pt-br"],"uagb_featured_image_src":{"full":["https:\/\/acnudh.org\/wp-content\/uploads\/2019\/03\/R_SDG_logo_with_UN_Emblem_horizontal_rgb-e1531341229605.png",692,90,false],"thumbnail":["https:\/\/acnudh.org\/wp-content\/uploads\/2019\/03\/R_SDG_logo_with_UN_Emblem_horizontal_rgb-e1531341229605-110x90.png",110,90,true],"medium":["https:\/\/acnudh.org\/wp-content\/uploads\/2019\/03\/R_SDG_logo_with_UN_Emblem_horizontal_rgb-e1531341229605-400x52.png",400,52,true],"medium_large":["https:\/\/acnudh.org\/wp-content\/uploads\/2019\/03\/R_SDG_logo_with_UN_Emblem_horizontal_rgb-e1531341229605.png",692,90,false],"large":["https:\/\/acnudh.org\/wp-content\/uploads\/2019\/03\/R_SDG_logo_with_UN_Emblem_horizontal_rgb-e1531341229605-580x75.png",580,75,true],"1536x1536":["https:\/\/acnudh.org\/wp-content\/uploads\/2019\/03\/R_SDG_logo_with_UN_Emblem_horizontal_rgb-e1531341229605.png",692,90,false],"2048x2048":["https:\/\/acnudh.org\/wp-content\/uploads\/2019\/03\/R_SDG_logo_with_UN_Emblem_horizontal_rgb-e1531341229605.png",692,90,false]},"uagb_author_info":{"display_name":"mmoya","author_link":"https:\/\/acnudh.org\/pt-br\/author\/mmoya\/"},"uagb_comment_info":0,"uagb_excerpt":"*Por Linda Maguire y Birgit Gerstenberg 10 de diciembre de 2019 &#8211; Eleanor Roosevelt en 1953, dec\u00eda: \u201c\u00bfD\u00f3nde comienzan los derechos humanos universales? En los peque\u00f1os lugares, cerca de casa. Son tan cercanos y tan peque\u00f1os que no son visibles en ning\u00fan mapa del mundo. Aun as\u00ed, conforman el mundo de toda persona: el vecindario&hellip;","_links":{"self":[{"href":"https:\/\/acnudh.org\/pt-br\/wp-json\/wp\/v2\/posts\/59164","targetHints":{"allow":["GET"]}}],"collection":[{"href":"https:\/\/acnudh.org\/pt-br\/wp-json\/wp\/v2\/posts"}],"about":[{"href":"https:\/\/acnudh.org\/pt-br\/wp-json\/wp\/v2\/types\/post"}],"author":[{"embeddable":true,"href":"https:\/\/acnudh.org\/pt-br\/wp-json\/wp\/v2\/users\/5"}],"replies":[{"embeddable":true,"href":"https:\/\/acnudh.org\/pt-br\/wp-json\/wp\/v2\/comments?post=59164"}],"version-history":[{"count":2,"href":"https:\/\/acnudh.org\/pt-br\/wp-json\/wp\/v2\/posts\/59164\/revisions"}],"predecessor-version":[{"id":59166,"href":"https:\/\/acnudh.org\/pt-br\/wp-json\/wp\/v2\/posts\/59164\/revisions\/59166"}],"wp:featuredmedia":[{"embeddable":true,"href":"https:\/\/acnudh.org\/pt-br\/wp-json\/wp\/v2\/media\/49332"}],"wp:attachment":[{"href":"https:\/\/acnudh.org\/pt-br\/wp-json\/wp\/v2\/media?parent=59164"}],"wp:term":[{"taxonomy":"category","embeddable":true,"href":"https:\/\/acnudh.org\/pt-br\/wp-json\/wp\/v2\/categories?post=59164"},{"taxonomy":"post_tag","embeddable":true,"href":"https:\/\/acnudh.org\/pt-br\/wp-json\/wp\/v2\/tags?post=59164"}],"curies":[{"name":"wp","href":"https:\/\/api.w.org\/{rel}","templated":true}]}}