{"id":56543,"date":"2019-05-28T19:36:29","date_gmt":"2019-05-28T23:36:29","guid":{"rendered":"http:\/\/acnudh.org\/acnudh-y-onu-chile-sostienen-reuniones-con-autoridades-del-pais\/"},"modified":"2019-07-24T01:28:15","modified_gmt":"2019-07-24T05:28:15","slug":"acnudh-y-onu-chile-sostienen-reuniones-con-autoridades-del-pais","status":"publish","type":"post","link":"https:\/\/acnudh.org\/pt-br\/acnudh-y-onu-chile-sostienen-reuniones-con-autoridades-del-pais\/","title":{"rendered":"ACNUDH e ONU Chile tiveram reuni\u00f5es com autoridades do pa\u00eds"},"content":{"rendered":"\n<p>SANTIAGO (28 de mayo de 2019) \u2013 La Representante Regional para Am\u00e9rica del Sur de la Oficina de la Alta Comisionada de las Naciones Unidas para los Derechos Humanos (<a href=\"http:\/\/acnudh.org\/\" target=\"_blank\" rel=\"noreferrer noopener\" aria-label=\" (abre en una nueva pesta\u00f1a)\">ACNUDH<\/a>), Birgit Gerstenberg, y el Representante Adjunto del ACNUDH, Xavier Mena, sostuvieron una reuni\u00f3n el d\u00eda 21 de mayo con el Subsecretario del Ministerio del Interior y Seguridad P\u00fablica, el Sr. Rodrigo Ubilla,&nbsp;en la que fueron acompa\u00f1ados por la Coordinadora Residente, la Sra. Silvia Rucks. El mismo d\u00eda se reunieron con la Subsecretaria del Ministerio de Relaciones Exteriores, la Sra. Carolina Valdivia y el 24 de mayo con la Subsecretaria del Ministerio de Justicia y Derechos Humanos, la Sra. Lorena Recabarren.<\/p>\n\n\n\n<p>El objeto de estas reuniones fue la presentaci\u00f3n del ACNUDH sobre la situaci\u00f3n de personas migrantes en Chile en el 172 per\u00edodo de sesiones de la Comisi\u00f3n Interamericana de Derechos Humanos llevado a cabo en Kingston, Jamaica. El ACNUDH manifest\u00f3 su disposici\u00f3n de continuar el di\u00e1logo con el Ministerio del Interior y Seguridad P\u00fablica sobre los temas abordados por el gobierno.&nbsp; <\/p>\n\n\n\n<p><strong>ONU Derechos Humanos-Am\u00e9rica del Sur, s\u00edganos&nbsp;en las redes sociales<\/strong> <\/p>\n\n\n\n<p><strong>Facebook:<\/strong>&nbsp;<a rel=\"noreferrer noopener\" href=\"http:\/\/www.facebook.com\/ONUdh\" target=\"_blank\">www.facebook.com\/ONUdh<\/a> <\/p>\n\n\n\n<p><strong>Twitter:<\/strong>&nbsp;<a rel=\"noreferrer noopener\" href=\"http:\/\/www.twitter.com\/ONU_derechos\" target=\"_blank\">www.twitter.com\/ONU_derechos<\/a> <\/p>\n\n\n\n<p><strong>YouTube:<\/strong>&nbsp;<a rel=\"noreferrer noopener\" href=\"http:\/\/www.youtube.com\/onuderechos\" target=\"_blank\">www.youtube.com\/onuderechos<\/a><\/p>\n","protected":false},"excerpt":{"rendered":"<p>SANTIAGO (28 de mayo de 2019) \u2013 La Representante Regional para Am\u00e9rica del Sur de la Oficina de la Alta Comisionada de las Naciones Unidas para los Derechos Humanos (ACNUDH), Birgit Gerstenberg, y el Representante Adjunto del ACNUDH, Xavier Mena, sostuvieron una reuni\u00f3n el d\u00eda 21 de mayo con el Subsecretario del Ministerio del Interior [&hellip;]<\/p>\n","protected":false},"author":8,"featured_media":58771,"comment_status":"closed","ping_status":"closed","sticky":false,"template":"","format":"standard","meta":{"_uag_custom_page_level_css":"","site-sidebar-layout":"default","site-content-layout":"default","ast-site-content-layout":"","site-content-style":"default","site-sidebar-style":"default","ast-global-header-display":"","ast-banner-title-visibility":"","ast-main-header-display":"","ast-hfb-above-header-display":"","ast-hfb-below-header-display":"","ast-hfb-mobile-header-display":"","site-post-title":"","ast-breadcrumbs-content":"","ast-featured-img":"","footer-sml-layout":"","theme-transparent-header-meta":"default","adv-header-id-meta":"","stick-header-meta":"default","header-above-stick-meta":"","header-main-stick-meta":"","header-below-stick-meta":"","astra-migrate-meta-layouts":"default","ast-page-background-enabled":"default","ast-page-background-meta":{"desktop":{"background-color":"","background-image":"","background-repeat":"repeat","background-position":"center center","background-size":"auto","background-attachment":"scroll","background-type":"","background-media":"","overlay-type":"","overlay-color":"","overlay-opacity":"","overlay-gradient":""},"tablet":{"background-color":"","background-image":"","background-repeat":"repeat","background-position":"center center","background-size":"auto","background-attachment":"scroll","background-type":"","background-media":"","overlay-type":"","overlay-color":"","overlay-opacity":"","overlay-gradient":""},"mobile":{"background-color":"","background-image":"","background-repeat":"repeat","background-position":"center center","background-size":"auto","background-attachment":"scroll","background-type":"","background-media":"","overlay-type":"","overlay-color":"","overlay-opacity":"","overlay-gradient":""}},"ast-content-background-meta":{"desktop":{"background-color":"var(--ast-global-color-5)","background-image":"","background-repeat":"repeat","background-position":"center center","background-size":"auto","background-attachment":"scroll","background-type":"","background-media":"","overlay-type":"","overlay-color":"","overlay-opacity":"","overlay-gradient":""},"tablet":{"background-color":"var(--ast-global-color-5)","background-image":"","background-repeat":"repeat","background-position":"center center","background-size":"auto","background-attachment":"scroll","background-type":"","background-media":"","overlay-type":"","overlay-color":"","overlay-opacity":"","overlay-gradient":""},"mobile":{"background-color":"var(--ast-global-color-5)","background-image":"","background-repeat":"repeat","background-position":"center center","background-size":"auto","background-attachment":"scroll","background-type":"","background-media":"","overlay-type":"","overlay-color":"","overlay-opacity":"","overlay-gradient":""}},"footnotes":""},"categories":[823],"tags":[801,811,864,871],"class_list":["post-56543","post","type-post","status-publish","format-standard","has-post-thumbnail","hentry","category-atividade","tag-chile","tag-chile-pt-br","tag-ods-10-pt-br","tag-ods-17-pt-br"],"uagb_featured_image_src":{"full":["https:\/\/acnudh.org\/wp-content\/uploads\/2019\/05\/Reunio\u0301n-DDHH-ONU-30.jpg",2744,1829,false],"thumbnail":["https:\/\/acnudh.org\/wp-content\/uploads\/2019\/05\/Reunio\u0301n-DDHH-ONU-30-110x110.jpg",110,110,true],"medium":["https:\/\/acnudh.org\/wp-content\/uploads\/2019\/05\/Reunio\u0301n-DDHH-ONU-30-400x267.jpg",400,267,true],"medium_large":["https:\/\/acnudh.org\/wp-content\/uploads\/2019\/05\/Reunio\u0301n-DDHH-ONU-30.jpg",2744,1829,false],"large":["https:\/\/acnudh.org\/wp-content\/uploads\/2019\/05\/Reunio\u0301n-DDHH-ONU-30-580x387.jpg",580,387,true],"1536x1536":["https:\/\/acnudh.org\/wp-content\/uploads\/2019\/05\/Reunio\u0301n-DDHH-ONU-30.jpg",1536,1024,false],"2048x2048":["https:\/\/acnudh.org\/wp-content\/uploads\/2019\/05\/Reunio\u0301n-DDHH-ONU-30.jpg",2048,1365,false]},"uagb_author_info":{"display_name":"Fernanda Cabrera","author_link":"https:\/\/acnudh.org\/pt-br\/author\/fcabrera\/"},"uagb_comment_info":0,"uagb_excerpt":"SANTIAGO (28 de mayo de 2019) \u2013 La Representante Regional para Am\u00e9rica del Sur de la Oficina de la Alta Comisionada de las Naciones Unidas para los Derechos Humanos (ACNUDH), Birgit Gerstenberg, y el Representante Adjunto del ACNUDH, Xavier Mena, sostuvieron una reuni\u00f3n el d\u00eda 21 de mayo con el Subsecretario del Ministerio del Interior&hellip;","_links":{"self":[{"href":"https:\/\/acnudh.org\/pt-br\/wp-json\/wp\/v2\/posts\/56543","targetHints":{"allow":["GET"]}}],"collection":[{"href":"https:\/\/acnudh.org\/pt-br\/wp-json\/wp\/v2\/posts"}],"about":[{"href":"https:\/\/acnudh.org\/pt-br\/wp-json\/wp\/v2\/types\/post"}],"author":[{"embeddable":true,"href":"https:\/\/acnudh.org\/pt-br\/wp-json\/wp\/v2\/users\/8"}],"replies":[{"embeddable":true,"href":"https:\/\/acnudh.org\/pt-br\/wp-json\/wp\/v2\/comments?post=56543"}],"version-history":[{"count":5,"href":"https:\/\/acnudh.org\/pt-br\/wp-json\/wp\/v2\/posts\/56543\/revisions"}],"predecessor-version":[{"id":58646,"href":"https:\/\/acnudh.org\/pt-br\/wp-json\/wp\/v2\/posts\/56543\/revisions\/58646"}],"wp:featuredmedia":[{"embeddable":true,"href":"https:\/\/acnudh.org\/pt-br\/wp-json\/wp\/v2\/media\/58771"}],"wp:attachment":[{"href":"https:\/\/acnudh.org\/pt-br\/wp-json\/wp\/v2\/media?parent=56543"}],"wp:term":[{"taxonomy":"category","embeddable":true,"href":"https:\/\/acnudh.org\/pt-br\/wp-json\/wp\/v2\/categories?post=56543"},{"taxonomy":"post_tag","embeddable":true,"href":"https:\/\/acnudh.org\/pt-br\/wp-json\/wp\/v2\/tags?post=56543"}],"curies":[{"name":"wp","href":"https:\/\/api.w.org\/{rel}","templated":true}]}}