{"id":35960,"date":"2018-07-20T20:59:35","date_gmt":"2018-07-20T20:59:35","guid":{"rendered":"http:\/\/acnudh.org\/?p=35960"},"modified":"2018-08-07T23:06:29","modified_gmt":"2018-08-07T23:06:29","slug":"em-conjunto-com-as-autoridades-e-a-sociedade-civil-acnudh-analisou-avancos-e-desafios-dos-direitos-humanos-na-bolivia","status":"publish","type":"post","link":"https:\/\/acnudh.org\/pt-br\/em-conjunto-com-as-autoridades-e-a-sociedade-civil-acnudh-analisou-avancos-e-desafios-dos-direitos-humanos-na-bolivia\/","title":{"rendered":"Em conjunto com as autoridades e a sociedade civil, ACNUDH analisou avan\u00e7os e desafios dos direitos humanos na Bol\u00edvia"},"content":{"rendered":"<p><strong><a href=\"http:\/\/acnudh.org\/pt-br\/em-conjunto-com-as-autoridades-e-a-sociedade-civil-acnudh-analisou-avancos-e-desafios-dos-direitos-humanos-na-bolivia\/bolivia-3\/\" rel=\"attachment wp-att-35962\"><img loading=\"lazy\" decoding=\"async\" class=\"alignleft size-thumbnail wp-image-35962\" src=\"http:\/\/acnudh.org\/wp-content\/uploads\/2018\/07\/bolivia-1-e1532466934932-110x110.jpg\" alt=\"Foto: Canciller\u00eda Bolivia\" width=\"110\" height=\"110\" \/><\/a><\/strong>SANTIAGO\/LA PAZ (20 de julho de 2018) \u2013 Uma visita de tr\u00eas dias foi realizada \u00e0 Bol\u00edvia por uma equipe do Escrit\u00f3rio para a Am\u00e9rica do Sul do Alto Comissariado das Na\u00e7\u00f5es Unidas para os Direitos Humanos (<a href=\"http:\/\/acnudh.org\/pt-br\">ACNUDH<\/a>).<\/p>\n<p>Composta pela representante para a Am\u00e9rica do Sul, Birgit Gerstenberg, e pelo representante adjunto, Xavier Mena, a delega\u00e7\u00e3o do Escrit\u00f3rio Regional esteve na cidade de La Paz de 17 a 20 de julho. A miss\u00e3o incluiu reuni\u00f5es com autoridades nacionais de alto n\u00edvel, como l\u00edderes pol\u00edticos, representantes da sociedade civil boliviana, bem como da comunidade internacional e do sistema das Na\u00e7\u00f5es Unidas no pa\u00eds.<\/p>\n<p>O objetivo das reuni\u00f5es foi informar as diferentes contrapartes sobre o mandato do Escrit\u00f3rio Regional, para acordar quest\u00f5es de trabalho conjunto, bem como compartilhar experi\u00eancias e pontos de vista sobre a situa\u00e7\u00e3o dos direitos humanos na Bol\u00edvia.<\/p>\n<p><strong>Encontros com autoridades<\/strong><\/p>\n<p>Gerstenberg e sua equipe realizaram reuni\u00f5es de trabalho com autoridades governamentais de alto n\u00edvel, em particular com o Ministro da Justi\u00e7a e Transpar\u00eancia Institucional e chanceler interino, H\u00e9ctor Arce; o diretor geral de Rela\u00e7\u00f5es Multilaterais do Minist\u00e9rio das Rela\u00e7\u00f5es Exteriores, Mart\u00edn Bazurco; bem como diretores gerais do Minist\u00e9rio da Justi\u00e7a e Transpar\u00eancia Institucional.<\/p>\n<p>Ap\u00f3s o encerramento do Escrit\u00f3rio do ACNUDH na Bol\u00edvia em dezembro de 2017, ambas as entidades concordaram em entabular uma nova rela\u00e7\u00e3o de trabalho e ajustar uma agenda de coopera\u00e7\u00e3o. Na ocasi\u00e3o, as autoridades bolivianas ratificaram o compromisso do governo nacional de manter um &#8220;n\u00edvel \u00f3timo de coordena\u00e7\u00e3o&#8221; com este Escrit\u00f3rio das Na\u00e7\u00f5es Unidas.<\/p>\n<p>Na reuni\u00e3o, o Ministro e sua equipe propuseram como temas priorit\u00e1rios desta agenda a promo\u00e7\u00e3o dos direitos humanos das mulheres, povos ind\u00edgenas, pessoas com defici\u00eancias e pessoas l\u00e9sbicas, gays, bissexuais, transg\u00eaneros e intersexuais (LGBTI), e informaram sobre medidas e pol\u00edticas implementadas pelo Executivo nessas \u00e1reas. O ministro tamb\u00e9m falou sobre o processo de renova\u00e7\u00e3o da justi\u00e7a no pa\u00eds.<\/p>\n<p>A delega\u00e7\u00e3o do ACNUDH, enquanto isso, enfatizou sua disposi\u00e7\u00e3o de tamb\u00e9m prestar assist\u00eancia t\u00e9cnica \u00e0 Comiss\u00e3o da Verdade e ao mecanismo interinstitucional para o acompanhamento das recomenda\u00e7\u00f5es internacionais, bem como \u00e0 implementa\u00e7\u00e3o do Sistema Plurinacional de Seguimento, Monitoramento e Estat\u00edstica (SIPLUS Bol\u00edvia).<\/p>\n<p>Por outro lado, a delega\u00e7\u00e3o realizou uma reuni\u00e3o com membros da Comiss\u00e3o da Verdade da Bol\u00edvia. Em di\u00e1logo com os comiss\u00e1rios \u00c9dgar Ram\u00edrez e Isabel Viscarra e com o secret\u00e1rio executivo Fernando Rodr\u00edguez, a equipe do ACNUDH pode conhecer os avan\u00e7os na implementa\u00e7\u00e3o de seu mandato e alguns dos desafios identificados na \u00e1rea, a fim de iniciar um di\u00e1logo sobre as a\u00e7\u00f5es de apoio por parte do ACNUDH.<\/p>\n<p><strong>Organiza\u00e7\u00f5es ind\u00edgenas e sociedad civil<\/strong><\/p>\n<p>Entre outras atividades, a visita da equipe do ACNUDH tamb\u00e9m incluiu reuni\u00f5es com representantes de v\u00e1rias redes e grupos da sociedade civil, incluindo organiza\u00e7\u00f5es de povos ind\u00edgenas, v\u00edtimas de viola\u00e7\u00f5es de direitos humanos durante as ditaduras, assim como organiza\u00e7\u00f5es que trabalham em quest\u00f5es como a luta contra a impunidade e a tortura, a situa\u00e7\u00e3o carcer\u00e1ria, os direitos das mulheres e das pessoas LGBTI, os direitos das pessoas com defici\u00eancia, bem como as organiza\u00e7\u00f5es camponesas, entre outros.<\/p>\n<p>Nesses casos, os representantes das organiza\u00e7\u00f5es relataram seu trabalho e discutiram com o ACNUDH sobre as prioridades dos direitos humanos no pa\u00eds, bem como suas expectativas de coopera\u00e7\u00e3o com o Escrit\u00f3rio. Por sua parte, Gerstenberg aprofundou sobre o mandato e as \u00e1reas priorit\u00e1rias para o Escrit\u00f3rio Regional e, em particular, para a Bol\u00edvia, com base no trabalho anterior do Escrit\u00f3rio no pa\u00eds. A representante tamb\u00e9m apresentou o papel da Assessora de Direitos Humanos do ACNUDH no Sistema das Na\u00e7\u00f5es Unidas na Bol\u00edvia.<\/p>\n<p>A visita da equipe do Escrit\u00f3rio Regional contou com o apoio e acompanhamento do coordenador residente do Sistema das Na\u00e7\u00f5es Unidas na Bol\u00edvia, Mauricio Ram\u00edrez, e da assessora de direitos humanos do ACNUDH no pa\u00eds, In\u00e9s Carrasco.<\/p>\n<p>FIM<\/p>\n<p><em>Para mais informa\u00e7\u00f5es e pedidos da m\u00eddia, favor contatar:\u00a0<\/em>Mar\u00eda Jeannette Moya,\u00a0oficial de comunica\u00e7\u00e3o ACNUDH-Am\u00e9rica do Sul (<a href=\"mailto:mmoya@ohchr.org\" target=\"_blank\">mmoya@ohchr.org<\/a>\u00a0\/ +56222102977).<\/p>\n<p><strong>ONU Direitos Humanos \u2013 Am\u00e9rica do Sul<\/strong><\/p>\n<p><strong>Facebook:<\/strong>\u00a0<a href=\"http:\/\/www.facebook.com\/ONUdh\" target=\"_blank\">www.facebook.com\/ONUdh<\/a><\/p>\n<p><strong>Twitter:<\/strong>\u00a0<a href=\"http:\/\/www.twitter.com\/ONU_derechos\" target=\"_blank\">www.twitter.com\/ONU_derechos<\/a><\/p>\n<p><strong>YouTube:<\/strong>\u00a0<a href=\"http:\/\/www.youtube.com\/onuderechos\" target=\"_blank\">www.youtube.com\/onuderechos<\/a><\/p>\n","protected":false},"excerpt":{"rendered":"<p>&#8211;<\/p>\n","protected":false},"author":1,"featured_media":0,"comment_status":"open","ping_status":"open","sticky":false,"template":"","format":"standard","meta":{"_uag_custom_page_level_css":"","site-sidebar-layout":"default","site-content-layout":"","ast-site-content-layout":"","site-content-style":"default","site-sidebar-style":"default","ast-global-header-display":"","ast-banner-title-visibility":"","ast-main-header-display":"","ast-hfb-above-header-display":"","ast-hfb-below-header-display":"","ast-hfb-mobile-header-display":"","site-post-title":"","ast-breadcrumbs-content":"","ast-featured-img":"","footer-sml-layout":"","theme-transparent-header-meta":"","adv-header-id-meta":"","stick-header-meta":"","header-above-stick-meta":"","header-main-stick-meta":"","header-below-stick-meta":"","astra-migrate-meta-layouts":"default","ast-page-background-enabled":"default","ast-page-background-meta":{"desktop":{"background-color":"","background-image":"","background-repeat":"repeat","background-position":"center center","background-size":"auto","background-attachment":"scroll","background-type":"","background-media":"","overlay-type":"","overlay-color":"","overlay-opacity":"","overlay-gradient":""},"tablet":{"background-color":"","background-image":"","background-repeat":"repeat","background-position":"center center","background-size":"auto","background-attachment":"scroll","background-type":"","background-media":"","overlay-type":"","overlay-color":"","overlay-opacity":"","overlay-gradient":""},"mobile":{"background-color":"","background-image":"","background-repeat":"repeat","background-position":"center center","background-size":"auto","background-attachment":"scroll","background-type":"","background-media":"","overlay-type":"","overlay-color":"","overlay-opacity":"","overlay-gradient":""}},"ast-content-background-meta":{"desktop":{"background-color":"var(--ast-global-color-5)","background-image":"","background-repeat":"repeat","background-position":"center center","background-size":"auto","background-attachment":"scroll","background-type":"","background-media":"","overlay-type":"","overlay-color":"","overlay-opacity":"","overlay-gradient":""},"tablet":{"background-color":"var(--ast-global-color-5)","background-image":"","background-repeat":"repeat","background-position":"center center","background-size":"auto","background-attachment":"scroll","background-type":"","background-media":"","overlay-type":"","overlay-color":"","overlay-opacity":"","overlay-gradient":""},"mobile":{"background-color":"var(--ast-global-color-5)","background-image":"","background-repeat":"repeat","background-position":"center center","background-size":"auto","background-attachment":"scroll","background-type":"","background-media":"","overlay-type":"","overlay-color":"","overlay-opacity":"","overlay-gradient":""}},"footnotes":""},"categories":[52],"tags":[],"class_list":["post-35960","post","type-post","status-publish","format-standard","hentry","category-nao-categorizado"],"uagb_featured_image_src":{"full":false,"thumbnail":false,"medium":false,"medium_large":false,"large":false,"1536x1536":false,"2048x2048":false},"uagb_author_info":{"display_name":"acnudh","author_link":"https:\/\/acnudh.org\/pt-br\/author\/acnudh\/"},"uagb_comment_info":0,"uagb_excerpt":"-","_links":{"self":[{"href":"https:\/\/acnudh.org\/pt-br\/wp-json\/wp\/v2\/posts\/35960","targetHints":{"allow":["GET"]}}],"collection":[{"href":"https:\/\/acnudh.org\/pt-br\/wp-json\/wp\/v2\/posts"}],"about":[{"href":"https:\/\/acnudh.org\/pt-br\/wp-json\/wp\/v2\/types\/post"}],"author":[{"embeddable":true,"href":"https:\/\/acnudh.org\/pt-br\/wp-json\/wp\/v2\/users\/1"}],"replies":[{"embeddable":true,"href":"https:\/\/acnudh.org\/pt-br\/wp-json\/wp\/v2\/comments?post=35960"}],"version-history":[{"count":3,"href":"https:\/\/acnudh.org\/pt-br\/wp-json\/wp\/v2\/posts\/35960\/revisions"}],"predecessor-version":[{"id":35965,"href":"https:\/\/acnudh.org\/pt-br\/wp-json\/wp\/v2\/posts\/35960\/revisions\/35965"}],"wp:attachment":[{"href":"https:\/\/acnudh.org\/pt-br\/wp-json\/wp\/v2\/media?parent=35960"}],"wp:term":[{"taxonomy":"category","embeddable":true,"href":"https:\/\/acnudh.org\/pt-br\/wp-json\/wp\/v2\/categories?post=35960"},{"taxonomy":"post_tag","embeddable":true,"href":"https:\/\/acnudh.org\/pt-br\/wp-json\/wp\/v2\/tags?post=35960"}],"curies":[{"name":"wp","href":"https:\/\/api.w.org\/{rel}","templated":true}]}}