{"id":35870,"date":"2018-06-19T19:42:17","date_gmt":"2018-06-19T19:42:17","guid":{"rendered":"http:\/\/acnudh.org\/?p=35870"},"modified":"2018-07-03T20:23:05","modified_gmt":"2018-07-03T20:23:05","slug":"representante-regional-realizou-primeira-visita-a-peru","status":"publish","type":"post","link":"https:\/\/acnudh.org\/pt-br\/representante-regional-realizou-primeira-visita-a-peru\/","title":{"rendered":"Representante Regional realizou primeira visita a Peru"},"content":{"rendered":"<p><a href=\"http:\/\/acnudh.org\/pt-br\/representante-regional-realizou-primeira-visita-a-peru\/whatsapp-image-2018-06-19-at-16-29-35-400x300\/\" rel=\"attachment wp-att-35871\"><img loading=\"lazy\" decoding=\"async\" class=\"alignleft size-thumbnail wp-image-35871\" src=\"http:\/\/acnudh.org\/wp-content\/uploads\/2018\/07\/WhatsApp-Image-2018-06-19-at-16.29.35-400x300-e1530646905591-110x110.jpeg\" alt=\"Foto: ACNUDH\" width=\"110\" height=\"110\" \/><\/a>SANTIAGO (19 de junho de 2018) \u2013\u00a0De 13 a 15 de junho, a representante para a Am\u00e9rica do Sul do Alto Comiss\u00e1rio das Na\u00e7\u00f5es Unidas para os Direitos Humanos (<a href=\"http:\/\/acnudh.org\/pt-br\/home-2\/\" target=\"_blank\">ACNUDH<\/a>), Birgit Gerstensberg, fez uma miss\u00e3o oficial a Lima (Peru), na qual participou de v\u00e1rias atividades de direitos humanos com representantes do governo, organiza\u00e7\u00f5es da sociedade civil e com a equipe do Sistema das Na\u00e7\u00f5es Unidas no Peru.<\/p>\n<p>No dia 15 de junho, aconteceu o evento organizado pelo Ministerio da Justi\u00e7a e Direitos Humanos sobre as dire\u00e7\u00f5es para a implementa\u00e7\u00e3o do Plano Nacional de A\u00e7\u00e3o em empresas e direitos humanos em Peru. Durante este dia, a Representante Regional apresentou os Princ\u00edpios Reitores sobre Empresas e Direitos Humanos. Ademais, durante o evento, o ACNUDH moderou o painel \u201cExperi\u00eancias de implementa\u00e7\u00e3o: Metodologia, conte\u00fado e atores\u201d.<\/p>\n<p>Birgit Gerstenberg tamb\u00e9m participou do Di\u00e1logo Nacional e Internacional para o cumprimento da Lei de Igualdade de Oportunidades entre homens e mulheres, organizado pelo Minist\u00e9rio da Mulher e Popula\u00e7\u00f5es Vulner\u00e1veis em 14 de junho, onde destacou os padr\u00f5es interancionais existentes para garantir a igualdade de direitos entre homens e mulheres e contra a discrimina\u00e7\u00e3o.<\/p>\n<p><strong>\u00a0<\/strong><strong>Outras reuni\u00f5es<\/strong><\/p>\n<p><strong>\u00a0<\/strong>Durante a visita, a Representante Regional se reuniu com a Coordenadora Residente das Na\u00e7\u00f5es Unidas para intercambiar temas de interesse comum.<\/p>\n<p>Al\u00e9m disso, Birgit Gerstenberg teve uma reuni\u00e3o com o vice-ministro das Rela\u00e7\u00f5es Internacionais, Hugo de Zela, com quem discutiu as prioridades estrat\u00e9gicas conjuntas em direitos humanos.<\/p>\n<p>Juntamente com a vice-ministra da Mulher e Popula\u00e7\u00f5es Vulner\u00e1veis, Silvia Rosario Loli, a enviada da ONU abordou \u00e1reas de coopera\u00e7\u00e3o em mat\u00e9ria de igualdade de g\u00eanero.<\/p>\n<p>Neste caso, a Representante Regional reuniu-se com a vice-ministra da Interculturalidade, Elena Antonia Burga, Diretora Geral dos Direitos dos Povos Ind\u00edgenas e com o Diretor Geral de Cidadania Intercultural, que abordou quest\u00f5es relacionadas \u00e0 situa\u00e7\u00e3o das popula\u00e7\u00f5es ind\u00edgenas e afrodescendentes.<\/p>\n<p>Da mesma forma, Birgit Gerstenberg realizou uma reuni\u00e3o com a primeira vice-presidente da Ouvidoria, Eugenia Fern\u00e1n Zegarra, e sua equipe para analisar diferentes situa\u00e7\u00f5es regionais.<\/p>\n<p>A Representad o ACNUDH tamb\u00e9m se reuniu com diversos representates de organiza\u00e7\u00f5es da sociedade civil, parte da Coordana\u00e7\u00e3o Nacional de Direitos Humanos, com quem campartilhou pontos de vista sobre situa\u00e7\u00f5es de direitos humanos no pa\u00eds.<\/p>\n<p>FIM<\/p>\n<p>&nbsp;<\/p>\n<p>Manifeste-se pelos direitos de algu\u00e9m hoje! Use o hashtag #StandUp4HumanRights e acesse o site\u00a0<a href=\"http:\/\/www.standup4humanrights.org\/\" target=\"_blank\">http:\/\/www.standup4humanrights.org\/<\/a><\/p>\n<p><strong>ONU Direitos Humanos \u2013 Am\u00e9rica do Sul<\/strong><\/p>\n<div class=\"columna-izq-single\">\n<div class=\"columna-der-single\">\n<p><strong>Facebook<\/strong>:\u00a0<a href=\"http:\/\/www.facebook.com\/ONUdh\" target=\"_blank\">www.facebook.com\/ONUdh<\/a><\/p>\n<p><strong>Twitter<\/strong>:\u00a0<a href=\"http:\/\/www.twitter.com\/ONU_derechos\" target=\"_blank\">www.twitter.com\/ONU_derechos<\/a><\/p>\n<p><strong>YouTube<\/strong>:\u00a0<a href=\"http:\/\/www.youtube.com\/onuderechos\" target=\"_blank\">www.youtube.com\/onuderechos<\/a><\/p>\n<\/div>\n<\/div>\n","protected":false},"excerpt":{"rendered":"<p>SANTIAGO (19 de junho de 2018) \u2013\u00a0De 13 a 15 de junho, a representante para a Am\u00e9rica do Sul do Alto Comiss\u00e1rio das Na\u00e7\u00f5es Unidas para os Direitos Humanos (ACNUDH), Birgit Gerstensberg, fez uma miss\u00e3o oficial a Lima (Peru), na qual participou de v\u00e1rias atividades de direitos humanos com representantes do governo, organiza\u00e7\u00f5es da sociedade [&hellip;]<\/p>\n","protected":false},"author":1,"featured_media":0,"comment_status":"open","ping_status":"open","sticky":false,"template":"","format":"standard","meta":{"_uag_custom_page_level_css":"","site-sidebar-layout":"default","site-content-layout":"","ast-site-content-layout":"","site-content-style":"default","site-sidebar-style":"default","ast-global-header-display":"","ast-banner-title-visibility":"","ast-main-header-display":"","ast-hfb-above-header-display":"","ast-hfb-below-header-display":"","ast-hfb-mobile-header-display":"","site-post-title":"","ast-breadcrumbs-content":"","ast-featured-img":"","footer-sml-layout":"","theme-transparent-header-meta":"","adv-header-id-meta":"","stick-header-meta":"","header-above-stick-meta":"","header-main-stick-meta":"","header-below-stick-meta":"","astra-migrate-meta-layouts":"default","ast-page-background-enabled":"default","ast-page-background-meta":{"desktop":{"background-color":"","background-image":"","background-repeat":"repeat","background-position":"center center","background-size":"auto","background-attachment":"scroll","background-type":"","background-media":"","overlay-type":"","overlay-color":"","overlay-opacity":"","overlay-gradient":""},"tablet":{"background-color":"","background-image":"","background-repeat":"repeat","background-position":"center center","background-size":"auto","background-attachment":"scroll","background-type":"","background-media":"","overlay-type":"","overlay-color":"","overlay-opacity":"","overlay-gradient":""},"mobile":{"background-color":"","background-image":"","background-repeat":"repeat","background-position":"center center","background-size":"auto","background-attachment":"scroll","background-type":"","background-media":"","overlay-type":"","overlay-color":"","overlay-opacity":"","overlay-gradient":""}},"ast-content-background-meta":{"desktop":{"background-color":"var(--ast-global-color-5)","background-image":"","background-repeat":"repeat","background-position":"center center","background-size":"auto","background-attachment":"scroll","background-type":"","background-media":"","overlay-type":"","overlay-color":"","overlay-opacity":"","overlay-gradient":""},"tablet":{"background-color":"var(--ast-global-color-5)","background-image":"","background-repeat":"repeat","background-position":"center center","background-size":"auto","background-attachment":"scroll","background-type":"","background-media":"","overlay-type":"","overlay-color":"","overlay-opacity":"","overlay-gradient":""},"mobile":{"background-color":"var(--ast-global-color-5)","background-image":"","background-repeat":"repeat","background-position":"center center","background-size":"auto","background-attachment":"scroll","background-type":"","background-media":"","overlay-type":"","overlay-color":"","overlay-opacity":"","overlay-gradient":""}},"footnotes":""},"categories":[52],"tags":[],"class_list":["post-35870","post","type-post","status-publish","format-standard","hentry","category-nao-categorizado"],"uagb_featured_image_src":{"full":false,"thumbnail":false,"medium":false,"medium_large":false,"large":false,"1536x1536":false,"2048x2048":false},"uagb_author_info":{"display_name":"acnudh","author_link":"https:\/\/acnudh.org\/pt-br\/author\/acnudh\/"},"uagb_comment_info":0,"uagb_excerpt":"SANTIAGO (19 de junho de 2018) \u2013\u00a0De 13 a 15 de junho, a representante para a Am\u00e9rica do Sul do Alto Comiss\u00e1rio das Na\u00e7\u00f5es Unidas para os Direitos Humanos (ACNUDH), Birgit Gerstensberg, fez uma miss\u00e3o oficial a Lima (Peru), na qual participou de v\u00e1rias atividades de direitos humanos com representantes do governo, organiza\u00e7\u00f5es da sociedade&hellip;","_links":{"self":[{"href":"https:\/\/acnudh.org\/pt-br\/wp-json\/wp\/v2\/posts\/35870","targetHints":{"allow":["GET"]}}],"collection":[{"href":"https:\/\/acnudh.org\/pt-br\/wp-json\/wp\/v2\/posts"}],"about":[{"href":"https:\/\/acnudh.org\/pt-br\/wp-json\/wp\/v2\/types\/post"}],"author":[{"embeddable":true,"href":"https:\/\/acnudh.org\/pt-br\/wp-json\/wp\/v2\/users\/1"}],"replies":[{"embeddable":true,"href":"https:\/\/acnudh.org\/pt-br\/wp-json\/wp\/v2\/comments?post=35870"}],"version-history":[{"count":3,"href":"https:\/\/acnudh.org\/pt-br\/wp-json\/wp\/v2\/posts\/35870\/revisions"}],"predecessor-version":[{"id":35883,"href":"https:\/\/acnudh.org\/pt-br\/wp-json\/wp\/v2\/posts\/35870\/revisions\/35883"}],"wp:attachment":[{"href":"https:\/\/acnudh.org\/pt-br\/wp-json\/wp\/v2\/media?parent=35870"}],"wp:term":[{"taxonomy":"category","embeddable":true,"href":"https:\/\/acnudh.org\/pt-br\/wp-json\/wp\/v2\/categories?post=35870"},{"taxonomy":"post_tag","embeddable":true,"href":"https:\/\/acnudh.org\/pt-br\/wp-json\/wp\/v2\/tags?post=35870"}],"curies":[{"name":"wp","href":"https:\/\/api.w.org\/{rel}","templated":true}]}}