{"id":35865,"date":"2018-06-19T19:37:28","date_gmt":"2018-06-19T19:37:28","guid":{"rendered":"http:\/\/acnudh.org\/?p=35865"},"modified":"2018-07-03T20:22:24","modified_gmt":"2018-07-03T20:22:24","slug":"escritorio-regional-realizou-ciclo-de-capacitacoes-sobre-o-exame-periodico-universal-no-chile","status":"publish","type":"post","link":"https:\/\/acnudh.org\/pt-br\/escritorio-regional-realizou-ciclo-de-capacitacoes-sobre-o-exame-periodico-universal-no-chile\/","title":{"rendered":"Escrit\u00f3rio Regional realizou ciclo de capacita\u00e7\u00f5es sobre o Exame Peri\u00f3dico Universal no Chile"},"content":{"rendered":"<h1>\u00a0<\/h1>\n<p><a href=\"http:\/\/acnudh.org\/pt-br\/escritorio-regional-realizou-ciclo-de-capacitacoes-sobre-o-exame-periodico-universal-no-chile\/whatsapp-image-2018-06-19-at-16-18-48-400x300\/\" rel=\"attachment wp-att-35866\"><img loading=\"lazy\" decoding=\"async\" class=\"alignleft size-thumbnail wp-image-35866\" src=\"http:\/\/acnudh.org\/wp-content\/uploads\/2018\/07\/WhatsApp-Image-2018-06-19-at-16.18.48-400x300-e1530646612263-110x110.jpeg\" alt=\"Foto: ACNUDH\" width=\"110\" height=\"110\" \/><\/a>SANTIAGO (19 de junho de 2018) \u2013 Durante o primeiro semestre deste ano, o Escrit\u00f3rio para a Am\u00e9rica do Sul do Alto Comissariado das Na\u00e7\u00f5es Unidas para os Direitos Humanos (ACNUDH) realizou capacita\u00e7\u00f5es nas cidades de Arica, Iquique, Santiago, Temuco, Valdivia e Valpara\u00edso (Chile) sobre a participa\u00e7\u00e3o da sociedade civil no Exame Peri\u00f3dico Universal (EPU). A situa\u00e7\u00e3o dos direitos humanos do Estado chileno ser\u00e1 examinada nas sess\u00f5es do EPU no in\u00edcio de 2019.<\/p>\n<p>O ACNUDH, com o apoio da Funda\u00e7\u00e3o Friedrich Ebert (FES) e a colabora\u00e7\u00e3o do Instituto Nacional de Direitos Humanos, realizou sete capacita\u00e7\u00f5es sobre o Sistema Universal de Direitos Humanos e seus mecanismos de prote\u00e7\u00e3o, o papel das institui\u00e7\u00f5es nacionais de direitos humanos e os espa\u00e7os de participa\u00e7\u00e3o da sociedade civil na mat\u00e9ria.<\/p>\n<p>Tamb\u00e9m foram realizados grupos de trabalho sobre a elabora\u00e7\u00e3o de relat\u00f3rios para o Exame Peri\u00f3dico Universal do Conselho de Direitos Humanos da ONU.<\/p>\n<p>Durante as oficinas, mais de 200 organiza\u00e7\u00f5es da sociedade civil foram capacitadas sobre moradia, mulheres, migrantes, ex-presos pol\u00edticos e parentes de detidos desaparecidos, povos ind\u00edgenas, diversidade sexual, pessoas privadas de liberdade, bem como meios ambientais, entre outros.<\/p>\n<p><strong>Exame Peri\u00f3dico Universal<\/strong><\/p>\n<p>Criada em 2006 juntamente com o Conselho de Direitos Humanos da ONU, o Exame Peri\u00f3dico Universal consiste em uma revis\u00e3o detalhada realizada pelos Estados membros da ONU sobre a situa\u00e7\u00e3o dos direitos humanos de cada pa\u00eds e das medidas adotadas por eles para promov\u00ea-los e proteg\u00ea-los. O EPU procura promover a coopera\u00e7\u00e3o e o interc\u00e2mbio entre os estados para fortalecer suas pol\u00edticas e institui\u00e7\u00f5es sobre direitos humanos no curto e m\u00e9dio prazo.<\/p>\n<p>FIM<\/p>\n<p>&nbsp;<\/p>\n<p>Manifeste-se pelos direitos de algu\u00e9m hoje! Use o hashtag #StandUp4HumanRights e acesse o site\u00a0<a href=\"http:\/\/www.standup4humanrights.org\/\" target=\"_blank\">http:\/\/www.standup4humanrights.org\/<\/a><\/p>\n<p><strong>ONU Direitos Humanos \u2013 Am\u00e9rica do Sul<\/strong><\/p>\n<div class=\"columna-izq-single\">\n<div class=\"columna-der-single\">\n<p><strong>Facebook<\/strong>:\u00a0<a href=\"http:\/\/www.facebook.com\/ONUdh\" target=\"_blank\">www.facebook.com\/ONUdh<\/a><\/p>\n<p><strong>Twitter<\/strong>:\u00a0<a href=\"http:\/\/www.twitter.com\/ONU_derechos\" target=\"_blank\">www.twitter.com\/ONU_derechos<\/a><\/p>\n<p><strong>YouTube<\/strong>:\u00a0<a href=\"http:\/\/www.youtube.com\/onuderechos\" target=\"_blank\">www.youtube.com\/onuderechos<\/a><\/p>\n<\/div>\n<\/div>\n","protected":false},"excerpt":{"rendered":"<p>\u00a0 SANTIAGO (19 de junho de 2018) \u2013 Durante o primeiro semestre deste ano, o Escrit\u00f3rio para a Am\u00e9rica do Sul do Alto Comissariado das Na\u00e7\u00f5es Unidas para os Direitos Humanos (ACNUDH) realizou capacita\u00e7\u00f5es nas cidades de Arica, Iquique, Santiago, Temuco, Valdivia e Valpara\u00edso (Chile) sobre a participa\u00e7\u00e3o da sociedade civil no Exame Peri\u00f3dico Universal [&hellip;]<\/p>\n","protected":false},"author":1,"featured_media":0,"comment_status":"open","ping_status":"open","sticky":false,"template":"","format":"standard","meta":{"_uag_custom_page_level_css":"","site-sidebar-layout":"default","site-content-layout":"","ast-site-content-layout":"","site-content-style":"default","site-sidebar-style":"default","ast-global-header-display":"","ast-banner-title-visibility":"","ast-main-header-display":"","ast-hfb-above-header-display":"","ast-hfb-below-header-display":"","ast-hfb-mobile-header-display":"","site-post-title":"","ast-breadcrumbs-content":"","ast-featured-img":"","footer-sml-layout":"","theme-transparent-header-meta":"","adv-header-id-meta":"","stick-header-meta":"","header-above-stick-meta":"","header-main-stick-meta":"","header-below-stick-meta":"","astra-migrate-meta-layouts":"default","ast-page-background-enabled":"default","ast-page-background-meta":{"desktop":{"background-color":"","background-image":"","background-repeat":"repeat","background-position":"center center","background-size":"auto","background-attachment":"scroll","background-type":"","background-media":"","overlay-type":"","overlay-color":"","overlay-opacity":"","overlay-gradient":""},"tablet":{"background-color":"","background-image":"","background-repeat":"repeat","background-position":"center center","background-size":"auto","background-attachment":"scroll","background-type":"","background-media":"","overlay-type":"","overlay-color":"","overlay-opacity":"","overlay-gradient":""},"mobile":{"background-color":"","background-image":"","background-repeat":"repeat","background-position":"center center","background-size":"auto","background-attachment":"scroll","background-type":"","background-media":"","overlay-type":"","overlay-color":"","overlay-opacity":"","overlay-gradient":""}},"ast-content-background-meta":{"desktop":{"background-color":"var(--ast-global-color-5)","background-image":"","background-repeat":"repeat","background-position":"center center","background-size":"auto","background-attachment":"scroll","background-type":"","background-media":"","overlay-type":"","overlay-color":"","overlay-opacity":"","overlay-gradient":""},"tablet":{"background-color":"var(--ast-global-color-5)","background-image":"","background-repeat":"repeat","background-position":"center center","background-size":"auto","background-attachment":"scroll","background-type":"","background-media":"","overlay-type":"","overlay-color":"","overlay-opacity":"","overlay-gradient":""},"mobile":{"background-color":"var(--ast-global-color-5)","background-image":"","background-repeat":"repeat","background-position":"center center","background-size":"auto","background-attachment":"scroll","background-type":"","background-media":"","overlay-type":"","overlay-color":"","overlay-opacity":"","overlay-gradient":""}},"footnotes":""},"categories":[52],"tags":[],"class_list":["post-35865","post","type-post","status-publish","format-standard","hentry","category-nao-categorizado"],"uagb_featured_image_src":{"full":false,"thumbnail":false,"medium":false,"medium_large":false,"large":false,"1536x1536":false,"2048x2048":false},"uagb_author_info":{"display_name":"acnudh","author_link":"https:\/\/acnudh.org\/pt-br\/author\/acnudh\/"},"uagb_comment_info":0,"uagb_excerpt":"\u00a0 SANTIAGO (19 de junho de 2018) \u2013 Durante o primeiro semestre deste ano, o Escrit\u00f3rio para a Am\u00e9rica do Sul do Alto Comissariado das Na\u00e7\u00f5es Unidas para os Direitos Humanos (ACNUDH) realizou capacita\u00e7\u00f5es nas cidades de Arica, Iquique, Santiago, Temuco, Valdivia e Valpara\u00edso (Chile) sobre a participa\u00e7\u00e3o da sociedade civil no Exame Peri\u00f3dico Universal&hellip;","_links":{"self":[{"href":"https:\/\/acnudh.org\/pt-br\/wp-json\/wp\/v2\/posts\/35865","targetHints":{"allow":["GET"]}}],"collection":[{"href":"https:\/\/acnudh.org\/pt-br\/wp-json\/wp\/v2\/posts"}],"about":[{"href":"https:\/\/acnudh.org\/pt-br\/wp-json\/wp\/v2\/types\/post"}],"author":[{"embeddable":true,"href":"https:\/\/acnudh.org\/pt-br\/wp-json\/wp\/v2\/users\/1"}],"replies":[{"embeddable":true,"href":"https:\/\/acnudh.org\/pt-br\/wp-json\/wp\/v2\/comments?post=35865"}],"version-history":[{"count":3,"href":"https:\/\/acnudh.org\/pt-br\/wp-json\/wp\/v2\/posts\/35865\/revisions"}],"predecessor-version":[{"id":35884,"href":"https:\/\/acnudh.org\/pt-br\/wp-json\/wp\/v2\/posts\/35865\/revisions\/35884"}],"wp:attachment":[{"href":"https:\/\/acnudh.org\/pt-br\/wp-json\/wp\/v2\/media?parent=35865"}],"wp:term":[{"taxonomy":"category","embeddable":true,"href":"https:\/\/acnudh.org\/pt-br\/wp-json\/wp\/v2\/categories?post=35865"},{"taxonomy":"post_tag","embeddable":true,"href":"https:\/\/acnudh.org\/pt-br\/wp-json\/wp\/v2\/tags?post=35865"}],"curies":[{"name":"wp","href":"https:\/\/api.w.org\/{rel}","templated":true}]}}