{"id":35495,"date":"2018-05-03T06:13:47","date_gmt":"2018-05-03T06:13:47","guid":{"rendered":"http:\/\/acnudh.org\/?p=35495"},"modified":"2018-06-20T14:22:04","modified_gmt":"2018-06-20T14:22:04","slug":"relator-da-onu-pede-protecao-da-midia-e-fim-de-ataques-contra-jornalistas-no-mundo","status":"publish","type":"post","link":"https:\/\/acnudh.org\/pt-br\/relator-da-onu-pede-protecao-da-midia-e-fim-de-ataques-contra-jornalistas-no-mundo\/","title":{"rendered":"Relator da ONU pede prote\u00e7\u00e3o da m\u00eddia e fim de ataques contra jornalistas no mundo"},"content":{"rendered":"<p><a href=\"http:\/\/acnudh.org\/pt-br\/relator-da-onu-pede-protecao-da-midia-e-fim-de-ataques-contra-jornalistas-no-mundo\/martineperret-2\/\" rel=\"attachment wp-att-35496\"><img loading=\"lazy\" decoding=\"async\" class=\"alignleft size-thumbnail wp-image-35496\" src=\"http:\/\/acnudh.org\/wp-content\/uploads\/2018\/05\/martineperret-1-e1525501344432-110x110.jpg\" alt=\"Un Photo\/Martine Perret\" width=\"110\" height=\"110\" \/><\/a>3 de maio de 2018 &#8211; O relator especial da ONU para a liberdade de express\u00e3o, David Kaye, e ativistas de diversos pa\u00edses uniram for\u00e7as para alertar sobre as crescentes amea\u00e7as \u00e0 independ\u00eancia e \u00e0 diversidade da m\u00eddia no mundo todo,\u00a0<a href=\"http:\/\/www.ohchr.org\/EN\/NewsEvents\/Pages\/DisplayNews.aspx?NewsID=23026&amp;LangID=E\">particularmente contra ve\u00edculos online<\/a>.<\/p>\n<p>Em declara\u00e7\u00e3o conjunta para o Dia Mundial da Liberdade de Imprensa, lembrado em 3 de maio, eles enfatizaram o papel essencial da m\u00eddia independente nas sociedades democr\u00e1ticas, e expressaram grave preocupa\u00e7\u00e3o com os ataques f\u00edsicos contra jornalistas, assim como com vigil\u00e2ncia, marginaliza\u00e7\u00e3o e redu\u00e7\u00e3o da independ\u00eancia de ve\u00edculos de imprensa no mundo todo.<\/p>\n<p>\u201cUma m\u00eddia livre e independente impulsiona institui\u00e7\u00f5es democr\u00e1ticas e a presta\u00e7\u00e3o de contas, enquanto ataques contra jornalistas e o jornalismo minam a ideia de participa\u00e7\u00e3o p\u00fablica e de responsabiliza\u00e7\u00e3o governamental.\u201d<\/p>\n<p>\u201cOs ataques a jornalistas s\u00e3o deplor\u00e1veis \u200b\u200be as autoridades estatais precisam fazer mais para evit\u00e1-los. Esses ataques resultam, em parte, do enquadramento cada vez mais irrespons\u00e1vel de jornalistas como \u2018inimigos\u2019 por l\u00edderes pol\u00edticos e empresariais, mas tamb\u00e9m visam impedir o jornalismo investigativo em prol do interesse p\u00fablico. Todos aqueles comprometidos com uma m\u00eddia independente e diversificada devem se unir agora para acabar com tais ataques\u201d, disse o relator especial.<\/p>\n<p>\u201cAl\u00e9m dos ataques f\u00edsicos, aqueles que atuam em nome do Estado amea\u00e7am o jornalismo em frentes pol\u00edticas, legais e tecnol\u00f3gicas. Eles abusam de recursos p\u00fablicos colocando an\u00fancios apenas em canais amig\u00e1veis, promovem o controle financeiro e de outros tipos e promovem ou permitem concentra\u00e7\u00f5es de m\u00eddia\u201d, acrescentou Kaye.<\/p>\n<p>A Declara\u00e7\u00e3o Conjunta sobre Independ\u00eancia da M\u00eddia e Diversidade na Era Digital foi assinada por Kaye e seus colegas da Organiza\u00e7\u00e3o para a Seguran\u00e7a e a Coopera\u00e7\u00e3o na Europa, da Comiss\u00e3o Interamericana de Direitos Humanos e da Comiss\u00e3o Africana dos Direitos Humanos e dos Povos.<\/p>\n<p>Tamb\u00e9m pede que os governos promovam a independ\u00eancia e a diversidade da m\u00eddia, enfatiza as normas fundamentais da lei de direitos humanos e insta os Estados a cumprir suas obriga\u00e7\u00f5es, e pede que outros, como a m\u00eddia e empresas privadas de Internet, tomem medidas para garantir que a m\u00eddia independente continue tendo papel central nas sociedades democr\u00e1ticas.<\/p>\n<p>*Leia\u00a0o comunicado na \u00edntegra (em espanhol):\u00a0<a href=\"http:\/\/acnudh.org\/expertos-en-derechos-humanos-instan-a-la-proteccion-de-los-medios-de-comunicacion-y-al-fin-de-los-ataques-contra-periodistas\/\" target=\"_blank\">http:\/\/acnudh.org\/expertos-en-derechos-humanos-instan-a-la-proteccion-de-los-medios-de-comunicacion-y-al-fin-de-los-ataques-contra-periodistas\/<\/a><\/p>\n<p><em>Fonte: <a href=\"https:\/\/nacoesunidas.org\/relator-da-onu-pede-protecao-da-midia-e-fim-de-ataques-contra-jornalistas-no-mundo\/\" target=\"_blank\">ONU Brasil<\/a><\/em><\/p>\n<p><strong>ONU Direitos Humanos \u2013 Am\u00e9rica do Sul<\/strong><\/p>\n<div class=\"columna-izq-single\">\n<div class=\"columna-der-single\">\n<p><strong>Facebook<\/strong>:\u00a0<a href=\"http:\/\/www.facebook.com\/ONUdh\" target=\"_blank\">www.facebook.com\/ONUdh<\/a><\/p>\n<p><strong>Twitter<\/strong>:\u00a0<a href=\"http:\/\/www.twitter.com\/ONU_derechos\" target=\"_blank\">www.twitter.com\/ONU_derechos<\/a><\/p>\n<p><strong>YouTube<\/strong>:\u00a0<a href=\"http:\/\/www.youtube.com\/onuderechos\" target=\"_blank\">www.youtube.com\/onuderechos<\/a><\/p>\n<\/div>\n<\/div>\n","protected":false},"excerpt":{"rendered":"<p>Mensagem para o Dia Mundial da Liberdade de Imprensa, lembrado em 3 de maio.<\/p>\n","protected":false},"author":1,"featured_media":0,"comment_status":"open","ping_status":"open","sticky":false,"template":"","format":"standard","meta":{"_uag_custom_page_level_css":"","site-sidebar-layout":"default","site-content-layout":"","ast-site-content-layout":"","site-content-style":"default","site-sidebar-style":"default","ast-global-header-display":"","ast-banner-title-visibility":"","ast-main-header-display":"","ast-hfb-above-header-display":"","ast-hfb-below-header-display":"","ast-hfb-mobile-header-display":"","site-post-title":"","ast-breadcrumbs-content":"","ast-featured-img":"","footer-sml-layout":"","theme-transparent-header-meta":"","adv-header-id-meta":"","stick-header-meta":"","header-above-stick-meta":"","header-main-stick-meta":"","header-below-stick-meta":"","astra-migrate-meta-layouts":"default","ast-page-background-enabled":"default","ast-page-background-meta":{"desktop":{"background-color":"","background-image":"","background-repeat":"repeat","background-position":"center center","background-size":"auto","background-attachment":"scroll","background-type":"","background-media":"","overlay-type":"","overlay-color":"","overlay-opacity":"","overlay-gradient":""},"tablet":{"background-color":"","background-image":"","background-repeat":"repeat","background-position":"center center","background-size":"auto","background-attachment":"scroll","background-type":"","background-media":"","overlay-type":"","overlay-color":"","overlay-opacity":"","overlay-gradient":""},"mobile":{"background-color":"","background-image":"","background-repeat":"repeat","background-position":"center center","background-size":"auto","background-attachment":"scroll","background-type":"","background-media":"","overlay-type":"","overlay-color":"","overlay-opacity":"","overlay-gradient":""}},"ast-content-background-meta":{"desktop":{"background-color":"var(--ast-global-color-5)","background-image":"","background-repeat":"repeat","background-position":"center center","background-size":"auto","background-attachment":"scroll","background-type":"","background-media":"","overlay-type":"","overlay-color":"","overlay-opacity":"","overlay-gradient":""},"tablet":{"background-color":"var(--ast-global-color-5)","background-image":"","background-repeat":"repeat","background-position":"center center","background-size":"auto","background-attachment":"scroll","background-type":"","background-media":"","overlay-type":"","overlay-color":"","overlay-opacity":"","overlay-gradient":""},"mobile":{"background-color":"var(--ast-global-color-5)","background-image":"","background-repeat":"repeat","background-position":"center center","background-size":"auto","background-attachment":"scroll","background-type":"","background-media":"","overlay-type":"","overlay-color":"","overlay-opacity":"","overlay-gradient":""}},"footnotes":""},"categories":[52],"tags":[],"class_list":["post-35495","post","type-post","status-publish","format-standard","hentry","category-nao-categorizado"],"uagb_featured_image_src":{"full":false,"thumbnail":false,"medium":false,"medium_large":false,"large":false,"1536x1536":false,"2048x2048":false},"uagb_author_info":{"display_name":"acnudh","author_link":"https:\/\/acnudh.org\/pt-br\/author\/acnudh\/"},"uagb_comment_info":0,"uagb_excerpt":"Mensagem para o Dia Mundial da Liberdade de Imprensa, lembrado em 3 de maio.","_links":{"self":[{"href":"https:\/\/acnudh.org\/pt-br\/wp-json\/wp\/v2\/posts\/35495","targetHints":{"allow":["GET"]}}],"collection":[{"href":"https:\/\/acnudh.org\/pt-br\/wp-json\/wp\/v2\/posts"}],"about":[{"href":"https:\/\/acnudh.org\/pt-br\/wp-json\/wp\/v2\/types\/post"}],"author":[{"embeddable":true,"href":"https:\/\/acnudh.org\/pt-br\/wp-json\/wp\/v2\/users\/1"}],"replies":[{"embeddable":true,"href":"https:\/\/acnudh.org\/pt-br\/wp-json\/wp\/v2\/comments?post=35495"}],"version-history":[{"count":2,"href":"https:\/\/acnudh.org\/pt-br\/wp-json\/wp\/v2\/posts\/35495\/revisions"}],"predecessor-version":[{"id":35499,"href":"https:\/\/acnudh.org\/pt-br\/wp-json\/wp\/v2\/posts\/35495\/revisions\/35499"}],"wp:attachment":[{"href":"https:\/\/acnudh.org\/pt-br\/wp-json\/wp\/v2\/media?parent=35495"}],"wp:term":[{"taxonomy":"category","embeddable":true,"href":"https:\/\/acnudh.org\/pt-br\/wp-json\/wp\/v2\/categories?post=35495"},{"taxonomy":"post_tag","embeddable":true,"href":"https:\/\/acnudh.org\/pt-br\/wp-json\/wp\/v2\/tags?post=35495"}],"curies":[{"name":"wp","href":"https:\/\/api.w.org\/{rel}","templated":true}]}}