{"id":34658,"date":"2018-02-28T19:39:50","date_gmt":"2018-02-28T19:39:50","guid":{"rendered":"http:\/\/acnudh.org\/?p=34658"},"modified":"2018-03-13T15:10:33","modified_gmt":"2018-03-13T15:10:33","slug":"especialista-onu-sobre-direito-a-moradia-adequada-apresentou-relatorio-sobre-chile","status":"publish","type":"post","link":"https:\/\/acnudh.org\/pt-br\/especialista-onu-sobre-direito-a-moradia-adequada-apresentou-relatorio-sobre-chile\/","title":{"rendered":"Especialista ONU sobre direito \u00e0 moradia adequada apresentou relat\u00f3rio sobre Chile"},"content":{"rendered":"<p><a href=\"http:\/\/acnudh.org\/pt-br\/especialista-onu-sobre-direito-a-moradia-adequada-apresentou-relatorio-sobre-chile\/foto-un-webtv-3\/\" rel=\"attachment wp-att-34660\"><img loading=\"lazy\" decoding=\"async\" class=\"alignleft size-thumbnail wp-image-34660\" src=\"http:\/\/acnudh.org\/wp-content\/uploads\/2018\/03\/Foto-UN-WebTV-1-e1520279123411-110x110.jpg\" alt=\"Foto: UN WebTV\" width=\"110\" height=\"110\" \/><\/a>SANTIAGO (28 de fevereiro de 2018) \u2013 A relatora especial das Na\u00e7\u00f5es Unidas sobre o direito \u00e0 moradia adequada, Leilani Farha, apresentou hoje em Genebra, na Su\u00ed\u00e7a, seu relat\u00f3rio de miss\u00e3o no Chile, produzido ap\u00f3s sua visita ao pa\u00eds em 2017, no marco da sess\u00e3o no. 37 do Conselho de Direitos Humanos da ONU.<\/p>\n<p><strong>\u2013 Baixar o relat\u00f3rio (em espanhol):\u00a0<\/strong><a href=\"http:\/\/ap.ohchr.org\/documents\/dpage_e.aspx?si=A\/HRC\/37\/53\/Add.1\">http:\/\/ap.ohchr.org\/documents\/dpage_e.aspx?si=A\/HRC\/37\/53\/Add.1<\/a><\/p>\n<p>Por convite do governo, a especialista realizou uma miss\u00e3o ao Chile entre 20 e 28 de abril de 2017 e visitou Santiago, Valpara\u00edso, Vi\u00f1a del Mar, Temuco e Antofagasta. Ela tamb\u00e9m se reuniu com altos funcion\u00e1rios de governo em n\u00edvel nacional, regiional e municipal, bem como com residentes e organiza\u00e7\u00f5es comunit\u00e1rias e da sociedade civil.<\/p>\n<p>Ao apresentar seu relat\u00f3rio sobre o Chile, Farha reconheceu que \u201cuma ampla porcentagem da popula\u00e7\u00e3o tem seguran\u00e7a da posse\u201d da moradia, o que ela valorizou como uma conquista importante para o pa\u00eds. Por\u00e9m, a especialista destacou o \u201cparadoxo\u201d de que muitas dessas casas s\u00e3o construidas \u201ccom baixa qualidade\u201d e localizadas nos arredores da cidade. \u201cO resultado \u00e9 a segrega\u00e7\u00e3o social de pessoas pobres, contribuindo a sua marginaliza\u00e7\u00e3o e experi\u00eancias de discrimina\u00e7\u00e3o\u201d, disse hoje a especialista do Conselho de Direitos Humanos.<\/p>\n<p>Durante seu discurso, Leilani Farha expressou preocupa\u00e7\u00e3o com as condi\u00e7\u00f5es de vida das pessoas moradoras de rua, bem como com situa\u00e7\u00f5es de discrimina\u00e7\u00e3o na \u00e1rea do direito \u00e0 moradia adequada que afrontam popula\u00e7\u00f5es de migrantes, ind\u00edgenas e de mulheres. \u00a0<\/p>\n<p>No evento, a especialista tamb\u00e9m valorizou que a autoridade \u201creconhece e est\u00e1 respondendo a alguns desses problemas\u201d e chamou o governo a continuar com esse tipo de iniciativas. \u201cInsto o Chile a continuar cumprindo progressivamente o direito \u00e0 moradia e, neste sentido, garantizar as disposi\u00e7\u00f5es legislativas necess\u00e1rias para isso\u201d, comentou.<\/p>\n<p>Al\u00e9m de seu relat\u00f3rio sobre o Chile, a especialista apresentou hoje um relat\u00f3rio tem\u00e1tico sobre estrat\u00e9gias de moradia baseadas em direitos humanos.<\/p>\n<p>&#8211; Baixar o relat\u00f3rio\u00a0<strong>tem\u00e1tico<\/strong>\u00a0aqui (em espanhol):\u00a0<a href=\"http:\/\/ap.ohchr.org\/documents\/dpage_e.aspx?si=A\/HRC\/37\/53\">http:\/\/ap.ohchr.org\/documents\/dpage_e.aspx?si=A\/HRC\/37\/53<\/a><\/p>\n<p><em>Saiba mais: <a href=\"http:\/\/acnudh.org\/experta-onu-sobre-vivienda-adecuada-presento-informe-sobre-chile\/\">http:\/\/acnudh.org\/experta-onu-sobre-vivienda-adecuada-presento-informe-sobre-chile\/<\/a> <\/em><\/p>\n<p>FIM<\/p>\n<p><strong><br \/>\nONU Direitos Humanos \u2013 Am\u00e9rica do Sul<\/strong><\/p>\n<p><strong>Facebook<\/strong>:\u00a0<a href=\"http:\/\/www.facebook.com\/ONUdh\">www.facebook.com\/ONUdh<\/a><\/p>\n<p><strong>Twitter<\/strong>:\u00a0<a href=\"http:\/\/www.twitter.com\/ONU_derechos\">www.twitter.com\/ONU_derechos<\/a><\/p>\n<p><strong>YouTube<\/strong>:\u00a0<a href=\"http:\/\/www.youtube.com\/onuderechos\">www.youtube.com\/onuderechos<\/a><\/p>\n<p><strong>Veja o \u00cdndice Universal de Direitos Humanos<\/strong>:\u00a0<a href=\"http:\/\/uhri.ohchr.org\/\">http:\/\/uhri.ohchr.org\/<\/a><\/p>\n<p>&nbsp;<\/p>\n","protected":false},"excerpt":{"rendered":"<p>Relatora especial Leilani Farha visitou o pa\u00eds em abril de 2017.<\/p>\n","protected":false},"author":1,"featured_media":0,"comment_status":"open","ping_status":"open","sticky":false,"template":"","format":"standard","meta":{"_uag_custom_page_level_css":"","site-sidebar-layout":"default","site-content-layout":"","ast-site-content-layout":"","site-content-style":"default","site-sidebar-style":"default","ast-global-header-display":"","ast-banner-title-visibility":"","ast-main-header-display":"","ast-hfb-above-header-display":"","ast-hfb-below-header-display":"","ast-hfb-mobile-header-display":"","site-post-title":"","ast-breadcrumbs-content":"","ast-featured-img":"","footer-sml-layout":"","theme-transparent-header-meta":"","adv-header-id-meta":"","stick-header-meta":"","header-above-stick-meta":"","header-main-stick-meta":"","header-below-stick-meta":"","astra-migrate-meta-layouts":"default","ast-page-background-enabled":"default","ast-page-background-meta":{"desktop":{"background-color":"","background-image":"","background-repeat":"repeat","background-position":"center center","background-size":"auto","background-attachment":"scroll","background-type":"","background-media":"","overlay-type":"","overlay-color":"","overlay-opacity":"","overlay-gradient":""},"tablet":{"background-color":"","background-image":"","background-repeat":"repeat","background-position":"center center","background-size":"auto","background-attachment":"scroll","background-type":"","background-media":"","overlay-type":"","overlay-color":"","overlay-opacity":"","overlay-gradient":""},"mobile":{"background-color":"","background-image":"","background-repeat":"repeat","background-position":"center center","background-size":"auto","background-attachment":"scroll","background-type":"","background-media":"","overlay-type":"","overlay-color":"","overlay-opacity":"","overlay-gradient":""}},"ast-content-background-meta":{"desktop":{"background-color":"var(--ast-global-color-5)","background-image":"","background-repeat":"repeat","background-position":"center center","background-size":"auto","background-attachment":"scroll","background-type":"","background-media":"","overlay-type":"","overlay-color":"","overlay-opacity":"","overlay-gradient":""},"tablet":{"background-color":"var(--ast-global-color-5)","background-image":"","background-repeat":"repeat","background-position":"center center","background-size":"auto","background-attachment":"scroll","background-type":"","background-media":"","overlay-type":"","overlay-color":"","overlay-opacity":"","overlay-gradient":""},"mobile":{"background-color":"var(--ast-global-color-5)","background-image":"","background-repeat":"repeat","background-position":"center center","background-size":"auto","background-attachment":"scroll","background-type":"","background-media":"","overlay-type":"","overlay-color":"","overlay-opacity":"","overlay-gradient":""}},"footnotes":""},"categories":[52],"tags":[],"class_list":["post-34658","post","type-post","status-publish","format-standard","hentry","category-nao-categorizado"],"uagb_featured_image_src":{"full":false,"thumbnail":false,"medium":false,"medium_large":false,"large":false,"1536x1536":false,"2048x2048":false},"uagb_author_info":{"display_name":"acnudh","author_link":"https:\/\/acnudh.org\/pt-br\/author\/acnudh\/"},"uagb_comment_info":0,"uagb_excerpt":"Relatora especial Leilani Farha visitou o pa\u00eds em abril de 2017.","_links":{"self":[{"href":"https:\/\/acnudh.org\/pt-br\/wp-json\/wp\/v2\/posts\/34658","targetHints":{"allow":["GET"]}}],"collection":[{"href":"https:\/\/acnudh.org\/pt-br\/wp-json\/wp\/v2\/posts"}],"about":[{"href":"https:\/\/acnudh.org\/pt-br\/wp-json\/wp\/v2\/types\/post"}],"author":[{"embeddable":true,"href":"https:\/\/acnudh.org\/pt-br\/wp-json\/wp\/v2\/users\/1"}],"replies":[{"embeddable":true,"href":"https:\/\/acnudh.org\/pt-br\/wp-json\/wp\/v2\/comments?post=34658"}],"version-history":[{"count":2,"href":"https:\/\/acnudh.org\/pt-br\/wp-json\/wp\/v2\/posts\/34658\/revisions"}],"predecessor-version":[{"id":34662,"href":"https:\/\/acnudh.org\/pt-br\/wp-json\/wp\/v2\/posts\/34658\/revisions\/34662"}],"wp:attachment":[{"href":"https:\/\/acnudh.org\/pt-br\/wp-json\/wp\/v2\/media?parent=34658"}],"wp:term":[{"taxonomy":"category","embeddable":true,"href":"https:\/\/acnudh.org\/pt-br\/wp-json\/wp\/v2\/categories?post=34658"},{"taxonomy":"post_tag","embeddable":true,"href":"https:\/\/acnudh.org\/pt-br\/wp-json\/wp\/v2\/tags?post=34658"}],"curies":[{"name":"wp","href":"https:\/\/api.w.org\/{rel}","templated":true}]}}