{"id":28959,"date":"2016-04-30T20:49:33","date_gmt":"2016-04-30T20:49:33","guid":{"rendered":"http:\/\/acnudh.org\/?p=28959"},"modified":"2016-06-01T14:26:30","modified_gmt":"2016-06-01T14:26:30","slug":"escritorio-regional-participou-de-eventos-sobre-pessoas-com-deficiencia-e-agenda-2030-em-uruguai","status":"publish","type":"post","link":"https:\/\/acnudh.org\/pt-br\/escritorio-regional-participou-de-eventos-sobre-pessoas-com-deficiencia-e-agenda-2030-em-uruguai\/","title":{"rendered":"Escrit\u00f3rio Regional participou de eventos sobre pessoas com defici\u00eancia e Agenda 2030 em Uruguai"},"content":{"rendered":"<p><a href=\"http:\/\/acnudh.org\/pt-br\/escritorio-regional-participou-de-eventos-sobre-pessoas-com-deficiencia-e-agenda-2030-em-uruguai\/evento-uy-3\/\" rel=\"attachment wp-att-28960\"><img loading=\"lazy\" decoding=\"async\" class=\"alignleft size-thumbnail wp-image-28960\" src=\"http:\/\/acnudh.org\/wp-content\/uploads\/2016\/05\/evento-uy-1-e1462827248950-110x110.png\" alt=\"Foto: ACNUDH Am\u00e9rica do Sul\" width=\"110\" height=\"110\" \/><\/a>SANTIAGO (30 de abril de 2016) \u2013 O Escrit\u00f3rio para Am\u00e9rica do Sul do Alto Comissariado das Na\u00e7\u00f5es Unidas para os Direitos Humanos (ACNUDH), com o apoio do Sistema das Na\u00e7\u00f5es Unidas no Uruguai, participou nesta semana de atividades no pa\u00eds sobre os direitos das pessoas com defici\u00eancia e a implementa\u00e7\u00e3o dos Objetivos de Desenvolvimento Sustent\u00e1vel (ODS) desde uma abordagem de direitos humanos.<\/p>\n<p>O Escrit\u00f3rio Regional ofereceu nesta ter\u00e7a-feira 26 de abril uma palestra no VIII Congresso Ibero-Americano de Cegos, organizado pela Uni\u00e3o Latino-Americana de Cegos (ULAC). Da parte do ACNUDH, a assessora de direitos humanos Krista Orama falou sobre avan\u00e7os e desafios na \u00e1rea dos direitos das pessoas com defici\u00eancia na regi\u00e3o, com \u00eanfase em assuntos como participa\u00e7\u00e3o e o fortalecimento da sociedade civil.<\/p>\n<p>Participaram entre outros Ana Pel\u00e1ez Narv\u00e1ez, especialista do Comit\u00ea ONU sobre os direitos das pessoas com defici\u00eancia (CRPD) e a Relatora Especial da ONU sobre os direitos das pessoas com defici\u00eancia, Catalina Devandas.<\/p>\n<p>Adicionalmente, a assessora do ACNUDH facilitou um di\u00e1logo no evento \u201cA Conven\u00e7\u00e3o sobre os Direitos das Pessoas com Defici\u00eancia e o Objetivo de Desenvolvimento Sustent\u00e1vel 4: o pape da sociedade civil em sua implementa\u00e7\u00e3o e monitoramento\u201d, ocorrido em 28 de abril com apoio do Sistema ONU em Uruguai e o Grupo de Trabalho sobre Educa\u00e7\u00e3 Inclusiva do pa\u00eds.<\/p>\n<p>O evento aconteceu no Centro de Forma\u00e7\u00e3o da Ag\u00eancia Espanhola de Coopera\u00e7\u00e3o Internacional para o Desenvolvimento (AECID) e visou a debatir juntamente com organiza\u00e7\u00f5es da sociedade civil sobre como implementar efetivamente esses objetivos e seus indicadores no contexto uruguaio, entre outros assuntos.<\/p>\n<p><strong>Reuni\u00f5es<\/strong><\/p>\n<p>O ACNUDH tamb\u00e9m manteve reuni\u00f5es com integrantes do Programa Nacional de Defici\u00eancia (Pronadis) do Minist\u00e9rio de Desenvolvimento Social (MIDES) e ofereceu uma oficina na Dire\u00e7\u00e3o de Direitos Humanos e Direito Humanit\u00e1rio do Minist\u00e9rio das Rela\u00e7\u00f5es Exteriores do Uruguai. Ambas as atividades focaram nos direitos das pessoas com defici\u00eancia, visando o di\u00e1logo interativo que ocorrer\u00e1 entre o pa\u00eds e o Comit\u00ea ONU sobre os direitos das pessoas com defici\u00eancia em agosto deste ano.<\/p>\n<p>Finalmente, houve avan\u00e7os com a Ag\u00eancia Uruguaia de Coopera\u00e7\u00e3o Internacional (AUCI) e o Escrit\u00f3rio de Planejamento e Or\u00e7amento (OPP) na defini\u00e7\u00e3lo de atividades de coopera\u00e7\u00e3o no contexto da Agenda 2030.<\/p>\n<p>FIM<\/p>\n<p>&nbsp;<\/p>\n<p><strong>Direitos Humanos da ONU, siga-nos nas redes sociais:<\/strong><\/p>\n<p><strong>Facebook<\/strong>:\u00a0<a href=\"http:\/\/www.facebook.com\/ONUdh\">www.facebook.com\/ONUdh<\/a><\/p>\n<p><strong>Twitter<\/strong>:\u00a0<a href=\"http:\/\/www.twitter.com\/ONU_derechos\">www.twitter.com\/ONU_derechos<\/a><\/p>\n<p><strong>YouTube<\/strong>:\u00a0<a href=\"http:\/\/www.youtube.com\/onuderechos\">www.youtube.com\/onuderechos<\/a><\/p>\n<p><strong>Flickr<\/strong>:\u00a0<a href=\"http:\/\/www.flickr.com\/onuderechos\/\">http:\/\/www.flickr.com\/onuderechos\/<\/a><\/p>\n<p>&nbsp;<\/p>\n","protected":false},"excerpt":{"rendered":"<p>Com apoio do Sistema ONU no Uruguai<\/p>\n","protected":false},"author":1,"featured_media":0,"comment_status":"open","ping_status":"open","sticky":false,"template":"","format":"standard","meta":{"_uag_custom_page_level_css":"","site-sidebar-layout":"default","site-content-layout":"","ast-site-content-layout":"","site-content-style":"default","site-sidebar-style":"default","ast-global-header-display":"","ast-banner-title-visibility":"","ast-main-header-display":"","ast-hfb-above-header-display":"","ast-hfb-below-header-display":"","ast-hfb-mobile-header-display":"","site-post-title":"","ast-breadcrumbs-content":"","ast-featured-img":"","footer-sml-layout":"","theme-transparent-header-meta":"","adv-header-id-meta":"","stick-header-meta":"","header-above-stick-meta":"","header-main-stick-meta":"","header-below-stick-meta":"","astra-migrate-meta-layouts":"default","ast-page-background-enabled":"default","ast-page-background-meta":{"desktop":{"background-color":"","background-image":"","background-repeat":"repeat","background-position":"center center","background-size":"auto","background-attachment":"scroll","background-type":"","background-media":"","overlay-type":"","overlay-color":"","overlay-opacity":"","overlay-gradient":""},"tablet":{"background-color":"","background-image":"","background-repeat":"repeat","background-position":"center center","background-size":"auto","background-attachment":"scroll","background-type":"","background-media":"","overlay-type":"","overlay-color":"","overlay-opacity":"","overlay-gradient":""},"mobile":{"background-color":"","background-image":"","background-repeat":"repeat","background-position":"center center","background-size":"auto","background-attachment":"scroll","background-type":"","background-media":"","overlay-type":"","overlay-color":"","overlay-opacity":"","overlay-gradient":""}},"ast-content-background-meta":{"desktop":{"background-color":"var(--ast-global-color-5)","background-image":"","background-repeat":"repeat","background-position":"center center","background-size":"auto","background-attachment":"scroll","background-type":"","background-media":"","overlay-type":"","overlay-color":"","overlay-opacity":"","overlay-gradient":""},"tablet":{"background-color":"var(--ast-global-color-5)","background-image":"","background-repeat":"repeat","background-position":"center center","background-size":"auto","background-attachment":"scroll","background-type":"","background-media":"","overlay-type":"","overlay-color":"","overlay-opacity":"","overlay-gradient":""},"mobile":{"background-color":"var(--ast-global-color-5)","background-image":"","background-repeat":"repeat","background-position":"center center","background-size":"auto","background-attachment":"scroll","background-type":"","background-media":"","overlay-type":"","overlay-color":"","overlay-opacity":"","overlay-gradient":""}},"footnotes":""},"categories":[52],"tags":[],"class_list":["post-28959","post","type-post","status-publish","format-standard","hentry","category-nao-categorizado"],"uagb_featured_image_src":{"full":false,"thumbnail":false,"medium":false,"medium_large":false,"large":false,"1536x1536":false,"2048x2048":false},"uagb_author_info":{"display_name":"acnudh","author_link":"https:\/\/acnudh.org\/pt-br\/author\/acnudh\/"},"uagb_comment_info":0,"uagb_excerpt":"Com apoio do Sistema ONU no Uruguai","_links":{"self":[{"href":"https:\/\/acnudh.org\/pt-br\/wp-json\/wp\/v2\/posts\/28959","targetHints":{"allow":["GET"]}}],"collection":[{"href":"https:\/\/acnudh.org\/pt-br\/wp-json\/wp\/v2\/posts"}],"about":[{"href":"https:\/\/acnudh.org\/pt-br\/wp-json\/wp\/v2\/types\/post"}],"author":[{"embeddable":true,"href":"https:\/\/acnudh.org\/pt-br\/wp-json\/wp\/v2\/users\/1"}],"replies":[{"embeddable":true,"href":"https:\/\/acnudh.org\/pt-br\/wp-json\/wp\/v2\/comments?post=28959"}],"version-history":[{"count":2,"href":"https:\/\/acnudh.org\/pt-br\/wp-json\/wp\/v2\/posts\/28959\/revisions"}],"predecessor-version":[{"id":28963,"href":"https:\/\/acnudh.org\/pt-br\/wp-json\/wp\/v2\/posts\/28959\/revisions\/28963"}],"wp:attachment":[{"href":"https:\/\/acnudh.org\/pt-br\/wp-json\/wp\/v2\/media?parent=28959"}],"wp:term":[{"taxonomy":"category","embeddable":true,"href":"https:\/\/acnudh.org\/pt-br\/wp-json\/wp\/v2\/categories?post=28959"},{"taxonomy":"post_tag","embeddable":true,"href":"https:\/\/acnudh.org\/pt-br\/wp-json\/wp\/v2\/tags?post=28959"}],"curies":[{"name":"wp","href":"https:\/\/api.w.org\/{rel}","templated":true}]}}