{"id":26312,"date":"2015-10-09T15:41:44","date_gmt":"2015-10-09T15:41:44","guid":{"rendered":"http:\/\/acnudh.org\/?p=26312"},"modified":"2015-11-03T19:56:33","modified_gmt":"2015-11-03T19:56:33","slug":"comite-onu-de-direitos-das-criancas-divulga-observacoes-finais-sobre-brasil-e-chile","status":"publish","type":"post","link":"https:\/\/acnudh.org\/pt-br\/comite-onu-de-direitos-das-criancas-divulga-observacoes-finais-sobre-brasil-e-chile\/","title":{"rendered":"Comit\u00ea ONU de direitos das crian\u00e7as divulga observa\u00e7\u00f5es finais sobre Brasil e Chile"},"content":{"rendered":"<p><a rel=\"attachment wp-att-26315\" href=\"http:\/\/acnudh.org\/pt-br\/2015\/10\/comite-onu-de-direitos-das-criancas-divulga-observacoes-finais-sobre-brasil-e-chile\/unog-flags-return-after-renovation-3\/\"><img loading=\"lazy\" decoding=\"async\" class=\"alignleft size-thumbnail wp-image-26315\" title=\"Foto: UN Multimedia\" src=\"http:\/\/acnudh.org\/wp-content\/uploads\/2015\/10\/579261f2-e1444751119726-110x108.jpg\" alt=\"\" width=\"110\" height=\"108\" \/><\/a>09 de outubro de 2015 \u2014 A viol\u00eancia infantil, os abusos sexuais, a venda de crian\u00e7as e a participa\u00e7\u00e3o de crian\u00e7as em conflitos armados s\u00e3o alguns dos assuntos tratados durante a 70\u00b0 sess\u00e3o do Comit\u00ea da ONU sobre os Direitos da Crian\u00e7a (CRC, siglas em ingl\u00eas), que foi encerrada em Genebra no dia 8 de outubro.<\/p>\n<p><a href=\"http:\/\/acnudh.org\/pt-br\/2015\/09\/comite-da-onu-avaliou-situacao-de-direitos-de-criancas-e-adolescentes-no-brasil\/\">Brasil<\/a> e <a href=\"http:\/\/acnudh.org\/2015\/09\/derechos-de-la-infancia-comite-onu-reviso-situacion-en-chile\/\">Chile<\/a> estiveram entre os pa\u00edses avaliados pelo Comit\u00ea durante sua 70\u00b0 sess\u00e3o (al\u00e9m de Bangladesh, Cuba, Cazaquist\u00e3o, Emirados \u00c1rabes Unidos, Madagascar, Pol\u00f4nia e Timor Leste), por serem Estados parte da Conven\u00e7\u00e3o da ONU sobre os direitos das crian\u00e7as.<\/p>\n<p>Depois de analisar os relat\u00f3rios apresentados por esses pa\u00edses, o Comit\u00ea fez v\u00e1rias recomenda\u00e7\u00f5es, por exemplo acabar com a viol\u00eancia contra as crian\u00e7as no Brasil e garantir a qualidade da aten\u00e7\u00e3o infantil e juvenil nos servi\u00e7os p\u00fablicos gratuitos no Chile, entre outras recomenda\u00e7\u00f5es.<\/p>\n<p><strong>*Confira as observa\u00e7\u00f5es finais do Comit\u00ea CRC para o Brasil<\/strong>: <span style=\"text-decoration: underline;\"><a href=\"http:\/\/acnudh.org\/2015\/10\/26190\/\">http:\/\/acnudh.org\/2015\/10\/26190\/<\/a><\/span><\/p>\n<p><strong>*Confira as observa\u00e7\u00f5es finais do Comit\u00ea CRC para o Chile<\/strong>: <a href=\"http:\/\/acnudh.org\/2015\/10\/26197\/\">http:\/\/acnudh.org\/2015\/10\/26197\/<\/a><\/p>\n<p>A Vicepresidenta do Comit\u00ea dos Direitos da Crian\u00e7a, Sara Oviedo, instou a todos os Estados parte da Conven\u00e7\u00e3o a cumprirem com seus compromisos e com essas observa\u00e7\u00f5es pelo futuro das crian\u00e7as.<\/p>\n<p>O Comit\u00ea CRC foi criado em 1991 visando a proteger as crian\u00e7as de todo o mundo. A pr\u00f3xima reuni\u00e3o geral do Comit\u00ea deve ocorrer em 2016, com o meio ambiente e sua influ\u00eancia nos menores de idade como assunto principal.<\/p>\n<p>FIM<\/p>\n<p><em>Com informa\u00e7\u00f5es do Centro de Not\u00edcias da ONU: <a href=\"http:\/\/www.un.org\/spanish\/News\/story.asp?NewsID=33557&amp;utm_content=bufferd55ad&amp;utm_medium=social&amp;utm_source=twitter.com&amp;utm_campaign=buffer#.Vh0mKflVhBd\">http:\/\/www.un.org\/spanish\/News\/story.asp?NewsID=33557&amp;utm_content=bufferd55ad&amp;utm_medium=social&amp;utm_source=twitter.com&amp;utm_campaign=buffer#.Vh0mKflVhBd<\/a> <\/em><\/p>\n<p><strong>Direitos Humanos da ONU, siga-nos nas redes sociais:<\/strong><\/p>\n<p><strong>Facebook<\/strong>:\u00a0<a href=\"http:\/\/www.facebook.com\/ONUdh\">www.facebook.com\/ONUdh<\/a><\/p>\n<p><strong>Twitter<\/strong>:\u00a0<a href=\"http:\/\/www.twitter.com\/ONU_derechos\">www.twitter.com\/ONU_derechos<\/a><\/p>\n<p><strong>YouTube<\/strong>:\u00a0<a href=\"http:\/\/www.youtube.com\/onuderechos\">www.youtube.com\/onuderechos<\/a><\/p>\n<p><strong>Flickr<\/strong>:\u00a0<a href=\"http:\/\/www.flickr.com\/onuderechos\/\">http:\/\/www.flickr.com\/onuderechos\/<\/a><\/p>\n","protected":false},"excerpt":{"rendered":"<p>Sess\u00e3o 70\u00b0 foi encerrada na quinta-feira 8 de outubro<\/p>\n","protected":false},"author":1,"featured_media":0,"comment_status":"open","ping_status":"open","sticky":false,"template":"","format":"standard","meta":{"_uag_custom_page_level_css":"","site-sidebar-layout":"default","site-content-layout":"","ast-site-content-layout":"","site-content-style":"default","site-sidebar-style":"default","ast-global-header-display":"","ast-banner-title-visibility":"","ast-main-header-display":"","ast-hfb-above-header-display":"","ast-hfb-below-header-display":"","ast-hfb-mobile-header-display":"","site-post-title":"","ast-breadcrumbs-content":"","ast-featured-img":"","footer-sml-layout":"","theme-transparent-header-meta":"","adv-header-id-meta":"","stick-header-meta":"","header-above-stick-meta":"","header-main-stick-meta":"","header-below-stick-meta":"","astra-migrate-meta-layouts":"default","ast-page-background-enabled":"default","ast-page-background-meta":{"desktop":{"background-color":"","background-image":"","background-repeat":"repeat","background-position":"center center","background-size":"auto","background-attachment":"scroll","background-type":"","background-media":"","overlay-type":"","overlay-color":"","overlay-opacity":"","overlay-gradient":""},"tablet":{"background-color":"","background-image":"","background-repeat":"repeat","background-position":"center center","background-size":"auto","background-attachment":"scroll","background-type":"","background-media":"","overlay-type":"","overlay-color":"","overlay-opacity":"","overlay-gradient":""},"mobile":{"background-color":"","background-image":"","background-repeat":"repeat","background-position":"center center","background-size":"auto","background-attachment":"scroll","background-type":"","background-media":"","overlay-type":"","overlay-color":"","overlay-opacity":"","overlay-gradient":""}},"ast-content-background-meta":{"desktop":{"background-color":"var(--ast-global-color-5)","background-image":"","background-repeat":"repeat","background-position":"center center","background-size":"auto","background-attachment":"scroll","background-type":"","background-media":"","overlay-type":"","overlay-color":"","overlay-opacity":"","overlay-gradient":""},"tablet":{"background-color":"var(--ast-global-color-5)","background-image":"","background-repeat":"repeat","background-position":"center center","background-size":"auto","background-attachment":"scroll","background-type":"","background-media":"","overlay-type":"","overlay-color":"","overlay-opacity":"","overlay-gradient":""},"mobile":{"background-color":"var(--ast-global-color-5)","background-image":"","background-repeat":"repeat","background-position":"center center","background-size":"auto","background-attachment":"scroll","background-type":"","background-media":"","overlay-type":"","overlay-color":"","overlay-opacity":"","overlay-gradient":""}},"footnotes":""},"categories":[52],"tags":[],"class_list":["post-26312","post","type-post","status-publish","format-standard","hentry","category-nao-categorizado"],"uagb_featured_image_src":{"full":false,"thumbnail":false,"medium":false,"medium_large":false,"large":false,"1536x1536":false,"2048x2048":false},"uagb_author_info":{"display_name":"acnudh","author_link":"https:\/\/acnudh.org\/pt-br\/author\/acnudh\/"},"uagb_comment_info":0,"uagb_excerpt":"Sess\u00e3o 70\u00b0 foi encerrada na quinta-feira 8 de outubro","_links":{"self":[{"href":"https:\/\/acnudh.org\/pt-br\/wp-json\/wp\/v2\/posts\/26312","targetHints":{"allow":["GET"]}}],"collection":[{"href":"https:\/\/acnudh.org\/pt-br\/wp-json\/wp\/v2\/posts"}],"about":[{"href":"https:\/\/acnudh.org\/pt-br\/wp-json\/wp\/v2\/types\/post"}],"author":[{"embeddable":true,"href":"https:\/\/acnudh.org\/pt-br\/wp-json\/wp\/v2\/users\/1"}],"replies":[{"embeddable":true,"href":"https:\/\/acnudh.org\/pt-br\/wp-json\/wp\/v2\/comments?post=26312"}],"version-history":[{"count":11,"href":"https:\/\/acnudh.org\/pt-br\/wp-json\/wp\/v2\/posts\/26312\/revisions"}],"predecessor-version":[{"id":26904,"href":"https:\/\/acnudh.org\/pt-br\/wp-json\/wp\/v2\/posts\/26312\/revisions\/26904"}],"wp:attachment":[{"href":"https:\/\/acnudh.org\/pt-br\/wp-json\/wp\/v2\/media?parent=26312"}],"wp:term":[{"taxonomy":"category","embeddable":true,"href":"https:\/\/acnudh.org\/pt-br\/wp-json\/wp\/v2\/categories?post=26312"},{"taxonomy":"post_tag","embeddable":true,"href":"https:\/\/acnudh.org\/pt-br\/wp-json\/wp\/v2\/tags?post=26312"}],"curies":[{"name":"wp","href":"https:\/\/api.w.org\/{rel}","templated":true}]}}