{"id":24905,"date":"2015-07-23T15:45:45","date_gmt":"2015-07-23T15:45:45","guid":{"rendered":"http:\/\/acnudh.org\/?p=24905"},"modified":"2015-08-26T19:03:41","modified_gmt":"2015-08-26T19:03:41","slug":"hora-de-acabar-com-represalias-contra-defensores-em-programas-de-tv-na-venezuela-diz-onu","status":"publish","type":"post","link":"https:\/\/acnudh.org\/pt-br\/hora-de-acabar-com-represalias-contra-defensores-em-programas-de-tv-na-venezuela-diz-onu\/","title":{"rendered":"Hora de acabar com repres\u00e1lias contra defensores em programas de TV na Venezuela, diz ONU"},"content":{"rendered":"<p style=\"text-align: justify;\"><strong><a rel=\"attachment wp-att-24906\" href=\"http:\/\/acnudh.org\/pt-br\/2015\/07\/hora-de-acabar-com-represalias-contra-defensores-em-programas-de-tv-na-venezuela-diz-onu\/defenders-2\/\"><img loading=\"lazy\" decoding=\"async\" class=\"alignleft size-thumbnail wp-image-24906\" title=\"Foto: CIDH\" src=\"http:\/\/acnudh.org\/wp-content\/uploads\/2015\/07\/defenders1-e1438012390245-110x110.jpg\" alt=\"\" width=\"110\" height=\"110\" \/><\/a>23 de julho de 2015 &#8211;<\/strong> Um grupo de especialistas em diretos humanos interamericanos e das Na\u00e7\u00f5es Unidas deplorou nesta quarta-feira (22) as tentativas de desacreditar e intimidar os\u00a0<a href=\"http:\/\/www.ohchr.org\/FR\/NewsEvents\/Pages\/DisplayNews.aspx?NewsID=16259&amp;LangID=E\" target=\"_blank\">defensores dos direitos humanos na televis\u00e3o<\/a> controlada pelo Estado da Venezuela, em repres\u00e1lia por suas atividades de direitos humanos e de coopera\u00e7\u00e3o com a ONU e organismos regionais de direitos humanos.<\/p>\n<p style=\"text-align: justify;\">\u201c\u00c9 chegada a hora de acabar com este ass\u00e9dio vergonhoso e televisionado a ativistas de direitos na Venezuela\u201d, disseram os especialistas. \u201cN\u00f3s condenamos o que se tornou um padr\u00e3o claro para intimidar e difamar defensores dos direitos humanos por meramente promover os direitos humanos no seu pa\u00eds e por se envolver com organismos de direitos humanos internacionais e regionais.\u201d<\/p>\n<p style=\"text-align: justify;\">Os especialistas chamaram a aten\u00e7\u00e3o para o fato dos defensores dos direitos humanos serem alvos sistem\u00e1ticos do programa de TV semanal \u201c<em>Con el Mazo Dando<\/em>\u201d, transmitido pela rede estatal\u00a0<em>Venezolana de Televisi\u00f3n<\/em>, incluindo publica\u00e7\u00e3o de informa\u00e7\u00f5es pessoais em seu site. O programa \u00e9 oferecido pelo Presidente da Assembleia Nacional da Venezuela, Diosdado Cabello, que vai ao ar para fazer acusa\u00e7\u00f5es contra ativistas de direitos humanos e organiza\u00e7\u00f5es da sociedade civil com o objetivo aparente de intimid\u00e1-los.<\/p>\n<p style=\"text-align: justify;\">Os especialistas lembraram que a ONU e os organismos interamericanos de direitos humanos s\u00e3o cobrados para monitorar a implementa\u00e7\u00e3o por parte da Venezuela de suas obriga\u00e7\u00f5es internacionais e regionais de direitos humanos, e, como tal, o governo \u00e9 obrigado a respeitar e defender a participa\u00e7\u00e3o de ativistas de direitos no \u00e2mbito desse processo. \u201cQualquer ato para impedir tal envolvimento, seja no ar ou fora dele, viola frontalmente o direito internacional dos direitos humanos\u201d, eles destacaram.<\/p>\n<p style=\"text-align: justify;\"><em>Fonte: ONU Brasil http:\/\/nacoesunidas.org\/hora-de-acabar-com-represalias-contra-defensores-em-programas-de-tv-na-venezuela-diz-onu\/<\/em><\/p>\n<p style=\"text-align: justify;\"><em>Mais informa\u00e7\u00f5es (em espanhol): http:\/\/acnudh.org\/2015\/07\/venezuela-es-hora-de-poner-fin-a-las-represalias-televisadas-contra-defensores-de-derechos-humanos-expertos-internacionales\/<\/em><\/p>\n<p><strong>ONU Direitos Humanos, acompanhe nossas redes sociales:<\/strong><\/p>\n<p><strong>Facebook<\/strong>:\u00a0<a href=\"http:\/\/www.facebook.com\/ONUdh\">www.facebook.com\/ONUdh<\/a><\/p>\n<p><strong>Twitter<\/strong>:\u00a0<a href=\"http:\/\/www.twitter.com\/ONU_derechos\">www.twitter.com\/ONU_derechos<\/a><\/p>\n<p><strong>YouTube<\/strong>:\u00a0<a href=\"http:\/\/www.youtube.com\/onuderechos\">www.youtube.com\/onuderechos<\/a><\/p>\n<p><strong>Flickr<\/strong>:\u00a0<a href=\"http:\/\/www.flickr.com\/onuderechos\/\">http:\/\/www.flickr.com\/onuderechos\/<\/a><\/p>\n","protected":false},"excerpt":{"rendered":"<p>Juntamente com especialistas da Comiss\u00e3o Interamericana de Direitos Humanos<\/p>\n","protected":false},"author":1,"featured_media":0,"comment_status":"open","ping_status":"open","sticky":false,"template":"","format":"standard","meta":{"_uag_custom_page_level_css":"","site-sidebar-layout":"default","site-content-layout":"","ast-site-content-layout":"","site-content-style":"default","site-sidebar-style":"default","ast-global-header-display":"","ast-banner-title-visibility":"","ast-main-header-display":"","ast-hfb-above-header-display":"","ast-hfb-below-header-display":"","ast-hfb-mobile-header-display":"","site-post-title":"","ast-breadcrumbs-content":"","ast-featured-img":"","footer-sml-layout":"","theme-transparent-header-meta":"","adv-header-id-meta":"","stick-header-meta":"","header-above-stick-meta":"","header-main-stick-meta":"","header-below-stick-meta":"","astra-migrate-meta-layouts":"default","ast-page-background-enabled":"default","ast-page-background-meta":{"desktop":{"background-color":"","background-image":"","background-repeat":"repeat","background-position":"center center","background-size":"auto","background-attachment":"scroll","background-type":"","background-media":"","overlay-type":"","overlay-color":"","overlay-opacity":"","overlay-gradient":""},"tablet":{"background-color":"","background-image":"","background-repeat":"repeat","background-position":"center center","background-size":"auto","background-attachment":"scroll","background-type":"","background-media":"","overlay-type":"","overlay-color":"","overlay-opacity":"","overlay-gradient":""},"mobile":{"background-color":"","background-image":"","background-repeat":"repeat","background-position":"center center","background-size":"auto","background-attachment":"scroll","background-type":"","background-media":"","overlay-type":"","overlay-color":"","overlay-opacity":"","overlay-gradient":""}},"ast-content-background-meta":{"desktop":{"background-color":"var(--ast-global-color-5)","background-image":"","background-repeat":"repeat","background-position":"center center","background-size":"auto","background-attachment":"scroll","background-type":"","background-media":"","overlay-type":"","overlay-color":"","overlay-opacity":"","overlay-gradient":""},"tablet":{"background-color":"var(--ast-global-color-5)","background-image":"","background-repeat":"repeat","background-position":"center center","background-size":"auto","background-attachment":"scroll","background-type":"","background-media":"","overlay-type":"","overlay-color":"","overlay-opacity":"","overlay-gradient":""},"mobile":{"background-color":"var(--ast-global-color-5)","background-image":"","background-repeat":"repeat","background-position":"center center","background-size":"auto","background-attachment":"scroll","background-type":"","background-media":"","overlay-type":"","overlay-color":"","overlay-opacity":"","overlay-gradient":""}},"footnotes":""},"categories":[52],"tags":[],"class_list":["post-24905","post","type-post","status-publish","format-standard","hentry","category-nao-categorizado"],"uagb_featured_image_src":{"full":false,"thumbnail":false,"medium":false,"medium_large":false,"large":false,"1536x1536":false,"2048x2048":false},"uagb_author_info":{"display_name":"acnudh","author_link":"https:\/\/acnudh.org\/pt-br\/author\/acnudh\/"},"uagb_comment_info":0,"uagb_excerpt":"Juntamente com especialistas da Comiss\u00e3o Interamericana de Direitos Humanos","_links":{"self":[{"href":"https:\/\/acnudh.org\/pt-br\/wp-json\/wp\/v2\/posts\/24905","targetHints":{"allow":["GET"]}}],"collection":[{"href":"https:\/\/acnudh.org\/pt-br\/wp-json\/wp\/v2\/posts"}],"about":[{"href":"https:\/\/acnudh.org\/pt-br\/wp-json\/wp\/v2\/types\/post"}],"author":[{"embeddable":true,"href":"https:\/\/acnudh.org\/pt-br\/wp-json\/wp\/v2\/users\/1"}],"replies":[{"embeddable":true,"href":"https:\/\/acnudh.org\/pt-br\/wp-json\/wp\/v2\/comments?post=24905"}],"version-history":[{"count":12,"href":"https:\/\/acnudh.org\/pt-br\/wp-json\/wp\/v2\/posts\/24905\/revisions"}],"predecessor-version":[{"id":25418,"href":"https:\/\/acnudh.org\/pt-br\/wp-json\/wp\/v2\/posts\/24905\/revisions\/25418"}],"wp:attachment":[{"href":"https:\/\/acnudh.org\/pt-br\/wp-json\/wp\/v2\/media?parent=24905"}],"wp:term":[{"taxonomy":"category","embeddable":true,"href":"https:\/\/acnudh.org\/pt-br\/wp-json\/wp\/v2\/categories?post=24905"},{"taxonomy":"post_tag","embeddable":true,"href":"https:\/\/acnudh.org\/pt-br\/wp-json\/wp\/v2\/tags?post=24905"}],"curies":[{"name":"wp","href":"https:\/\/api.w.org\/{rel}","templated":true}]}}