{"id":24218,"date":"2015-04-23T18:24:50","date_gmt":"2015-04-23T18:24:50","guid":{"rendered":"http:\/\/acnudh.org\/?p=24218"},"modified":"2015-06-01T19:43:42","modified_gmt":"2015-06-01T19:43:42","slug":"argentina-representante-regional-participa-de-seminario-sobre-prevencao-da-tortura","status":"publish","type":"post","link":"https:\/\/acnudh.org\/pt-br\/argentina-representante-regional-participa-de-seminario-sobre-prevencao-da-tortura\/","title":{"rendered":"Argentina: Representante Regional participa de semin\u00e1rio sobre preven\u00e7\u00e3o da tortura"},"content":{"rendered":"<p style=\"text-align: justify;\"><a href=\"http:\/\/acnudh.org\/wp-content\/uploads\/2015\/04\/IMG-20150421-WA0011-e1429800102131-400x1361.jpg\"><img loading=\"lazy\" decoding=\"async\" class=\"alignleft size-thumbnail wp-image-24245\" title=\"Foto: ACNUDH Am\u00e9rica del Sur\" src=\"http:\/\/acnudh.org\/wp-content\/uploads\/2015\/04\/IMG-20150421-WA0011-e1429800102131-400x1361-e1433185724287-110x110.jpg\" alt=\"\" width=\"110\" height=\"110\" \/><\/a>SANTIAGO\/BUENOS AIRES (23 de abril de 2015) &#8211; Em miss\u00e3o na Argentina, o Representante Regional para Am\u00e9rica do Sul do Alto Comissariado das Na\u00e7\u00f5es Unidas para os Direitos Humanos (<a href=\"http:\/\/acnudh.org\/pt-br\/home-2\/\">ACNUDH<\/a>), Amerigo Incalcaterra, participou em diversas reuni\u00f5es e atividades entre 20 e 22 de abril de 2015.<\/p>\n<p style=\"text-align: justify;\">Incalcaterra fazia parte de um grupo de trabalho organizado pela Secretaria Nacional de Direitos Humanos (<a href=\"http:\/\/www.jus.gob.ar\/derechoshumanos\">SDH<\/a>), ocorrida no Espa\u00e7o de Mem\u00f3ria e de Promo\u00e7\u00e3o e Defesa dos Direitos Humanos (antiga ESMA) em Buenos Aires. O painel reuniu autoridades federais e provinciais, bem como a sociedade civil, e especialistas internacionais de direitos humanos, buscando estrat\u00e9gias para a implementa\u00e7\u00e3o coordenada do <a href=\"http:\/\/acnudh.org\/wp-content\/uploads\/2014\/10\/OPCAT.19-34.pdf\">Protocolo Facultativo \u00e0 Conven\u00e7\u00e3o da ONU contra a Tortura<\/a> no pa\u00eds, especialmente na cria\u00e7\u00e3o e funcionamento de mecanismos de preven\u00e7\u00e3o.<\/p>\n<p style=\"text-align: justify;\">&#8220;Esta reuni\u00e3o representa a discuss\u00e3o o que foi realizado e os desafios pendentes. Eu acho que um debate muito saud\u00e1vel em que existe um compromisso do pa\u00eds para implementar e cumprir um tratado internacional como o Protocolo Facultativo&#8221;, disse o Representante do ACNUDH.<\/p>\n<p style=\"text-align: justify;\">Tamb\u00e9m participaram da mesa de trabalho o Secret\u00e1rio Nacional para os Direitos Humanos, Martin Fresneda; membros do Subcomit\u00ea da ONU sobre Preven\u00e7\u00e3o da Tortura (<a href=\"http:\/\/www.onu.org.ar\/\">SPT<\/a>), Emilio Gin\u00e9s e Enrique Fonte (que participou como respons\u00e1vel pela implementa\u00e7\u00e3o do Protocolo Facultativo \u00e0 Conven\u00e7\u00e3o contra a Tortura da SDH); o subsecret\u00e1rio de Pol\u00edtica Criminal, Luciano Hazan; o Diretor de Direitos Humanos do Minist\u00e9rio das Rela\u00e7\u00f5es Exteriores da Argentina, Federico Villegas; e o Coordenador Residente do <a href=\"http:\/\/www.onu.org.ar\/\">Sistema das Na\u00e7\u00f5es Unidas na Argentina<\/a>, Rene Mauricio Valdes. Outros convidados foram autoridades provinciais e presidentes dos mecanismos locais para a Preven\u00e7\u00e3o da Tortura do Chaco, Mendoza, Salta e Rio Negro.<\/p>\n<p style=\"text-align: justify;\"><strong>Agenda de reuni\u00f5es <\/strong><\/p>\n<p style=\"text-align: justify;\">Durante sua visita, o Representante do ACNUDH realizou um cronograma de reuni\u00f5es, por exemplo, com o Secret\u00e1rio-Geral a cargo do Gabinete do <a href=\"http:\/\/blogdeprensa.com.ar\/gacetillas\/1090-defensor-se-reunio-con-representantes-de-acnudh-para-coordinar-trabajo-en-conjunto\">Defensor do Povo<\/a> Carlos Haquim para coordenar atividades conjuntas, como treinamento para os trabalhadores da Defensoria e monitoramento de assuntos de interesse comum.<\/p>\n<p style=\"text-align: justify;\">Incalcaterra tamb\u00e9m se reuniu com funcion\u00e1rios da <a href=\"http:\/\/www.ppn.gov.ar\/?q=La_PPN_recibio_la_visita_del_Representante_del_SPT_y_del_miembro_de_ACNUDH\">Procura\u00e7\u00e3o Penitenci\u00e1ria<\/a>; e representantes do <a href=\"http:\/\/www.cij.gov.ar\/nota-15730-Se-llev--a-cabo-un-nuevo-encuentro-del-Sistema-de-Control-Judicial-de-C-rceles.html#showfotos\">Sistema de Coordena\u00e7\u00e3o e Acompanhamento de Controle Policial de Unidades Prisionais<\/a>, uma iniciativa interinstitucional integrado por ju\u00edzes, representantes da Procura\u00e7\u00e3o Geral da Na\u00e7\u00e3o e da Defensoria Geral, entre outros atores.<\/p>\n<p style=\"text-align: justify;\">O representante do ACNUDH tamb\u00e9m realizou reuni\u00f5es com a parlamentar Juliana di Tullio, e o Coordenador Residente do Sistema das Na\u00e7\u00f5es Unidas na Argentina, junto com outros funcion\u00e1rios da ONU no pa\u00eds.<\/p>\n<p style=\"text-align: justify;\">FIM<\/p>\n<p style=\"text-align: justify;\">*Fotos: <a href=\"https:\/\/www.facebook.com\/onudh\/posts\/871853476209936\">https:\/\/www.facebook.com\/onudh\/posts\/871853476209936<\/a><\/p>\n<p style=\"text-align: justify;\">.<\/p>\n<p style=\"text-align: justify;\"><strong>ONU Direitos Humanos, acompanhe nossas redes sociales:<\/strong><\/p>\n<p style=\"text-align: justify;\"><strong>Facebook<\/strong>:\u00a0<a href=\"http:\/\/www.facebook.com\/ONUdh\">www.facebook.com\/ONUdh<\/a><\/p>\n<p style=\"text-align: justify;\"><strong>Twitter<\/strong>:\u00a0<a href=\"http:\/\/www.twitter.com\/ONU_derechos\">www.twitter.com\/ONU_derechos<\/a><\/p>\n<p style=\"text-align: justify;\"><strong>YouTube<\/strong>:\u00a0<a href=\"http:\/\/www.youtube.com\/onuderechos\">www.youtube.com\/onuderechos<\/a><\/p>\n<p style=\"text-align: justify;\"><strong>Flickr<\/strong>:\u00a0<a href=\"http:\/\/www.flickr.com\/onuderechos\/\">http:\/\/www.flickr.com\/onuderechos\/<\/a><\/p>\n","protected":false},"excerpt":{"rendered":"<p>SANTIAGO\/BUENOS AIRES (23 de abril de 2015) &#8211; Em miss\u00e3o na Argentina, o Representante Regional para Am\u00e9rica do Sul do Alto Comissariado das Na\u00e7\u00f5es Unidas para os Direitos Humanos (ACNUDH), Amerigo Incalcaterra, participou em diversas reuni\u00f5es e atividades entre 20 e 22 de abril de 2015. Incalcaterra fazia parte de um grupo de trabalho organizado [&hellip;]<\/p>\n","protected":false},"author":1,"featured_media":0,"comment_status":"closed","ping_status":"closed","sticky":false,"template":"","format":"standard","meta":{"_uag_custom_page_level_css":"","site-sidebar-layout":"default","site-content-layout":"","ast-site-content-layout":"","site-content-style":"default","site-sidebar-style":"default","ast-global-header-display":"","ast-banner-title-visibility":"","ast-main-header-display":"","ast-hfb-above-header-display":"","ast-hfb-below-header-display":"","ast-hfb-mobile-header-display":"","site-post-title":"","ast-breadcrumbs-content":"","ast-featured-img":"","footer-sml-layout":"","theme-transparent-header-meta":"","adv-header-id-meta":"","stick-header-meta":"","header-above-stick-meta":"","header-main-stick-meta":"","header-below-stick-meta":"","astra-migrate-meta-layouts":"default","ast-page-background-enabled":"default","ast-page-background-meta":{"desktop":{"background-color":"","background-image":"","background-repeat":"repeat","background-position":"center center","background-size":"auto","background-attachment":"scroll","background-type":"","background-media":"","overlay-type":"","overlay-color":"","overlay-opacity":"","overlay-gradient":""},"tablet":{"background-color":"","background-image":"","background-repeat":"repeat","background-position":"center center","background-size":"auto","background-attachment":"scroll","background-type":"","background-media":"","overlay-type":"","overlay-color":"","overlay-opacity":"","overlay-gradient":""},"mobile":{"background-color":"","background-image":"","background-repeat":"repeat","background-position":"center center","background-size":"auto","background-attachment":"scroll","background-type":"","background-media":"","overlay-type":"","overlay-color":"","overlay-opacity":"","overlay-gradient":""}},"ast-content-background-meta":{"desktop":{"background-color":"var(--ast-global-color-5)","background-image":"","background-repeat":"repeat","background-position":"center center","background-size":"auto","background-attachment":"scroll","background-type":"","background-media":"","overlay-type":"","overlay-color":"","overlay-opacity":"","overlay-gradient":""},"tablet":{"background-color":"var(--ast-global-color-5)","background-image":"","background-repeat":"repeat","background-position":"center center","background-size":"auto","background-attachment":"scroll","background-type":"","background-media":"","overlay-type":"","overlay-color":"","overlay-opacity":"","overlay-gradient":""},"mobile":{"background-color":"var(--ast-global-color-5)","background-image":"","background-repeat":"repeat","background-position":"center center","background-size":"auto","background-attachment":"scroll","background-type":"","background-media":"","overlay-type":"","overlay-color":"","overlay-opacity":"","overlay-gradient":""}},"footnotes":""},"categories":[52],"tags":[808],"class_list":["post-24218","post","type-post","status-publish","format-standard","hentry","category-nao-categorizado","tag-argentina-pt-br"],"uagb_featured_image_src":{"full":false,"thumbnail":false,"medium":false,"medium_large":false,"large":false,"1536x1536":false,"2048x2048":false},"uagb_author_info":{"display_name":"acnudh","author_link":"https:\/\/acnudh.org\/pt-br\/author\/acnudh\/"},"uagb_comment_info":0,"uagb_excerpt":"SANTIAGO\/BUENOS AIRES (23 de abril de 2015) &#8211; Em miss\u00e3o na Argentina, o Representante Regional para Am\u00e9rica do Sul do Alto Comissariado das Na\u00e7\u00f5es Unidas para os Direitos Humanos (ACNUDH), Amerigo Incalcaterra, participou em diversas reuni\u00f5es e atividades entre 20 e 22 de abril de 2015. Incalcaterra fazia parte de um grupo de trabalho organizado&hellip;","_links":{"self":[{"href":"https:\/\/acnudh.org\/pt-br\/wp-json\/wp\/v2\/posts\/24218","targetHints":{"allow":["GET"]}}],"collection":[{"href":"https:\/\/acnudh.org\/pt-br\/wp-json\/wp\/v2\/posts"}],"about":[{"href":"https:\/\/acnudh.org\/pt-br\/wp-json\/wp\/v2\/types\/post"}],"author":[{"embeddable":true,"href":"https:\/\/acnudh.org\/pt-br\/wp-json\/wp\/v2\/users\/1"}],"replies":[{"embeddable":true,"href":"https:\/\/acnudh.org\/pt-br\/wp-json\/wp\/v2\/comments?post=24218"}],"version-history":[{"count":6,"href":"https:\/\/acnudh.org\/pt-br\/wp-json\/wp\/v2\/posts\/24218\/revisions"}],"predecessor-version":[{"id":24267,"href":"https:\/\/acnudh.org\/pt-br\/wp-json\/wp\/v2\/posts\/24218\/revisions\/24267"}],"wp:attachment":[{"href":"https:\/\/acnudh.org\/pt-br\/wp-json\/wp\/v2\/media?parent=24218"}],"wp:term":[{"taxonomy":"category","embeddable":true,"href":"https:\/\/acnudh.org\/pt-br\/wp-json\/wp\/v2\/categories?post=24218"},{"taxonomy":"post_tag","embeddable":true,"href":"https:\/\/acnudh.org\/pt-br\/wp-json\/wp\/v2\/tags?post=24218"}],"curies":[{"name":"wp","href":"https:\/\/api.w.org\/{rel}","templated":true}]}}