{"id":24214,"date":"2015-04-16T18:20:36","date_gmt":"2015-04-16T18:20:36","guid":{"rendered":"http:\/\/acnudh.org\/?p=24214"},"modified":"2015-06-01T19:40:01","modified_gmt":"2015-06-01T19:40:01","slug":"representante-do-acnudh-se-reune-com-autoridades-e-organizacoes-sociais-no-peru","status":"publish","type":"post","link":"https:\/\/acnudh.org\/pt-br\/representante-do-acnudh-se-reune-com-autoridades-e-organizacoes-sociais-no-peru\/","title":{"rendered":"Representante do ACNUDH se re\u00fane com autoridades e organiza\u00e7\u00f5es sociais no Peru"},"content":{"rendered":"<p style=\"text-align: justify;\"><a href=\"http:\/\/acnudh.org\/wp-content\/uploads\/2015\/04\/misi\u00f3n-per\u00fa-e1429279662628-400x1371.jpg\"><img loading=\"lazy\" decoding=\"async\" class=\"alignleft size-thumbnail wp-image-24238\" title=\"Foto: Defensor\u00eda del Pueblo de Per\u00fa \/ ACNUDH Am\u00e9rica del Sur\" src=\"http:\/\/acnudh.org\/wp-content\/uploads\/2015\/04\/misi\u00f3n-per\u00fa-e1429279662628-400x1371-e1433185322721-110x110.jpg\" alt=\"\" width=\"110\" height=\"110\" \/><\/a>SANTIAGO\/LIMA (16 de abril de 2015) &#8211; O Representante para Am\u00e9rica do Sul do Alto Comissariado das Na\u00e7\u00f5es Unidas para os Direitos Humanos (<a href=\"http:\/\/acnudh.org\/\">ACNUDH<\/a>), Amerigo Incalcaterra, fez uma visita ao Peru, de 14 a 16 de abril de 2015, para ter v\u00e1rias reuni\u00f5es e discutir diversas quest\u00f5es de direitos humanos no pa\u00eds.<\/p>\n<p style=\"text-align: justify;\">Incalcaterra se reuniu com o <a href=\"http:\/\/www.mininter.gob.pe\/\">Ministro do Interior,<\/a> Jos\u00e9 Luis P\u00e9rez Guadalupe; com o <a href=\"http:\/\/www.minjus.gob.pe\/\">Ministro da Justi\u00e7a e Direitos Humanos<\/a>, Gustavo Adrianz\u00e9n; e o <a href=\"https:\/\/mef.gob.pe\/index.php?option=com_content&amp;view=article&amp;id=621:vice-ministro-de-hacienda&amp;catid=247&amp;Itemid=100558\">vice-ministro das Finan\u00e7as<\/a>, Carlos Oliva. Ele tamb\u00e9m realizou reuni\u00f5es com o Presidente da Comiss\u00e3o de Direitos Humanos do <a href=\"http:\/\/www.congreso.gob.pe\/\">Congresso do Peru<\/a>, Juan Carlos Eguren, com o presidente da Comiss\u00e3o de Constitui\u00e7\u00e3o e Estatuto Social, Crist\u00f3bal Llatas, e a congressista Marisol P\u00e9rez Tello.<\/p>\n<p style=\"text-align: justify;\">Al\u00e9m disso, o Representante Regional do ACNUDH se reuniu com o <a href=\"http:\/\/www.mpfn.gob.pe\/\">Procurador-Gera<\/a>l, Pablo Sanchez, e o <a href=\"http:\/\/www.defensoria.gob.pe\/\">Defensor do Povo <\/a>do Peru, Eduardo Vega Luna. Durante a miss\u00e3o, Incalcaterra tamb\u00e9m participou de uma sess\u00e3o do Grupo de Trabalho contra a Tortura da Coordenadora Nacional para os Direitos Humanos (<a href=\"http:\/\/derechoshumanos.pe\/\">CNDDHH<\/a>), e se reuniu com a Secret\u00e1ria Executiva da mesma organiza\u00e7\u00e3o da sociedade civil, Rocio Silva Santisteban.<\/p>\n<p style=\"text-align: justify;\">Finalmente, Amerigo Incalcaterra se reuniu com a Coordenadora Residente das <a href=\"http:\/\/onu.org.pe\/\">Na\u00e7\u00f5es<\/a><a href=\"http:\/\/onu.org.pe\/\"> Unidas no pa\u00ed<\/a>s, Maria Luisa Silva.<\/p>\n<p style=\"text-align: justify;\">FIM<\/p>\n<p style=\"text-align: justify;\"><em>Fotos: <\/em><a href=\"https:\/\/www.facebook.com\/onudh\/posts\/868759076519376\"><em>https:\/\/www.facebook.com\/onudh\/posts\/868759076519376<\/em><\/a><em> <\/em><\/p>\n<p style=\"text-align: justify;\"><strong>ONU Direitos Humanos, acompanhe nossas redes sociales:<\/strong><\/p>\n<p style=\"text-align: justify;\"><strong>Facebook<\/strong>:\u00a0<a href=\"http:\/\/www.facebook.com\/ONUdh\">www.facebook.com\/ONUdh<\/a><\/p>\n<p style=\"text-align: justify;\"><strong>Twitter<\/strong>:\u00a0<a href=\"http:\/\/www.twitter.com\/ONU_derechos\">www.twitter.com\/ONU_derechos<\/a><\/p>\n<p style=\"text-align: justify;\"><strong>YouTube<\/strong>:\u00a0<a href=\"http:\/\/www.youtube.com\/onuderechos\">www.youtube.com\/onuderechos<\/a><\/p>\n<p style=\"text-align: justify;\"><strong>Flickr<\/strong>:\u00a0<a href=\"http:\/\/www.flickr.com\/onuderechos\/\">http:\/\/www.flickr.com\/onuderechos\/<\/a><\/p>\n","protected":false},"excerpt":{"rendered":"<p>SANTIAGO\/LIMA (16 de abril de 2015) &#8211; O Representante para Am\u00e9rica do Sul do Alto Comissariado das Na\u00e7\u00f5es Unidas para os Direitos Humanos (ACNUDH), Amerigo Incalcaterra, fez uma visita ao Peru, de 14 a 16 de abril de 2015, para ter v\u00e1rias reuni\u00f5es e discutir diversas quest\u00f5es de direitos humanos no pa\u00eds. Incalcaterra se reuniu [&hellip;]<\/p>\n","protected":false},"author":1,"featured_media":0,"comment_status":"closed","ping_status":"closed","sticky":false,"template":"","format":"standard","meta":{"_uag_custom_page_level_css":"","site-sidebar-layout":"default","site-content-layout":"","ast-site-content-layout":"","site-content-style":"default","site-sidebar-style":"default","ast-global-header-display":"","ast-banner-title-visibility":"","ast-main-header-display":"","ast-hfb-above-header-display":"","ast-hfb-below-header-display":"","ast-hfb-mobile-header-display":"","site-post-title":"","ast-breadcrumbs-content":"","ast-featured-img":"","footer-sml-layout":"","theme-transparent-header-meta":"","adv-header-id-meta":"","stick-header-meta":"","header-above-stick-meta":"","header-main-stick-meta":"","header-below-stick-meta":"","astra-migrate-meta-layouts":"default","ast-page-background-enabled":"default","ast-page-background-meta":{"desktop":{"background-color":"","background-image":"","background-repeat":"repeat","background-position":"center center","background-size":"auto","background-attachment":"scroll","background-type":"","background-media":"","overlay-type":"","overlay-color":"","overlay-opacity":"","overlay-gradient":""},"tablet":{"background-color":"","background-image":"","background-repeat":"repeat","background-position":"center center","background-size":"auto","background-attachment":"scroll","background-type":"","background-media":"","overlay-type":"","overlay-color":"","overlay-opacity":"","overlay-gradient":""},"mobile":{"background-color":"","background-image":"","background-repeat":"repeat","background-position":"center center","background-size":"auto","background-attachment":"scroll","background-type":"","background-media":"","overlay-type":"","overlay-color":"","overlay-opacity":"","overlay-gradient":""}},"ast-content-background-meta":{"desktop":{"background-color":"var(--ast-global-color-5)","background-image":"","background-repeat":"repeat","background-position":"center center","background-size":"auto","background-attachment":"scroll","background-type":"","background-media":"","overlay-type":"","overlay-color":"","overlay-opacity":"","overlay-gradient":""},"tablet":{"background-color":"var(--ast-global-color-5)","background-image":"","background-repeat":"repeat","background-position":"center center","background-size":"auto","background-attachment":"scroll","background-type":"","background-media":"","overlay-type":"","overlay-color":"","overlay-opacity":"","overlay-gradient":""},"mobile":{"background-color":"var(--ast-global-color-5)","background-image":"","background-repeat":"repeat","background-position":"center center","background-size":"auto","background-attachment":"scroll","background-type":"","background-media":"","overlay-type":"","overlay-color":"","overlay-opacity":"","overlay-gradient":""}},"footnotes":""},"categories":[52],"tags":[814],"class_list":["post-24214","post","type-post","status-publish","format-standard","hentry","category-nao-categorizado","tag-peru-pt-br"],"uagb_featured_image_src":{"full":false,"thumbnail":false,"medium":false,"medium_large":false,"large":false,"1536x1536":false,"2048x2048":false},"uagb_author_info":{"display_name":"acnudh","author_link":"https:\/\/acnudh.org\/pt-br\/author\/acnudh\/"},"uagb_comment_info":0,"uagb_excerpt":"SANTIAGO\/LIMA (16 de abril de 2015) &#8211; O Representante para Am\u00e9rica do Sul do Alto Comissariado das Na\u00e7\u00f5es Unidas para os Direitos Humanos (ACNUDH), Amerigo Incalcaterra, fez uma visita ao Peru, de 14 a 16 de abril de 2015, para ter v\u00e1rias reuni\u00f5es e discutir diversas quest\u00f5es de direitos humanos no pa\u00eds. Incalcaterra se reuniu&hellip;","_links":{"self":[{"href":"https:\/\/acnudh.org\/pt-br\/wp-json\/wp\/v2\/posts\/24214","targetHints":{"allow":["GET"]}}],"collection":[{"href":"https:\/\/acnudh.org\/pt-br\/wp-json\/wp\/v2\/posts"}],"about":[{"href":"https:\/\/acnudh.org\/pt-br\/wp-json\/wp\/v2\/types\/post"}],"author":[{"embeddable":true,"href":"https:\/\/acnudh.org\/pt-br\/wp-json\/wp\/v2\/users\/1"}],"replies":[{"embeddable":true,"href":"https:\/\/acnudh.org\/pt-br\/wp-json\/wp\/v2\/comments?post=24214"}],"version-history":[{"count":4,"href":"https:\/\/acnudh.org\/pt-br\/wp-json\/wp\/v2\/posts\/24214\/revisions"}],"predecessor-version":[{"id":24266,"href":"https:\/\/acnudh.org\/pt-br\/wp-json\/wp\/v2\/posts\/24214\/revisions\/24266"}],"wp:attachment":[{"href":"https:\/\/acnudh.org\/pt-br\/wp-json\/wp\/v2\/media?parent=24214"}],"wp:term":[{"taxonomy":"category","embeddable":true,"href":"https:\/\/acnudh.org\/pt-br\/wp-json\/wp\/v2\/categories?post=24214"},{"taxonomy":"post_tag","embeddable":true,"href":"https:\/\/acnudh.org\/pt-br\/wp-json\/wp\/v2\/tags?post=24214"}],"curies":[{"name":"wp","href":"https:\/\/api.w.org\/{rel}","templated":true}]}}