{"id":24210,"date":"2015-04-29T15:47:04","date_gmt":"2015-04-29T15:47:04","guid":{"rendered":"http:\/\/acnudh.org\/?p=24210"},"modified":"2015-06-01T19:33:33","modified_gmt":"2015-06-01T19:33:33","slug":"peru-comite-das-nacoes-unidas-sobre-os-direitos-dos-trabalhadores-migrantes-divulga-observacoes-finais","status":"publish","type":"post","link":"https:\/\/acnudh.org\/pt-br\/peru-comite-das-nacoes-unidas-sobre-os-direitos-dos-trabalhadores-migrantes-divulga-observacoes-finais\/","title":{"rendered":"Peru: Comit\u00ea das Na\u00e7\u00f5es Unidas sobre os Direitos dos Trabalhadores Migrantes divulga observa\u00e7\u00f5es finais"},"content":{"rendered":"<p style=\"text-align: justify;\"><a href=\"http:\/\/acnudh.org\/wp-content\/uploads\/2015\/04\/Foto-UN-Multimedia23.jpg\"><img loading=\"lazy\" decoding=\"async\" class=\"alignleft size-thumbnail wp-image-24236\" title=\"Foto: UN Multimedia\" src=\"http:\/\/acnudh.org\/wp-content\/uploads\/2015\/04\/Foto-UN-Multimedia23-e1433184962382-110x110.jpg\" alt=\"\" width=\"110\" height=\"110\" \/><\/a>SANTIAGO\/GENEBRA (29 de abril de 2015) &#8211; O Comit\u00ea das Na\u00e7\u00f5es Unidas para a Prote\u00e7\u00e3o dos Direitos dos Trabalhadores Migrantes (<a href=\"http:\/\/www.ohchr.org\/EN\/HRBodies\/CMW\/Pages\/CMWIndex.aspx\">CMW<\/a>, por sua sigla em ingl\u00eas) divulgou nesta ter\u00e7a-feira 28 de abril suas observa\u00e7\u00f5es finais seguindo o relat\u00f3rio do Peru sobre a implementa\u00e7\u00e3o no pa\u00eds da <a href=\"http:\/\/acnudh.org\/wp-content\/uploads\/2014\/10\/CoreTreatiessp.187-233.pdf\">Conven\u00e7\u00e3o sobre a Prote\u00e7\u00e3o de Todos os Trabalhadores Migrantes e dos Membros das suas Fam\u00edlias.<\/a><\/p>\n<p style=\"text-align: justify;\">O relat\u00f3rio do Peru est\u00e1 dispon\u00edvel no seguinte link: <a href=\"http:\/\/tbinternet.ohchr.org\/_layouts\/treatybodyexternal\/Download.aspx?symbolno=CMW%2fC%2fPER%2fCO%2f1&amp;Lang=en\">http:\/\/tbinternet.ohchr.org\/_layouts\/treatybodyexternal\/Download.aspx?symbolno=CMW%2fC%2fPER%2fCO%2f1&amp;Lang=en<\/a><\/p>\n<p style=\"text-align: justify;\">As observa\u00e7\u00f5es decorrem da an\u00e1lise do relat\u00f3rio inicial do Peru perante o Comit\u00ea CMW, cujo <a href=\"http:\/\/acnudh.org\/2015\/04\/comite-sobre-derechos-de-trabajadores-migratorios-reviso-a-peru\/\">di\u00e1logo interativo<\/a> ocorreu em 14 e 15 de abril de 2015. Durante a reuni\u00e3o, membros do Comit\u00ea CMW conversaram com autoridades peruanas sobre v\u00e1rios temas relacionados com a situa\u00e7\u00e3o da migra\u00e7\u00e3o no pa\u00eds. A sess\u00e3o foi presidida pelo Presidente do Comit\u00ea CMW, Francisco Carrion Mena.<\/p>\n<p style=\"text-align: justify;\">A Delega\u00e7\u00e3o do Peru foi chefiada pelo Embaixador e Representante Permanente do Peru junto ao Escrit\u00f3rio das Na\u00e7\u00f5es Unidas em Genebra, Luis Enrique Ch\u00e1vez Basagoitia, e incluiu representantes do Minist\u00e9rio das Rela\u00e7\u00f5es Exteriores do Peru, do Gabinete do Superintendente Nacional de Imigra\u00e7\u00e3o e o Tribunal Supremo.<\/p>\n<p style=\"text-align: justify;\">Peru \u00e9 um dos 47 Estados-Partes na Conven\u00e7\u00e3o Internacional sobre a Prote\u00e7\u00e3o dos Direitos de Todos os Trabalhadores Migrantes e dos Membros das suas Fam\u00edlias, e, como tal, ser\u00e1 obrigado a apresentar relat\u00f3rios peri\u00f3dicos ao Comit\u00ea sobre os Direitos dos Trabalhadores Migrantes.<\/p>\n<p style=\"text-align: justify;\">FIM<\/p>\n<p style=\"text-align: justify;\">P\u00e1gina pa\u00eds &#8211; Peru: <a href=\"\/?page_id=1905\">http:\/\/acnudh.org\/paises\/peru\/<\/a><\/p>\n<p style=\"text-align: justify;\">Para mais informa\u00e7\u00f5es ou m\u00eddia solicita\u00e7\u00f5es, entre em contato com Liz Throssell: <a href=\"mailto:ethrossell@ohchr.org\">ethrossell@ohchr.org<\/a> \/ 41 22 917 9466\/41 79 752 0488<\/p>\n<p style=\"text-align: justify;\">\n<p style=\"text-align: justify;\"><strong>ONU Direitos Humanos, acompanhe nossas redes sociales:<\/strong><\/p>\n<p style=\"text-align: justify;\"><strong>Facebook<\/strong>:\u00a0<a href=\"http:\/\/www.facebook.com\/ONUdh\">www.facebook.com\/ONUdh<\/a><\/p>\n<p style=\"text-align: justify;\"><strong>Twitter<\/strong>:\u00a0<a href=\"http:\/\/www.twitter.com\/ONU_derechos\">www.twitter.com\/ONU_derechos<\/a><\/p>\n<p style=\"text-align: justify;\"><strong>YouTube<\/strong>:\u00a0<a href=\"http:\/\/www.youtube.com\/onuderechos\">www.youtube.com\/onuderechos<\/a><\/p>\n<p style=\"text-align: justify;\"><strong>Flickr<\/strong>:\u00a0<a href=\"http:\/\/www.flickr.com\/onuderechos\/\">http:\/\/www.flickr.com\/onuderechos\/<\/a><\/p>\n","protected":false},"excerpt":{"rendered":"<p>SANTIAGO\/GENEBRA (29 de abril de 2015) &#8211; O Comit\u00ea das Na\u00e7\u00f5es Unidas para a Prote\u00e7\u00e3o dos Direitos dos Trabalhadores Migrantes (CMW, por sua sigla em ingl\u00eas) divulgou nesta ter\u00e7a-feira 28 de abril suas observa\u00e7\u00f5es finais seguindo o relat\u00f3rio do Peru sobre a implementa\u00e7\u00e3o no pa\u00eds da Conven\u00e7\u00e3o sobre a Prote\u00e7\u00e3o de Todos os Trabalhadores Migrantes [&hellip;]<\/p>\n","protected":false},"author":1,"featured_media":0,"comment_status":"closed","ping_status":"closed","sticky":false,"template":"","format":"standard","meta":{"_uag_custom_page_level_css":"","site-sidebar-layout":"default","site-content-layout":"","ast-site-content-layout":"","site-content-style":"default","site-sidebar-style":"default","ast-global-header-display":"","ast-banner-title-visibility":"","ast-main-header-display":"","ast-hfb-above-header-display":"","ast-hfb-below-header-display":"","ast-hfb-mobile-header-display":"","site-post-title":"","ast-breadcrumbs-content":"","ast-featured-img":"","footer-sml-layout":"","theme-transparent-header-meta":"","adv-header-id-meta":"","stick-header-meta":"","header-above-stick-meta":"","header-main-stick-meta":"","header-below-stick-meta":"","astra-migrate-meta-layouts":"default","ast-page-background-enabled":"default","ast-page-background-meta":{"desktop":{"background-color":"","background-image":"","background-repeat":"repeat","background-position":"center center","background-size":"auto","background-attachment":"scroll","background-type":"","background-media":"","overlay-type":"","overlay-color":"","overlay-opacity":"","overlay-gradient":""},"tablet":{"background-color":"","background-image":"","background-repeat":"repeat","background-position":"center center","background-size":"auto","background-attachment":"scroll","background-type":"","background-media":"","overlay-type":"","overlay-color":"","overlay-opacity":"","overlay-gradient":""},"mobile":{"background-color":"","background-image":"","background-repeat":"repeat","background-position":"center center","background-size":"auto","background-attachment":"scroll","background-type":"","background-media":"","overlay-type":"","overlay-color":"","overlay-opacity":"","overlay-gradient":""}},"ast-content-background-meta":{"desktop":{"background-color":"var(--ast-global-color-5)","background-image":"","background-repeat":"repeat","background-position":"center center","background-size":"auto","background-attachment":"scroll","background-type":"","background-media":"","overlay-type":"","overlay-color":"","overlay-opacity":"","overlay-gradient":""},"tablet":{"background-color":"var(--ast-global-color-5)","background-image":"","background-repeat":"repeat","background-position":"center center","background-size":"auto","background-attachment":"scroll","background-type":"","background-media":"","overlay-type":"","overlay-color":"","overlay-opacity":"","overlay-gradient":""},"mobile":{"background-color":"var(--ast-global-color-5)","background-image":"","background-repeat":"repeat","background-position":"center center","background-size":"auto","background-attachment":"scroll","background-type":"","background-media":"","overlay-type":"","overlay-color":"","overlay-opacity":"","overlay-gradient":""}},"footnotes":""},"categories":[52],"tags":[814],"class_list":["post-24210","post","type-post","status-publish","format-standard","hentry","category-nao-categorizado","tag-peru-pt-br"],"uagb_featured_image_src":{"full":false,"thumbnail":false,"medium":false,"medium_large":false,"large":false,"1536x1536":false,"2048x2048":false},"uagb_author_info":{"display_name":"acnudh","author_link":"https:\/\/acnudh.org\/pt-br\/author\/acnudh\/"},"uagb_comment_info":0,"uagb_excerpt":"SANTIAGO\/GENEBRA (29 de abril de 2015) &#8211; O Comit\u00ea das Na\u00e7\u00f5es Unidas para a Prote\u00e7\u00e3o dos Direitos dos Trabalhadores Migrantes (CMW, por sua sigla em ingl\u00eas) divulgou nesta ter\u00e7a-feira 28 de abril suas observa\u00e7\u00f5es finais seguindo o relat\u00f3rio do Peru sobre a implementa\u00e7\u00e3o no pa\u00eds da Conven\u00e7\u00e3o sobre a Prote\u00e7\u00e3o de Todos os Trabalhadores Migrantes&hellip;","_links":{"self":[{"href":"https:\/\/acnudh.org\/pt-br\/wp-json\/wp\/v2\/posts\/24210","targetHints":{"allow":["GET"]}}],"collection":[{"href":"https:\/\/acnudh.org\/pt-br\/wp-json\/wp\/v2\/posts"}],"about":[{"href":"https:\/\/acnudh.org\/pt-br\/wp-json\/wp\/v2\/types\/post"}],"author":[{"embeddable":true,"href":"https:\/\/acnudh.org\/pt-br\/wp-json\/wp\/v2\/users\/1"}],"replies":[{"embeddable":true,"href":"https:\/\/acnudh.org\/pt-br\/wp-json\/wp\/v2\/comments?post=24210"}],"version-history":[{"count":4,"href":"https:\/\/acnudh.org\/pt-br\/wp-json\/wp\/v2\/posts\/24210\/revisions"}],"predecessor-version":[{"id":24262,"href":"https:\/\/acnudh.org\/pt-br\/wp-json\/wp\/v2\/posts\/24210\/revisions\/24262"}],"wp:attachment":[{"href":"https:\/\/acnudh.org\/pt-br\/wp-json\/wp\/v2\/media?parent=24210"}],"wp:term":[{"taxonomy":"category","embeddable":true,"href":"https:\/\/acnudh.org\/pt-br\/wp-json\/wp\/v2\/categories?post=24210"},{"taxonomy":"post_tag","embeddable":true,"href":"https:\/\/acnudh.org\/pt-br\/wp-json\/wp\/v2\/tags?post=24210"}],"curies":[{"name":"wp","href":"https:\/\/api.w.org\/{rel}","templated":true}]}}