{"id":24193,"date":"2015-04-30T15:00:27","date_gmt":"2015-04-30T15:00:27","guid":{"rendered":"http:\/\/acnudh.org\/?p=24193"},"modified":"2015-09-16T13:31:25","modified_gmt":"2015-09-16T13:31:25","slug":"atividades-no-peru-oficinas-sobre-violencia-contra-as-mulheres-e-pessoas-com-deficiencia","status":"publish","type":"post","link":"https:\/\/acnudh.org\/pt-br\/atividades-no-peru-oficinas-sobre-violencia-contra-as-mulheres-e-pessoas-com-deficiencia\/","title":{"rendered":"Atividades no Peru: oficinas sobre viol\u00eancia contra as mulheres e pessoas com defici\u00eancia"},"content":{"rendered":"<p style=\"text-align: justify;\"><a href=\"http:\/\/acnudh.org\/wp-content\/uploads\/2015\/04\/Foto-UN-Multimedia2331.jpg\"><img loading=\"lazy\" decoding=\"async\" class=\"alignleft size-thumbnail wp-image-24241\" title=\"Foto: ACNUDH Am\u00e9rica del Sur\" src=\"http:\/\/acnudh.org\/wp-content\/uploads\/2015\/04\/Foto-UN-Multimedia2331-e1433185496143-110x110.jpg\" alt=\"\" width=\"110\" height=\"110\" \/><\/a>SANTIAGO (30 de abril de 2015) &#8211; O Escrit\u00f3rio Regional para Am\u00e9rica do Sul do Alto Comissariado das Na\u00e7\u00f5es Unidas para os Direitos Humanos (<a href=\"http:\/\/acnudh.org\/\">ACNUDH<\/a>) participou de atividades de direitos humanos nesta semana em Lima, Peru.<\/p>\n<p style=\"text-align: justify;\">Na ter\u00e7a-feira 28 de abril, os escrit\u00f3rios do <a href=\"http:\/\/www.oacnudh.org\/\">ACNUDH <\/a>para Am\u00e9rica Central e Am\u00e9rica do Sul organizaram um semin\u00e1rio sobre o <a href=\"http:\/\/acnudh.org\/wp-content\/uploads\/2014\/08\/Modelo_de_Protocolo.pdf\">modelo de protocolo<\/a> latino-americano para a investiga\u00e7\u00e3o das mortes violentas de mulheres em raz\u00e3o de g\u00eanero (femic\u00eddio\/feminic\u00eddio), em parceria com o <a href=\"http:\/\/www.mimp.gob.pe\/\">Minist\u00e9rio da Mulher e Popula\u00e7\u00f5es Vulner\u00e1veis <\/a>\u200b\u200be do <a href=\"http:\/\/www.mpfn.gob.pe\/\">Minist\u00e9rio P\u00fablico <\/a>do Peru, al\u00e9m da Ag\u00eancia Espanhola de Coopera\u00e7\u00e3o Internacional e Desenvolvimento (<a href=\"http:\/\/www.aecid.pe\/\">AECID<\/a>).<\/p>\n<p style=\"text-align: justify;\">Durante o evento para oficiais de justi\u00e7a e funcion\u00e1rios do Minist\u00e9rio da Mulher do Peru, foram apresentados detalhes do modelo de protocolo, ferramenta desenvolvida pelo ACNUDH e a ONU Mulheres. Atrav\u00e9s de recomenda\u00e7\u00f5es concretas para os Estados, visa refor\u00e7ar os mecanismos respons\u00e1veis \u200b\u200bpela preven\u00e7\u00e3o investigar e punir esses crimes contra as mulheres, al\u00e9m de compensar as v\u00edtimas ou seus familiares.<\/p>\n<p style=\"text-align: justify;\">\n<p style=\"text-align: justify;\">O semin\u00e1rio contou com a presen\u00e7a da Representante Regional do ACNUDH para Am\u00e9rica Central, Carmen Rosa Villa. Tamb\u00e9m conduziu a oficina Gallianne Palayret, oficial de direitos humanos do ACNUDH para a Am\u00e9rica do Sul, e por representantes do Minist\u00e9rio da Mulher, do Minist\u00e9rio P\u00fablico e da Pol\u00edcia Nacional do Peru.<\/p>\n<p style=\"text-align: justify;\"><strong>Congresso: oficina sobre direitos humanos e defici\u00eancia<\/strong><\/p>\n<p style=\"text-align: justify;\">Na quarta-feira 29 de abril, o Escrit\u00f3rio Regional do ACNUDH tamb\u00e9m organizou um semin\u00e1rio sobre os direitos das pessoas com defici\u00eancia no sistema das Na\u00e7\u00f5es Unidas, destinado a conselheiros parlamentares, comit\u00eas e funcion\u00e1rios do <a href=\"http:\/\/www.congreso.gob.pe\/\">Congresso<\/a>, al\u00e9m de representantes da sociedade civil.<\/p>\n<p style=\"text-align: justify;\">Durante o evento, realizado no Congresso do Peru, os participantes aprenderam sobre as principais normas das Na\u00e7\u00f5es Unidas sobre os direitos das pessoas com defici\u00eancia, especialmente \u00e0 luz dos conceitos de igualdade e n\u00e3o-discrimina\u00e7\u00e3o. Tamb\u00e9m foram revisadas a jurisprud\u00eancia relevante do sistema da ONU, bem como alguns marcos nacionais para implementar estas normas que protegem os direitos das pessoas com defici\u00eancia.<\/p>\n<p style=\"text-align: justify;\">O semin\u00e1rio foi conduzido pelas especialistas em direitos humanos do ACNUDH, Gallianne Palayret e Lizbeth Velez, e foi inaugurado pelo congressista Jhon Reynaga, presidente da Comiss\u00e3o Especial de Revis\u00e3o do C\u00f3digo Civil sobre o exerc\u00edcio da capacidade jur\u00eddica da pessoa com defici\u00eancia.<\/p>\n<p style=\"text-align: justify;\">FIM<\/p>\n<p style=\"text-align: justify;\">*Fotos: <a href=\"https:\/\/www.facebook.com\/onudh\/posts\/875548309173786\">https:\/\/www.facebook.com\/onudh\/posts\/875548309173786<\/a><\/p>\n<p style=\"text-align: justify;\">\n<p style=\"text-align: justify;\"><strong>ONU Direitos Humanos, acompanhe nossas redes sociales:<\/strong><\/p>\n<p style=\"text-align: justify;\"><strong>Facebook<\/strong>:\u00a0<a href=\"http:\/\/www.facebook.com\/ONUdh\">www.facebook.com\/ONUdh<\/a><\/p>\n<p style=\"text-align: justify;\"><strong>Twitter<\/strong>:\u00a0<a href=\"http:\/\/www.twitter.com\/ONU_derechos\">www.twitter.com\/ONU_derechos<\/a><\/p>\n<p style=\"text-align: justify;\"><strong>YouTube<\/strong>:\u00a0<a href=\"http:\/\/www.youtube.com\/onuderechos\">www.youtube.com\/onuderechos<\/a><\/p>\n<p style=\"text-align: justify;\"><strong>Flickr<\/strong>:\u00a0<a href=\"http:\/\/www.flickr.com\/onuderechos\/\">http:\/\/www.flickr.com\/onuderechos\/<\/a><\/p>\n","protected":false},"excerpt":{"rendered":"<p>Juntamente com o Minist\u00e9rio da Mulher, o Minist\u00e9rio P\u00fablico e o Congresso Nacional<\/p>\n","protected":false},"author":1,"featured_media":0,"comment_status":"closed","ping_status":"closed","sticky":false,"template":"","format":"standard","meta":{"_uag_custom_page_level_css":"","site-sidebar-layout":"default","site-content-layout":"","ast-site-content-layout":"","site-content-style":"default","site-sidebar-style":"default","ast-global-header-display":"","ast-banner-title-visibility":"","ast-main-header-display":"","ast-hfb-above-header-display":"","ast-hfb-below-header-display":"","ast-hfb-mobile-header-display":"","site-post-title":"","ast-breadcrumbs-content":"","ast-featured-img":"","footer-sml-layout":"","theme-transparent-header-meta":"","adv-header-id-meta":"","stick-header-meta":"","header-above-stick-meta":"","header-main-stick-meta":"","header-below-stick-meta":"","astra-migrate-meta-layouts":"default","ast-page-background-enabled":"default","ast-page-background-meta":{"desktop":{"background-color":"","background-image":"","background-repeat":"repeat","background-position":"center center","background-size":"auto","background-attachment":"scroll","background-type":"","background-media":"","overlay-type":"","overlay-color":"","overlay-opacity":"","overlay-gradient":""},"tablet":{"background-color":"","background-image":"","background-repeat":"repeat","background-position":"center center","background-size":"auto","background-attachment":"scroll","background-type":"","background-media":"","overlay-type":"","overlay-color":"","overlay-opacity":"","overlay-gradient":""},"mobile":{"background-color":"","background-image":"","background-repeat":"repeat","background-position":"center center","background-size":"auto","background-attachment":"scroll","background-type":"","background-media":"","overlay-type":"","overlay-color":"","overlay-opacity":"","overlay-gradient":""}},"ast-content-background-meta":{"desktop":{"background-color":"var(--ast-global-color-5)","background-image":"","background-repeat":"repeat","background-position":"center center","background-size":"auto","background-attachment":"scroll","background-type":"","background-media":"","overlay-type":"","overlay-color":"","overlay-opacity":"","overlay-gradient":""},"tablet":{"background-color":"var(--ast-global-color-5)","background-image":"","background-repeat":"repeat","background-position":"center center","background-size":"auto","background-attachment":"scroll","background-type":"","background-media":"","overlay-type":"","overlay-color":"","overlay-opacity":"","overlay-gradient":""},"mobile":{"background-color":"var(--ast-global-color-5)","background-image":"","background-repeat":"repeat","background-position":"center center","background-size":"auto","background-attachment":"scroll","background-type":"","background-media":"","overlay-type":"","overlay-color":"","overlay-opacity":"","overlay-gradient":""}},"footnotes":""},"categories":[52],"tags":[814],"class_list":["post-24193","post","type-post","status-publish","format-standard","hentry","category-nao-categorizado","tag-peru-pt-br"],"uagb_featured_image_src":{"full":false,"thumbnail":false,"medium":false,"medium_large":false,"large":false,"1536x1536":false,"2048x2048":false},"uagb_author_info":{"display_name":"acnudh","author_link":"https:\/\/acnudh.org\/pt-br\/author\/acnudh\/"},"uagb_comment_info":0,"uagb_excerpt":"Juntamente com o Minist\u00e9rio da Mulher, o Minist\u00e9rio P\u00fablico e o Congresso Nacional","_links":{"self":[{"href":"https:\/\/acnudh.org\/pt-br\/wp-json\/wp\/v2\/posts\/24193","targetHints":{"allow":["GET"]}}],"collection":[{"href":"https:\/\/acnudh.org\/pt-br\/wp-json\/wp\/v2\/posts"}],"about":[{"href":"https:\/\/acnudh.org\/pt-br\/wp-json\/wp\/v2\/types\/post"}],"author":[{"embeddable":true,"href":"https:\/\/acnudh.org\/pt-br\/wp-json\/wp\/v2\/users\/1"}],"replies":[{"embeddable":true,"href":"https:\/\/acnudh.org\/pt-br\/wp-json\/wp\/v2\/comments?post=24193"}],"version-history":[{"count":13,"href":"https:\/\/acnudh.org\/pt-br\/wp-json\/wp\/v2\/posts\/24193\/revisions"}],"predecessor-version":[{"id":25799,"href":"https:\/\/acnudh.org\/pt-br\/wp-json\/wp\/v2\/posts\/24193\/revisions\/25799"}],"wp:attachment":[{"href":"https:\/\/acnudh.org\/pt-br\/wp-json\/wp\/v2\/media?parent=24193"}],"wp:term":[{"taxonomy":"category","embeddable":true,"href":"https:\/\/acnudh.org\/pt-br\/wp-json\/wp\/v2\/categories?post=24193"},{"taxonomy":"post_tag","embeddable":true,"href":"https:\/\/acnudh.org\/pt-br\/wp-json\/wp\/v2\/tags?post=24193"}],"curies":[{"name":"wp","href":"https:\/\/api.w.org\/{rel}","templated":true}]}}