{"id":20517,"date":"2014-05-16T12:59:44","date_gmt":"2014-05-16T12:59:44","guid":{"rendered":"http:\/\/acnudh.org\/?p=20517"},"modified":"2014-06-03T17:12:29","modified_gmt":"2014-06-03T17:12:29","slug":"brasil-representante-da-onu-se-reune-com-autoridades-e-organizacoes-de-direitos-humanos-da-sociedade-civil","status":"publish","type":"post","link":"https:\/\/acnudh.org\/pt-br\/brasil-representante-da-onu-se-reune-com-autoridades-e-organizacoes-de-direitos-humanos-da-sociedade-civil\/","title":{"rendered":"Brasil: Representante da ONU se re\u00fane com autoridades e organiza\u00e7\u00f5es da sociedade civil"},"content":{"rendered":"<h1><span style=\"font-size: 13px; font-weight: normal;\"><a href=\"http:\/\/acnudh.org\/wp-content\/uploads\/2014\/05\/ONU-na-CDH-Senado-4s1.jpg\"><img loading=\"lazy\" decoding=\"async\" class=\"aligncenter size-medium wp-image-20561\" title=\"Cr\u00e9dito fotos: Acervo CDH Senado\" src=\"http:\/\/acnudh.org\/wp-content\/uploads\/2014\/05\/ONU-na-CDH-Senado-4s1-e1400533160718-400x137.jpg\" alt=\"\" width=\"400\" height=\"137\" \/><\/a><\/span><span style=\"font-size: 13px; font-weight: normal;\">RIO DE JANEIRO (16 de maio de 2014) &#8211; O representante regional do escrit\u00f3rio de direitos humanos das Na\u00e7\u00f5es Unidas para a Am\u00e9rica do Sul, Amerigo Incalcaterra, se reuniu desde segunda-feira <\/span><span style=\"font-size: 13px; font-weight: normal;\">(12) com autoridades em Brasilia e no Rio de Janeiro para abordar temas como a resposta \u00e0s crescentes manifesta\u00e7\u00f5es em todo o pa\u00eds, a situa\u00e7\u00e3o carcer\u00e1ria, a investiga\u00e7\u00e3o sobre a recente morte do coronel Malh\u00e3es \u2013 que havia testemunhado diante da Comiss\u00e3o Nacional da Verdade um m\u00eas antes \u2013 e as unidades de pacifica\u00e7\u00e3o no Rio (UPPs). Ele tamb\u00e9m se reuniu com organiza\u00e7\u00f5es da sociedade civil.<\/span><\/h1>\n<div>\n<p>Incalcaterra afirmou que seu escrit\u00f3rio regional vem recebendo den\u00fancias recentes de viola\u00e7\u00f5es de direitos humanos, vinculadas principalmente ao uso excessivo de for\u00e7a nas manifesta\u00e7\u00f5es de rua, por meio das for\u00e7as de seguran\u00e7a, \u00e0 situa\u00e7\u00e3o dos defensores de direitos humanos e ao sistema carcer\u00e1rio.<\/p>\n<p>\u201cEm menos de um m\u00eas, o Brasil abre suas portas ao mundo. A comunidade internacional est\u00e1 olhando para o pa\u00eds, n\u00e3o apenas esperando por um evento esportivo mas tamb\u00e9m observando como responde aos desafios que imp\u00f5e uma democracia vibrante como a brasileira\u201d, disse Incalcaterra. \u201c\u00c9 uma oportunidade que tem o pa\u00eds para privilegiar o di\u00e1logo e n\u00e3o a repress\u00e3o na busca por solu\u00e7\u00f5es para as leg\u00edtimas reivindica\u00e7\u00f5es da cidadania\u201d, acrescentou o representante da ONU.<\/p>\n<p>No encontro com as organiza\u00e7\u00f5es da sociedade civil no Rio de Janeiro, elas demonstraram preocupa\u00e7\u00e3o com o que est\u00e1 acontecendo no pa\u00eds em mat\u00e9ria de direitos humanos \u2013 principalmente no contexto da Copa do Mundo e da intensifica\u00e7\u00e3o das manifesta\u00e7\u00f5es. Tamb\u00e9m destacaram que os dados oficiais sobre os chamados \u201cautos de resist\u00eancia\u201d \u2013 mortes ou les\u00f5es decorrentes de opera\u00e7\u00f5es policiais ou confrontos com a pol\u00edcia \u2013 demonstram um aumento neste tipo de ocorr\u00eancia, este ano.<\/p>\n<p>Por sua parte, o Mecanismo Estadual de Preven\u00e7\u00e3o e Combate \u00e0 Tortura destacou a superlota\u00e7\u00e3o carcer\u00e1ria, persist\u00eancia da pr\u00e1tica da tortura e de pris\u00f5es arbitr\u00e1rias em diversas institui\u00e7\u00f5es de seguran\u00e7a no Rio de Janeiro, bem como durante o transporte regular de presidi\u00e1rios. Este mecanismo estadual enfrenta severas dificuldades de financiamento, devido \u00e0 n\u00e3o libera\u00e7\u00e3o dos recursos por parte da Assembleia Legislativa do Estado do Rio de Janeiro (ALERJ).<\/p>\n<p>A viol\u00eancia crescente em \u00e1reas de favelas do Rio de Janeiro \u2013 com ou sem UPP \u2013 tamb\u00e9m foi um dos temas abordados pelas organiza\u00e7\u00f5es. Elas apontaram que em algumas favelas a rela\u00e7\u00e3o dos moradores com as for\u00e7as de seguran\u00e7a est\u00e1 deteriorada, principalmente devido aos epis\u00f3dios cont\u00ednuos de viol\u00eancia policial e \u00e0 corrup\u00e7\u00e3o dentro da Pol\u00edcia Militar. Outra reclama\u00e7\u00e3o da sociedade civil \u00e9 a falta de informa\u00e7\u00e3o do governo estadual sobre o principal programa de pol\u00edcia comunit\u00e1ria, as UPPs.<\/p>\n<p>As autoridades estaduais destacaram v\u00e1rios esfor\u00e7os por parte do governo para a forma\u00e7\u00e3o da pol\u00edcia estadual em mat\u00e9ria de direitos humanos, assim como o monitoramento da a\u00e7\u00e3o policial no contexto dos protestos. Apesar dos esfor\u00e7os, o representante destacou a necessidade de dialogar com as pessoas reivindicam direitos sociais, bem como a necessidade de revisar os protocolos de atua\u00e7\u00e3o policial \u00e0 luz dos padr\u00f5es de direitos humanos. Para este fim, o representante ofereceu o apoio t\u00e9cnico de seu escrit\u00f3rio.<\/p>\n<p>Sobre a pacifica\u00e7\u00e3o de favelas, o representante da ONU reconheceu os esfor\u00e7os realizados pelo Estado para promover a seguran\u00e7a dos moradores e inclu\u00ed-los socialmente. No entanto, Incalcaterra ressaltou a necessidade de assegurar uma adequada coordena\u00e7\u00e3o e o fortalecimento dos servi\u00e7os sociais prestados nestas comunidades, assim como a necessidade de prevenir o uso excessivo da for\u00e7a e das armas de fogo por membros das UPPs.<\/p>\n<p>Por fim, o representante da ONU enfatizou a necessidade de que a investiga\u00e7\u00e3o sobre a morte do coronel Malh\u00e3es avance de forma absolutamente transparente e independente, de modo que se possa determinar, em particular, se existe rela\u00e7\u00e3o entre a morte e o testemunho prestado diante da Comiss\u00e3o Nacional da Verdade.<\/p>\n<p style=\"text-align: justify;\">Nesta sexta-feira (16), uma delega\u00e7\u00e3o da ONU visitou a UPP da Mangueira, que atende a uma popula\u00e7\u00e3o de cerca de 20 mil pessoas na zona norte do Rio de Janeiro.<\/p>\n<p><strong>Mais informa\u00e7\u00f5es<\/strong><br \/>\n<em>No Brasil: UNIC Rio \u2014 Gustavo Barreto (unic.brazil@unic.org e 21-98185-0582\/2253-2211)<br \/>\nNo Chile: ACNUDH \u2014 Mar\u00eda Jeannette Moya (moya.consultora@ohchr.org e 56 2 2321-7750)<\/em><\/p>\n<p><em>Com informa\u00e7\u00f5es da ONU Brasil:\u00a0http:\/\/www.onu.org.br\/representante-da-onu-se-reune-com-autoridades-e-organizacoes-de-direitos-humanos-da-sociedade-civil\/<\/em><\/p>\n<\/div>\n","protected":false},"excerpt":{"rendered":"<p>Amerigo Incalcaterra visita Bras\u00edlia e Rio de Janeiro desde 12 de maio.<\/p>\n","protected":false},"author":1,"featured_media":0,"comment_status":"open","ping_status":"open","sticky":false,"template":"","format":"standard","meta":{"_uag_custom_page_level_css":"","site-sidebar-layout":"default","site-content-layout":"","ast-site-content-layout":"","site-content-style":"default","site-sidebar-style":"default","ast-global-header-display":"","ast-banner-title-visibility":"","ast-main-header-display":"","ast-hfb-above-header-display":"","ast-hfb-below-header-display":"","ast-hfb-mobile-header-display":"","site-post-title":"","ast-breadcrumbs-content":"","ast-featured-img":"","footer-sml-layout":"","theme-transparent-header-meta":"","adv-header-id-meta":"","stick-header-meta":"","header-above-stick-meta":"","header-main-stick-meta":"","header-below-stick-meta":"","astra-migrate-meta-layouts":"default","ast-page-background-enabled":"default","ast-page-background-meta":{"desktop":{"background-color":"","background-image":"","background-repeat":"repeat","background-position":"center center","background-size":"auto","background-attachment":"scroll","background-type":"","background-media":"","overlay-type":"","overlay-color":"","overlay-opacity":"","overlay-gradient":""},"tablet":{"background-color":"","background-image":"","background-repeat":"repeat","background-position":"center center","background-size":"auto","background-attachment":"scroll","background-type":"","background-media":"","overlay-type":"","overlay-color":"","overlay-opacity":"","overlay-gradient":""},"mobile":{"background-color":"","background-image":"","background-repeat":"repeat","background-position":"center center","background-size":"auto","background-attachment":"scroll","background-type":"","background-media":"","overlay-type":"","overlay-color":"","overlay-opacity":"","overlay-gradient":""}},"ast-content-background-meta":{"desktop":{"background-color":"var(--ast-global-color-5)","background-image":"","background-repeat":"repeat","background-position":"center center","background-size":"auto","background-attachment":"scroll","background-type":"","background-media":"","overlay-type":"","overlay-color":"","overlay-opacity":"","overlay-gradient":""},"tablet":{"background-color":"var(--ast-global-color-5)","background-image":"","background-repeat":"repeat","background-position":"center center","background-size":"auto","background-attachment":"scroll","background-type":"","background-media":"","overlay-type":"","overlay-color":"","overlay-opacity":"","overlay-gradient":""},"mobile":{"background-color":"var(--ast-global-color-5)","background-image":"","background-repeat":"repeat","background-position":"center center","background-size":"auto","background-attachment":"scroll","background-type":"","background-media":"","overlay-type":"","overlay-color":"","overlay-opacity":"","overlay-gradient":""}},"footnotes":""},"categories":[52],"tags":[],"class_list":["post-20517","post","type-post","status-publish","format-standard","hentry","category-nao-categorizado"],"uagb_featured_image_src":{"full":false,"thumbnail":false,"medium":false,"medium_large":false,"large":false,"1536x1536":false,"2048x2048":false},"uagb_author_info":{"display_name":"acnudh","author_link":"https:\/\/acnudh.org\/pt-br\/author\/acnudh\/"},"uagb_comment_info":0,"uagb_excerpt":"Amerigo Incalcaterra visita Bras\u00edlia e Rio de Janeiro desde 12 de maio.","_links":{"self":[{"href":"https:\/\/acnudh.org\/pt-br\/wp-json\/wp\/v2\/posts\/20517","targetHints":{"allow":["GET"]}}],"collection":[{"href":"https:\/\/acnudh.org\/pt-br\/wp-json\/wp\/v2\/posts"}],"about":[{"href":"https:\/\/acnudh.org\/pt-br\/wp-json\/wp\/v2\/types\/post"}],"author":[{"embeddable":true,"href":"https:\/\/acnudh.org\/pt-br\/wp-json\/wp\/v2\/users\/1"}],"replies":[{"embeddable":true,"href":"https:\/\/acnudh.org\/pt-br\/wp-json\/wp\/v2\/comments?post=20517"}],"version-history":[{"count":5,"href":"https:\/\/acnudh.org\/pt-br\/wp-json\/wp\/v2\/posts\/20517\/revisions"}],"predecessor-version":[{"id":20667,"href":"https:\/\/acnudh.org\/pt-br\/wp-json\/wp\/v2\/posts\/20517\/revisions\/20667"}],"wp:attachment":[{"href":"https:\/\/acnudh.org\/pt-br\/wp-json\/wp\/v2\/media?parent=20517"}],"wp:term":[{"taxonomy":"category","embeddable":true,"href":"https:\/\/acnudh.org\/pt-br\/wp-json\/wp\/v2\/categories?post=20517"},{"taxonomy":"post_tag","embeddable":true,"href":"https:\/\/acnudh.org\/pt-br\/wp-json\/wp\/v2\/tags?post=20517"}],"curies":[{"name":"wp","href":"https:\/\/api.w.org\/{rel}","templated":true}]}}