{"id":17443,"date":"2013-02-11T19:10:14","date_gmt":"2013-02-11T19:10:14","guid":{"rendered":"http:\/\/acnudh.org\/?p=17443"},"modified":"2013-11-29T15:11:35","modified_gmt":"2013-11-29T15:11:35","slug":"academia-judicial-e-acnudh-firmam-projeto-de-capacitacao-sobre-direitos-humanos-para-juizes-no-chile","status":"publish","type":"post","link":"https:\/\/acnudh.org\/pt-br\/academia-judicial-e-acnudh-firmam-projeto-de-capacitacao-sobre-direitos-humanos-para-juizes-no-chile\/","title":{"rendered":"Academia Judicial e ACNUDH firmam projeto de capacita\u00e7\u00e3o sobre direitos humanos para ju\u00edzes no Chile"},"content":{"rendered":"<p><span style=\"font-size: 13px; line-height: 19px;\"><a href=\"http:\/\/acnudh.org\/wp-content\/uploads\/2013\/03\/IMG_2037f.jpg\"><img loading=\"lazy\" decoding=\"async\" class=\"aligncenter size-thumbnail wp-image-17444\" title=\"IMG_2037f\" src=\"http:\/\/acnudh.org\/wp-content\/uploads\/2013\/03\/IMG_2037f-e1363288178989-110x108.jpg\" alt=\"\" width=\"110\" height=\"108\" \/><\/a>(SANTIAGO) \u2013 Nesta sexta-feira (8\/2), a Academia Judicial do \u00a0Chile e o Escrit\u00f3rio Regional para Am\u00e9rica do Sul do Alto Comissariado das Na\u00e7\u00f5es Unidas para os Direitos Humanos (ACNUDH) firmaram uma declara\u00e7\u00e3o de inten\u00e7\u00f5es para fortalecer a sua rela\u00e7\u00e3o institucional em iniciativas para a promo\u00e7\u00e3o e prote\u00e7\u00e3o dos direitos humanos no Poder Judici\u00e1rio.<\/span><\/p>\n<p>Ambas as institui\u00e7\u00f5es se comprometeram a organizar conjuntamente aulas de aperfei\u00e7oamento para ju\u00edzes do pa\u00eds, a ser realizado entre os dias 26 e 30 de agosto de 2013, em Santiago. Enquanto a equipe de especialistas do ACNUDH fornecer\u00e1 as aulas, a Academia ir\u00e1 coordenar o processo de sele\u00e7\u00e3o dos participantes.<\/p>\n<p>O diretor da Academia Judicial do Chile, Eduardo Aldunate, agradeceu a possibilidade de contar com a capacidade e experi\u00eancia internacional do ACNUDH. \u201cTemos a sorte de que o Escrit\u00f3rio Regional realize este tipo de atividades, pois para n\u00f3s \u00e9 fundamental a incorpora\u00e7\u00e3o em nossos programas formativos o conceito de harmoniza\u00e7\u00e3o da atividade judici\u00e1ria no pa\u00eds com os padr\u00f5es internacionais de direitos humanos\u201d, disse.<\/p>\n<p><strong>Uma colabora\u00e7\u00e3o crescente<\/strong><\/p>\n<p>A rela\u00e7\u00e3o de trabalho entre o ACNUDH e a Academia Judicial do Chile come\u00e7ou em 2012, atrav\u00e9s de varias reuni\u00f5es e propostas de projetos acad\u00eamicos. Estes foram materializados em setembro de 2012, quando o pessoal do Escrit\u00f3rio Regional ofereceu duas capacita\u00e7\u00f5es sobre a aplica\u00e7\u00e3o e interpreta\u00e7\u00e3o do direito internacional dos direitos humanos para futuros ju\u00edzes. Por isso o Representante Regional do ACNUDH, Amerigo Incalcaterra, ressaltou a import\u00e2ncia de assinar uma declara\u00e7\u00e3o de inten\u00e7\u00f5es com a Academia Judicial do Chile, que vem a robustecer a colabora\u00e7\u00e3o entre as institui\u00e7\u00f5es. \u201cTrabalhar com os poderes judici\u00e1rios \u00e9 uma prioridade para o nosso escrit\u00f3rio. \u00c9 por isso que atividades acad\u00eamicas desse tipo \u00e9 uma estrat\u00e9gia que estamos estudando em toda a regi\u00e3o. Para n\u00f3s \u00e9 muito importante trabalhar de maneira permanente com a Academia Judicial no Chile, principalmente neste desafio maior de entregar conhecimento sobre o direito internacional dos direitos humanos para ju\u00edzes em atividade\u201d, explicou Incalcaterra.<\/p>\n<p>O Escrit\u00f3rio Regional do ACNUDH, al\u00e9m disso, j\u00e1 forneceu capacita\u00e7\u00f5es sobre v\u00e1rios assuntos de direitos humanos para magistrados do <a href=\"http:\/\/acnudh.org\/2011\/11\/acnudh-y-corte-suprema-de-chile-capacitan-a-magistrados-sobre-jurisprudencia-internacional-e-interculturalidad\/\">Tribunal Supremo do Chile<\/a>, al\u00e9m de ju\u00edzes e fiscais da Academia da Magistratura do Peru (<a href=\"http:\/\/acnudh.org\/2012\/10\/acnudh-imparte-seminario-sobre-derechos-humanos-de-la-mujer-a-magistrados-en-lima\/\">AMAG<\/a>) e para operadores da justi\u00e7a do Uruguai, juntamente com o Poder Judici\u00e1rio e o Centro de Estudos Judiciais (CEJU) do pa\u00eds.<\/p>\n<p><strong> <\/strong><\/p>\n<p><strong> <\/strong><\/p>\n","protected":false},"excerpt":{"rendered":"<p>As institui\u00e7\u00f5es programaram um treinamento para magistrados em agosto.<\/p>\n","protected":false},"author":1,"featured_media":0,"comment_status":"open","ping_status":"open","sticky":false,"template":"","format":"standard","meta":{"_uag_custom_page_level_css":"","site-sidebar-layout":"default","site-content-layout":"","ast-site-content-layout":"","site-content-style":"default","site-sidebar-style":"default","ast-global-header-display":"","ast-banner-title-visibility":"","ast-main-header-display":"","ast-hfb-above-header-display":"","ast-hfb-below-header-display":"","ast-hfb-mobile-header-display":"","site-post-title":"","ast-breadcrumbs-content":"","ast-featured-img":"","footer-sml-layout":"","theme-transparent-header-meta":"","adv-header-id-meta":"","stick-header-meta":"","header-above-stick-meta":"","header-main-stick-meta":"","header-below-stick-meta":"","astra-migrate-meta-layouts":"default","ast-page-background-enabled":"default","ast-page-background-meta":{"desktop":{"background-color":"","background-image":"","background-repeat":"repeat","background-position":"center center","background-size":"auto","background-attachment":"scroll","background-type":"","background-media":"","overlay-type":"","overlay-color":"","overlay-opacity":"","overlay-gradient":""},"tablet":{"background-color":"","background-image":"","background-repeat":"repeat","background-position":"center center","background-size":"auto","background-attachment":"scroll","background-type":"","background-media":"","overlay-type":"","overlay-color":"","overlay-opacity":"","overlay-gradient":""},"mobile":{"background-color":"","background-image":"","background-repeat":"repeat","background-position":"center center","background-size":"auto","background-attachment":"scroll","background-type":"","background-media":"","overlay-type":"","overlay-color":"","overlay-opacity":"","overlay-gradient":""}},"ast-content-background-meta":{"desktop":{"background-color":"var(--ast-global-color-5)","background-image":"","background-repeat":"repeat","background-position":"center center","background-size":"auto","background-attachment":"scroll","background-type":"","background-media":"","overlay-type":"","overlay-color":"","overlay-opacity":"","overlay-gradient":""},"tablet":{"background-color":"var(--ast-global-color-5)","background-image":"","background-repeat":"repeat","background-position":"center center","background-size":"auto","background-attachment":"scroll","background-type":"","background-media":"","overlay-type":"","overlay-color":"","overlay-opacity":"","overlay-gradient":""},"mobile":{"background-color":"var(--ast-global-color-5)","background-image":"","background-repeat":"repeat","background-position":"center center","background-size":"auto","background-attachment":"scroll","background-type":"","background-media":"","overlay-type":"","overlay-color":"","overlay-opacity":"","overlay-gradient":""}},"footnotes":""},"categories":[52],"tags":[],"class_list":["post-17443","post","type-post","status-publish","format-standard","hentry","category-nao-categorizado"],"uagb_featured_image_src":{"full":false,"thumbnail":false,"medium":false,"medium_large":false,"large":false,"1536x1536":false,"2048x2048":false},"uagb_author_info":{"display_name":"acnudh","author_link":"https:\/\/acnudh.org\/pt-br\/author\/acnudh\/"},"uagb_comment_info":0,"uagb_excerpt":"As institui\u00e7\u00f5es programaram um treinamento para magistrados em agosto.","_links":{"self":[{"href":"https:\/\/acnudh.org\/pt-br\/wp-json\/wp\/v2\/posts\/17443","targetHints":{"allow":["GET"]}}],"collection":[{"href":"https:\/\/acnudh.org\/pt-br\/wp-json\/wp\/v2\/posts"}],"about":[{"href":"https:\/\/acnudh.org\/pt-br\/wp-json\/wp\/v2\/types\/post"}],"author":[{"embeddable":true,"href":"https:\/\/acnudh.org\/pt-br\/wp-json\/wp\/v2\/users\/1"}],"replies":[{"embeddable":true,"href":"https:\/\/acnudh.org\/pt-br\/wp-json\/wp\/v2\/comments?post=17443"}],"version-history":[{"count":8,"href":"https:\/\/acnudh.org\/pt-br\/wp-json\/wp\/v2\/posts\/17443\/revisions"}],"predecessor-version":[{"id":19232,"href":"https:\/\/acnudh.org\/pt-br\/wp-json\/wp\/v2\/posts\/17443\/revisions\/19232"}],"wp:attachment":[{"href":"https:\/\/acnudh.org\/pt-br\/wp-json\/wp\/v2\/media?parent=17443"}],"wp:term":[{"taxonomy":"category","embeddable":true,"href":"https:\/\/acnudh.org\/pt-br\/wp-json\/wp\/v2\/categories?post=17443"},{"taxonomy":"post_tag","embeddable":true,"href":"https:\/\/acnudh.org\/pt-br\/wp-json\/wp\/v2\/tags?post=17443"}],"curies":[{"name":"wp","href":"https:\/\/api.w.org\/{rel}","templated":true}]}}