{"id":17214,"date":"2013-02-07T13:27:35","date_gmt":"2013-02-07T13:27:35","guid":{"rendered":"http:\/\/acnudh.org\/?p=17214"},"modified":"2013-02-07T14:33:02","modified_gmt":"2013-02-07T14:33:02","slug":"protocolo-que-permite-queixas-individuais-sobre-direitos-economicos-entra-em-vigor-em-maio","status":"publish","type":"post","link":"https:\/\/acnudh.org\/pt-br\/protocolo-que-permite-queixas-individuais-sobre-direitos-economicos-entra-em-vigor-em-maio\/","title":{"rendered":"Protocolo que permite queixas individuais sobre direitos econ\u00f4micos entra em vigor em maio"},"content":{"rendered":"<h1><a href=\"http:\/\/acnudh.org\/wp-content\/uploads\/2013\/02\/np20131.jpg\"><img loading=\"lazy\" decoding=\"async\" class=\"aligncenter size-thumbnail wp-image-17215\" title=\"np2013\" src=\"http:\/\/acnudh.org\/wp-content\/uploads\/2013\/02\/np20131-e1360243399542-110x110.jpg\" alt=\"\" width=\"110\" height=\"110\" \/><\/a><span style=\"font-size: 13px; font-weight: normal;\">A Alta Comiss\u00e1ria da ONU para os Direitos Humanos, Navi Pillay, saudou nesta quarta-feira (6) a <\/span><a style=\"font-size: 13px; font-weight: normal;\" href=\"http:\/\/www.ohchr.org\/EN\/NewsEvents\/Pages\/DisplayNews.aspx?NewsID=12968&amp;LangID=E\" target=\"_blank\">entrada em vigor<\/a><span style=\"font-size: 13px; font-weight: normal;\"> do\u00a0Protocolo Facultativo ao Pacto Internacional sobre Direitos Econ\u00f4micos, Sociais e Culturais. Com a entrada em vigor deste documento, que ocorrer\u00e1 no dia 5 de maio,\u00a0pela primeira vez, queixas individuais sobre os direitos econ\u00f4micos, sociais e culturais poder\u00e3o ser feitas, ajudando assim a colocar em p\u00e9 de igualdade todos os direitos humanos.<\/span><\/h1>\n<div>\n<p>O documento permite \u00a0ao\u00a0<a href=\"http:\/\/www2.ohchr.org\/english\/bodies\/cescr\/\" target=\"_blank\">Comit\u00ea de Direitos Econ\u00f4micos, Sociais e Culturais<\/a>, \u00f3rg\u00e3o que monitora o pacto internacional ao qual o protocolo est\u00e1 anexado, a compet\u00eancia para examinar queixas de indiv\u00edduos ou grupos de indiv\u00edduos que alegam uma viola\u00e7\u00e3o dos direitos protegidos pelo pacto,\u00a0como o acesso inadequado a alimenta\u00e7\u00e3o, habita\u00e7\u00e3o ou trabalho.<\/p>\n<p>\u201cO Protocolo vai proporcionar uma importante plataforma para expor os abusos ligados \u00e0 pobreza, discrimina\u00e7\u00e3o e neglig\u00eancia, que at\u00e9 agora as v\u00edtimas tiveram de suportar, sem qualquer possibilidade de recurso em n\u00edvel internacional\u201d, disse Pillay.<\/p>\n<p>O documento foi adotado em 10 de dezembro de 2008 pela Assembleia Geral da ONU. O Uruguai possibilitou a entrada em vigor do documento ao ser o d\u00e9cimo pa\u00eds a ratific\u00e1-lo, nesta ter\u00e7a-feira (5), juntando-se a Argentina, Bol\u00edvia, B\u00f3snia-Herzeg\u00f3vina, El Salvador, Equador, Eslov\u00e1quia, Espanha, Mong\u00f3lia e Portugal.<\/p>\n<p>Para ler a vers\u00e3o em ingl\u00eas do Protocolo,\u00a0<a href=\"http:\/\/www2.ohchr.org\/english\/law\/docs\/a.RES.63.117_en.pdf\" target=\"_blank\">clique aqui<\/a>.<\/p>\n<div>\n<div>\n<p><strong>ONU Direitos Humanos, acompanhe as nossas m\u00eddias sociais:<\/strong><\/p>\n<p><strong>Facebook<\/strong>:\u00a0<a href=\"https:\/\/www.facebook.com\/unitednationshumanrights\">https:\/\/www.facebook.com\/onudh<\/a><\/p>\n<p><strong>Twitter<\/strong>:\u00a0<a href=\"http:\/\/twitter.com\/UNrightswire\">http:\/\/twitter.com\/ONUderechos<\/a><\/p>\n<p><strong>Youtube<\/strong>: http:\/\/www.youtube.com\/onuderechos<\/p>\n<p><strong>Tradu\u00e7\u00e3o:<\/strong> <a href=\"http:\/\/www.onu.org.br\/\">ONU Brasil <\/a><\/p>\n<\/div>\n<\/div>\n<\/div>\n","protected":false},"excerpt":{"rendered":"<p>A Alta Comiss\u00e1ria da ONU para os Direitos Humanos, Navi Pillay, saudou nesta quarta-feira (6) a entrada em vigor do\u00a0Protocolo Facultativo ao Pacto Internacional sobre Direitos Econ\u00f4micos, Sociais e Culturais. Com a entrada em vigor deste documento, que ocorrer\u00e1 no dia 5 de maio,\u00a0pela primeira vez, queixas individuais sobre os direitos econ\u00f4micos, sociais e culturais [&hellip;]<\/p>\n","protected":false},"author":1,"featured_media":0,"comment_status":"open","ping_status":"open","sticky":false,"template":"","format":"standard","meta":{"_uag_custom_page_level_css":"","site-sidebar-layout":"default","site-content-layout":"","ast-site-content-layout":"","site-content-style":"default","site-sidebar-style":"default","ast-global-header-display":"","ast-banner-title-visibility":"","ast-main-header-display":"","ast-hfb-above-header-display":"","ast-hfb-below-header-display":"","ast-hfb-mobile-header-display":"","site-post-title":"","ast-breadcrumbs-content":"","ast-featured-img":"","footer-sml-layout":"","theme-transparent-header-meta":"","adv-header-id-meta":"","stick-header-meta":"","header-above-stick-meta":"","header-main-stick-meta":"","header-below-stick-meta":"","astra-migrate-meta-layouts":"default","ast-page-background-enabled":"default","ast-page-background-meta":{"desktop":{"background-color":"","background-image":"","background-repeat":"repeat","background-position":"center center","background-size":"auto","background-attachment":"scroll","background-type":"","background-media":"","overlay-type":"","overlay-color":"","overlay-opacity":"","overlay-gradient":""},"tablet":{"background-color":"","background-image":"","background-repeat":"repeat","background-position":"center center","background-size":"auto","background-attachment":"scroll","background-type":"","background-media":"","overlay-type":"","overlay-color":"","overlay-opacity":"","overlay-gradient":""},"mobile":{"background-color":"","background-image":"","background-repeat":"repeat","background-position":"center center","background-size":"auto","background-attachment":"scroll","background-type":"","background-media":"","overlay-type":"","overlay-color":"","overlay-opacity":"","overlay-gradient":""}},"ast-content-background-meta":{"desktop":{"background-color":"var(--ast-global-color-5)","background-image":"","background-repeat":"repeat","background-position":"center center","background-size":"auto","background-attachment":"scroll","background-type":"","background-media":"","overlay-type":"","overlay-color":"","overlay-opacity":"","overlay-gradient":""},"tablet":{"background-color":"var(--ast-global-color-5)","background-image":"","background-repeat":"repeat","background-position":"center center","background-size":"auto","background-attachment":"scroll","background-type":"","background-media":"","overlay-type":"","overlay-color":"","overlay-opacity":"","overlay-gradient":""},"mobile":{"background-color":"var(--ast-global-color-5)","background-image":"","background-repeat":"repeat","background-position":"center center","background-size":"auto","background-attachment":"scroll","background-type":"","background-media":"","overlay-type":"","overlay-color":"","overlay-opacity":"","overlay-gradient":""}},"footnotes":""},"categories":[52],"tags":[],"class_list":["post-17214","post","type-post","status-publish","format-standard","hentry","category-nao-categorizado"],"uagb_featured_image_src":{"full":false,"thumbnail":false,"medium":false,"medium_large":false,"large":false,"1536x1536":false,"2048x2048":false},"uagb_author_info":{"display_name":"acnudh","author_link":"https:\/\/acnudh.org\/pt-br\/author\/acnudh\/"},"uagb_comment_info":0,"uagb_excerpt":"A Alta Comiss\u00e1ria da ONU para os Direitos Humanos, Navi Pillay, saudou nesta quarta-feira (6) a entrada em vigor do\u00a0Protocolo Facultativo ao Pacto Internacional sobre Direitos Econ\u00f4micos, Sociais e Culturais. Com a entrada em vigor deste documento, que ocorrer\u00e1 no dia 5 de maio,\u00a0pela primeira vez, queixas individuais sobre os direitos econ\u00f4micos, sociais e culturais&hellip;","_links":{"self":[{"href":"https:\/\/acnudh.org\/pt-br\/wp-json\/wp\/v2\/posts\/17214","targetHints":{"allow":["GET"]}}],"collection":[{"href":"https:\/\/acnudh.org\/pt-br\/wp-json\/wp\/v2\/posts"}],"about":[{"href":"https:\/\/acnudh.org\/pt-br\/wp-json\/wp\/v2\/types\/post"}],"author":[{"embeddable":true,"href":"https:\/\/acnudh.org\/pt-br\/wp-json\/wp\/v2\/users\/1"}],"replies":[{"embeddable":true,"href":"https:\/\/acnudh.org\/pt-br\/wp-json\/wp\/v2\/comments?post=17214"}],"version-history":[{"count":3,"href":"https:\/\/acnudh.org\/pt-br\/wp-json\/wp\/v2\/posts\/17214\/revisions"}],"predecessor-version":[{"id":17218,"href":"https:\/\/acnudh.org\/pt-br\/wp-json\/wp\/v2\/posts\/17214\/revisions\/17218"}],"wp:attachment":[{"href":"https:\/\/acnudh.org\/pt-br\/wp-json\/wp\/v2\/media?parent=17214"}],"wp:term":[{"taxonomy":"category","embeddable":true,"href":"https:\/\/acnudh.org\/pt-br\/wp-json\/wp\/v2\/categories?post=17214"},{"taxonomy":"post_tag","embeddable":true,"href":"https:\/\/acnudh.org\/pt-br\/wp-json\/wp\/v2\/tags?post=17214"}],"curies":[{"name":"wp","href":"https:\/\/api.w.org\/{rel}","templated":true}]}}