{"id":15001,"date":"2012-07-25T16:01:20","date_gmt":"2012-07-25T16:01:20","guid":{"rendered":"http:\/\/acnudh.org\/?p=15001"},"modified":"2012-07-27T16:09:52","modified_gmt":"2012-07-27T16:09:52","slug":"argentina-acnudh-apresenta-seminario-sobre-direitos-dos-povos-indigenas-em-tucuma","status":"publish","type":"post","link":"https:\/\/acnudh.org\/pt-br\/argentina-acnudh-apresenta-seminario-sobre-direitos-dos-povos-indigenas-em-tucuma\/","title":{"rendered":"Argentina: ACNUDH apresenta semin\u00e1rio sobre direitos dos povos ind\u00edgenas em Tucum\u00e3"},"content":{"rendered":"<p><a href=\"http:\/\/acnudh.org\/wp-content\/uploads\/2012\/07\/foto-23.jpg\"><img loading=\"lazy\" decoding=\"async\" class=\"aligncenter size-full wp-image-15003\" title=\"foto 2\" src=\"http:\/\/acnudh.org\/wp-content\/uploads\/2012\/07\/foto-23-e1343405195843.jpg\" alt=\"\" width=\"580\" height=\"200\" \/><\/a><\/p>\n<p>(25 de julho de 2012) \u2013 Nos dias 23 e 24 de julho, o Escrit\u00f3rio Regional para Am\u00e9rica do Sul do Alto Comissariado das Na\u00e7\u00f5es Unidas para os Direitos Humanos (ACNUDH) ofereceu um segundo semin\u00e1rio \u201cOs direitos dos povos ind\u00edgenas no \u00e2mbito universal e nacional\u201d, desta vez na prov\u00edncia de Tucum\u00e3, na Argentina.<\/p>\n<p>A atividade, organizada juntamente com a Defensoria do Povo da Na\u00e7\u00e3o e a Defensoria do Povo provincial, contou com a presen\u00e7a de mais de 90 l\u00edderes ind\u00edgenas das etnias huarpe, comechingon, charrua, mocovi, calchaqui, wichi, lule, toba, diaguita, omaguaca, rank\u00fcl y tonokot\u00ea, que vivem nas prov\u00edncias do norte e centro da Argentina.<\/p>\n<p>Com o objetivo de capacitar estes l\u00edderes sobre os direitos dos povos ind\u00edgenas, os participantes revisaram assuntos como as disposi\u00e7\u00f5es da Declara\u00e7\u00e3o das Na\u00e7\u00f5es Unidas sobre os Direitos dos Povos Ind\u00edgenas e o funcionamento de alguns \u00f3rg\u00e3os de prote\u00e7\u00e3o no sistema universal como o Relator Especial, o Mecanismo de Especialistas e o Foro Permanente, dedicados \u00e0 tem\u00e1tica ind\u00edgena. Al\u00e9m disso, foi oferecido um m\u00f3dulo sobre os direitos dos povos ind\u00edgenas no \u00e2mbito nacional.<\/p>\n<p>Da sess\u00e3o inaugural participaram o Defensor do Povo da Na\u00e7\u00e3o, Anselmo Sella, o Defensor do Povo da Prov\u00edncia de Tucum\u00e3, Hugo Cabral e a Assessora Regional do Escrit\u00f3rio do ACNUDH para Am\u00e9rica do Sul, Gallianne Palayret. A oficina contou, al\u00e9m disso, com a\u00a0 participa\u00e7\u00e3o de Jos\u00e9 Carlos Morales, membro do Mecanismo de Especialistas das Na\u00e7\u00f5es Unidas sobre os Direitos dos Povos Ind\u00edgenas.<\/p>\n","protected":false},"excerpt":{"rendered":"<p>Atividade foi organizada juntamente com as Defensorias do Povo da Na\u00e7\u00e3o e da prov\u00edncia.<\/p>\n","protected":false},"author":1,"featured_media":0,"comment_status":"open","ping_status":"open","sticky":false,"template":"","format":"standard","meta":{"_uag_custom_page_level_css":"","site-sidebar-layout":"default","site-content-layout":"","ast-site-content-layout":"","site-content-style":"default","site-sidebar-style":"default","ast-global-header-display":"","ast-banner-title-visibility":"","ast-main-header-display":"","ast-hfb-above-header-display":"","ast-hfb-below-header-display":"","ast-hfb-mobile-header-display":"","site-post-title":"","ast-breadcrumbs-content":"","ast-featured-img":"","footer-sml-layout":"","theme-transparent-header-meta":"","adv-header-id-meta":"","stick-header-meta":"","header-above-stick-meta":"","header-main-stick-meta":"","header-below-stick-meta":"","astra-migrate-meta-layouts":"default","ast-page-background-enabled":"default","ast-page-background-meta":{"desktop":{"background-color":"","background-image":"","background-repeat":"repeat","background-position":"center center","background-size":"auto","background-attachment":"scroll","background-type":"","background-media":"","overlay-type":"","overlay-color":"","overlay-opacity":"","overlay-gradient":""},"tablet":{"background-color":"","background-image":"","background-repeat":"repeat","background-position":"center center","background-size":"auto","background-attachment":"scroll","background-type":"","background-media":"","overlay-type":"","overlay-color":"","overlay-opacity":"","overlay-gradient":""},"mobile":{"background-color":"","background-image":"","background-repeat":"repeat","background-position":"center center","background-size":"auto","background-attachment":"scroll","background-type":"","background-media":"","overlay-type":"","overlay-color":"","overlay-opacity":"","overlay-gradient":""}},"ast-content-background-meta":{"desktop":{"background-color":"var(--ast-global-color-5)","background-image":"","background-repeat":"repeat","background-position":"center center","background-size":"auto","background-attachment":"scroll","background-type":"","background-media":"","overlay-type":"","overlay-color":"","overlay-opacity":"","overlay-gradient":""},"tablet":{"background-color":"var(--ast-global-color-5)","background-image":"","background-repeat":"repeat","background-position":"center center","background-size":"auto","background-attachment":"scroll","background-type":"","background-media":"","overlay-type":"","overlay-color":"","overlay-opacity":"","overlay-gradient":""},"mobile":{"background-color":"var(--ast-global-color-5)","background-image":"","background-repeat":"repeat","background-position":"center center","background-size":"auto","background-attachment":"scroll","background-type":"","background-media":"","overlay-type":"","overlay-color":"","overlay-opacity":"","overlay-gradient":""}},"footnotes":""},"categories":[52],"tags":[],"class_list":["post-15001","post","type-post","status-publish","format-standard","hentry","category-nao-categorizado"],"uagb_featured_image_src":{"full":false,"thumbnail":false,"medium":false,"medium_large":false,"large":false,"1536x1536":false,"2048x2048":false},"uagb_author_info":{"display_name":"acnudh","author_link":"https:\/\/acnudh.org\/pt-br\/author\/acnudh\/"},"uagb_comment_info":0,"uagb_excerpt":"Atividade foi organizada juntamente com as Defensorias do Povo da Na\u00e7\u00e3o e da prov\u00edncia.","_links":{"self":[{"href":"https:\/\/acnudh.org\/pt-br\/wp-json\/wp\/v2\/posts\/15001","targetHints":{"allow":["GET"]}}],"collection":[{"href":"https:\/\/acnudh.org\/pt-br\/wp-json\/wp\/v2\/posts"}],"about":[{"href":"https:\/\/acnudh.org\/pt-br\/wp-json\/wp\/v2\/types\/post"}],"author":[{"embeddable":true,"href":"https:\/\/acnudh.org\/pt-br\/wp-json\/wp\/v2\/users\/1"}],"replies":[{"embeddable":true,"href":"https:\/\/acnudh.org\/pt-br\/wp-json\/wp\/v2\/comments?post=15001"}],"version-history":[{"count":4,"href":"https:\/\/acnudh.org\/pt-br\/wp-json\/wp\/v2\/posts\/15001\/revisions"}],"predecessor-version":[{"id":15007,"href":"https:\/\/acnudh.org\/pt-br\/wp-json\/wp\/v2\/posts\/15001\/revisions\/15007"}],"wp:attachment":[{"href":"https:\/\/acnudh.org\/pt-br\/wp-json\/wp\/v2\/media?parent=15001"}],"wp:term":[{"taxonomy":"category","embeddable":true,"href":"https:\/\/acnudh.org\/pt-br\/wp-json\/wp\/v2\/categories?post=15001"},{"taxonomy":"post_tag","embeddable":true,"href":"https:\/\/acnudh.org\/pt-br\/wp-json\/wp\/v2\/tags?post=15001"}],"curies":[{"name":"wp","href":"https:\/\/api.w.org\/{rel}","templated":true}]}}