{"id":1416,"date":"2010-06-01T19:07:28","date_gmt":"2010-06-01T19:07:28","guid":{"rendered":"http:\/\/acnudh.org\/?p=1416"},"modified":"2011-01-18T02:07:30","modified_gmt":"2011-01-18T02:07:30","slug":"relator-especial-da-onu-considera-que-as-mortes-causadas-pela-policia-brasileira-continuam-em-taxas-alarmantes","status":"publish","type":"post","link":"https:\/\/acnudh.org\/pt-br\/relator-especial-da-onu-considera-que-as-mortes-causadas-pela-policia-brasileira-continuam-em-taxas-alarmantes\/","title":{"rendered":"Relator Especial da ONU considera que as mortes causadas pela pol\u00edcia brasileira continuam em taxas alarmantes"},"content":{"rendered":"<p><strong><a rel=\"attachment wp-att-1419\" href=\"http:\/\/acnudh.org\/pt-br\/2010\/06\/relator-especial-da-onu-considera-que-as-mortes-causadas-pela-policia-brasileira-continuam-em-taxas-alarmantes\/press-conference\/\"><\/a><a rel=\"attachment wp-att-1561\" href=\"http:\/\/acnudh.org\/en\/2010\/06\/un-special-rapporteur-finds-that-killings-by-brazilian-police-continue-at-alarming-rates-government-has-failed-to-take-all-necessary-action\/press-conference-2\/\"><img loading=\"lazy\" decoding=\"async\" class=\"alignnone size-thumbnail wp-image-1561\" title=\"Press Conference\" src=\"http:\/\/acnudh.org\/wp-content\/uploads\/2010\/12\/Philip-Alston-special-rapporteur-executions-110x110.jpg\" alt=\"\" width=\"110\" height=\"110\" \/><\/a>\u00a8O governo tem falhado em tomar todas as medidas necess\u00e1rias\u00a8<\/strong><\/p>\n<p>Nova Iorque &#8211; &#8220;O dia-a-dia de muitos brasileiros, especialmente aqueles que vivem em favelas, ainda \u00e9 vivido na sombra de assassinatos e viol\u00eancia de fac\u00e7\u00f5es criminosas, mil\u00edcias, esquadr\u00f5es da morte e da pol\u00edcia, apesar de importantes reformas do Governo&#8221;, disse o Relator Especial da ONU sobre execu\u00e7\u00f5es extrajudiciais hoje, quando divulgou um Relat\u00f3rio de Seguimento sobre o progresso que o Brasil tem feito para reduzir mortes pela pol\u00edcia desde a sua visita de 2007.<\/p>\n<p>&#8220;Quando visitei o pa\u00eds, dois anos e meio atr\u00e1s&#8221;, disse o professor Philip Alston, Relator Especial da ONU, &#8220;Eu constatei que a pol\u00edcia executou supostos criminosos e cidad\u00e3os inocentes durante opera\u00e7\u00f5es \u2018de guerra\u2019 mal planejadas e contra-produtivas dentro das favelas. Policiais, que operam fora de servi\u00e7o em esquadr\u00f5es da morte e mil\u00edcias, tamb\u00e9m mataram civis, como \u2018justiceiros\u2019 ou para obter lucro\u201d.<\/p>\n<p>&#8220;Atualmente, a situa\u00e7\u00e3o n\u00e3o mudou dramaticamente. A pol\u00edcia continua a cometer execu\u00e7\u00f5es extrajudiciais em taxas alarmantes&#8221;, constatou o especialista da ONU. &#8220;E eles geralmente n\u00e3o s\u00e3o responsabilizados por isso.&#8221; <\/p>\n<p>Atrav\u00e9s da revis\u00e3o das a\u00e7\u00f5es do governo federal e estadual nos dois \u00faltimos anos, o relat\u00f3rio do especialista destacou que o Brasil apresentou melhorias not\u00e1veis em algumas \u00e1reas. &#8220;Rio de Janeiro, S\u00e3o Paulo e Pernambuco investigaram mil\u00edcias e esquadr\u00f5es da morte e o fato de que alguns policiais foram presos \u00e9 muito positivo&#8221;, disse ele. &#8220;Al\u00e9m disso, novos esfor\u00e7os de policiamento comunit\u00e1rio em algumas poucas favelas do Rio de Janeiro s\u00e3o muito bem vindos, como \u00e9 tamb\u00e9m a promessa do governo federal de aumentar os sal\u00e1rios para melhorar a seguran\u00e7a antes da Copa do Mundo de 2014 e dos Jogos Ol\u00edmpicos de 2016. Mas estes esfor\u00e7os exigir\u00e3o um impulso muito maior se forem para trazer a seguran\u00e7a que se espera dentro dos pr\u00f3ximos quatro anos. &#8221;<\/p>\n<p>Em outras \u00e1reas-chave, no entanto, ele observou que muito pouco tem sido feito. &#8220;Autos de Resist\u00eancia continuam a uma taxa muito grande&#8221;, disse ele, referindo-se mortes causadas pela pol\u00edcia que s\u00e3o depois relatadas como tendo ocorrido em auto-defesa. &#8220;Houve pelo menos 11 mil mortes registradas como \u2018resist\u00eancia seguida de morte\u2019 em S\u00e3o Paulo e no Rio de Janeiro entre 2003 e 2009. As evid\u00eancias mostram claramente que muitas dessas mortes na realidade foram execu\u00e7\u00f5es. Mas a pol\u00edcia imediatamente as rotula de \u2018resist\u00eancia\u2019, e eles quase nunca s\u00e3o seriamente investigados. O Governo ainda n\u00e3o acabou com esta pr\u00e1tica abusiva\u201d. O especialista concluiu que, de fato, as \u201cresist\u00eancias seguidas de morte\u201d aumentaram em S\u00e3o Paulo desde 2007. Ele pediu ao Brasil para &#8220;abolir esta categoria que permite uma licen\u00e7a para atirar para a pol\u00edcia, e para investigar esses assassinatos como quaisquer outras mortes.&#8221;<\/p>\n<p>Ele acho bem vinda a nova abordagem experimental da UPP (Unidade de Pol\u00edcia Pacificadora) do Rio de Janeiro que substitui interven\u00e7\u00f5es violentas de curto prazo em favelas pela presen\u00e7a da pol\u00edcia a longo prazo e de presta\u00e7\u00e3o de servi\u00e7os sociais. &#8220;O conceito da UPP \u00e9 um passo adiante muito bem vindo, pois traz a perspectiva de seguran\u00e7a real e sustentada&#8221;, disse ele. &#8220;Mas h\u00e1 tamb\u00e9m cada vez mais relatos de abusos cometidos contra moradores da favela pela UPP, e os servi\u00e7os sociais prometidos nem sempre foram fornecidos.&#8221; O principal desafio \u00e9 expandir o programa, j\u00e1 que &#8220;centenas de favelas continuam ou intocadas ou ainda sujeitas  \u00e0 velha mentalidade de que invas\u00f5es ocasionais e violentas podem trazer seguran\u00e7a. &#8221;<\/p>\n<p>&#8220;O Governo do Brasil merece muito cr\u00e9dito por sua coopera\u00e7\u00e3o e abertura ao escrut\u00ednio externo&#8221;, disse o Relator Especial. &#8220;Mas ainda h\u00e1 muito a ser feito se o Governo quiser atingir o seu objetivo de reduzir as execu\u00e7\u00f5es extrajudiciais cometidas pela pol\u00edcia.&#8221;<\/p>\n<p>*   *   *<\/p>\n<p>O relat\u00f3rio do Relator Especial est\u00e1 contido em A\/HRC\/14\/24\/Add.4.  Para mais informa\u00e7\u00f5es, entre em contato com o Relator Especial, no seguinte endere\u00e7o: <a href=\"mailto:sarah.knuckey@nyu.edu\">sarah.knuckey@nyu.edu<\/a><\/p>\n<p><em>Professor Alston foi nomeado Relator Especial da ONU em 2004 e apresenta seus relat\u00f3rios para  o Conselho de Direitos Humanos e a Assembl\u00e9ia Geral das Na\u00e7\u00f5es Unidas. Ele tem uma vasta experi\u00eancia no campo dos direitos humanos, incluindo oito anos como presidente do Comit\u00ea das Na\u00e7\u00f5es Unidas sobre Direitos Econ\u00f4micos, Sociais e Culturais, principal consultor jur\u00eddico para a UNICEF na elabora\u00e7\u00e3o da Conven\u00e7\u00e3o sobre os Direitos da Crian\u00e7a e Assessor Especial para o o Alto Comiss\u00e1rio da ONU para os Direitos Humanos. Ele \u00e9 professor de Direito e Diretor do Centro de Direitos Humanos e Justi\u00e7a Global na Escola de Direito de Nova Iorque.<\/em><\/p>\n<p>Para obter informa\u00e7\u00f5es sobre o mandato do Relator Especial, consulte: <a href=\"http:\/\/www.extrajudicialexecutions.org\">www.extrajudicialexecutions.org<\/a> .<\/p>\n","protected":false},"excerpt":{"rendered":"<p>\u00a8O governo tem falhado em tomar todas as medidas necess\u00e1rias\u00a8 Nova Iorque &#8211; &#8220;O dia-a-dia de muitos brasileiros, especialmente aqueles que vivem em favelas, ainda \u00e9 vivido na sombra de assassinatos e viol\u00eancia de fac\u00e7\u00f5es criminosas, mil\u00edcias, esquadr\u00f5es da morte e da pol\u00edcia, apesar de importantes reformas do Governo&#8221;, disse o Relator Especial da ONU [&hellip;]<\/p>\n","protected":false},"author":1,"featured_media":0,"comment_status":"open","ping_status":"open","sticky":false,"template":"","format":"standard","meta":{"_uag_custom_page_level_css":"","site-sidebar-layout":"default","site-content-layout":"","ast-site-content-layout":"","site-content-style":"default","site-sidebar-style":"default","ast-global-header-display":"","ast-banner-title-visibility":"","ast-main-header-display":"","ast-hfb-above-header-display":"","ast-hfb-below-header-display":"","ast-hfb-mobile-header-display":"","site-post-title":"","ast-breadcrumbs-content":"","ast-featured-img":"","footer-sml-layout":"","theme-transparent-header-meta":"","adv-header-id-meta":"","stick-header-meta":"","header-above-stick-meta":"","header-main-stick-meta":"","header-below-stick-meta":"","astra-migrate-meta-layouts":"default","ast-page-background-enabled":"default","ast-page-background-meta":{"desktop":{"background-color":"","background-image":"","background-repeat":"repeat","background-position":"center center","background-size":"auto","background-attachment":"scroll","background-type":"","background-media":"","overlay-type":"","overlay-color":"","overlay-opacity":"","overlay-gradient":""},"tablet":{"background-color":"","background-image":"","background-repeat":"repeat","background-position":"center center","background-size":"auto","background-attachment":"scroll","background-type":"","background-media":"","overlay-type":"","overlay-color":"","overlay-opacity":"","overlay-gradient":""},"mobile":{"background-color":"","background-image":"","background-repeat":"repeat","background-position":"center center","background-size":"auto","background-attachment":"scroll","background-type":"","background-media":"","overlay-type":"","overlay-color":"","overlay-opacity":"","overlay-gradient":""}},"ast-content-background-meta":{"desktop":{"background-color":"var(--ast-global-color-5)","background-image":"","background-repeat":"repeat","background-position":"center center","background-size":"auto","background-attachment":"scroll","background-type":"","background-media":"","overlay-type":"","overlay-color":"","overlay-opacity":"","overlay-gradient":""},"tablet":{"background-color":"var(--ast-global-color-5)","background-image":"","background-repeat":"repeat","background-position":"center center","background-size":"auto","background-attachment":"scroll","background-type":"","background-media":"","overlay-type":"","overlay-color":"","overlay-opacity":"","overlay-gradient":""},"mobile":{"background-color":"var(--ast-global-color-5)","background-image":"","background-repeat":"repeat","background-position":"center center","background-size":"auto","background-attachment":"scroll","background-type":"","background-media":"","overlay-type":"","overlay-color":"","overlay-opacity":"","overlay-gradient":""}},"footnotes":""},"categories":[52],"tags":[],"class_list":["post-1416","post","type-post","status-publish","format-standard","hentry","category-nao-categorizado"],"uagb_featured_image_src":{"full":false,"thumbnail":false,"medium":false,"medium_large":false,"large":false,"1536x1536":false,"2048x2048":false},"uagb_author_info":{"display_name":"acnudh","author_link":"https:\/\/acnudh.org\/pt-br\/author\/acnudh\/"},"uagb_comment_info":0,"uagb_excerpt":"\u00a8O governo tem falhado em tomar todas as medidas necess\u00e1rias\u00a8 Nova Iorque &#8211; &#8220;O dia-a-dia de muitos brasileiros, especialmente aqueles que vivem em favelas, ainda \u00e9 vivido na sombra de assassinatos e viol\u00eancia de fac\u00e7\u00f5es criminosas, mil\u00edcias, esquadr\u00f5es da morte e da pol\u00edcia, apesar de importantes reformas do Governo&#8221;, disse o Relator Especial da ONU&hellip;","_links":{"self":[{"href":"https:\/\/acnudh.org\/pt-br\/wp-json\/wp\/v2\/posts\/1416","targetHints":{"allow":["GET"]}}],"collection":[{"href":"https:\/\/acnudh.org\/pt-br\/wp-json\/wp\/v2\/posts"}],"about":[{"href":"https:\/\/acnudh.org\/pt-br\/wp-json\/wp\/v2\/types\/post"}],"author":[{"embeddable":true,"href":"https:\/\/acnudh.org\/pt-br\/wp-json\/wp\/v2\/users\/1"}],"replies":[{"embeddable":true,"href":"https:\/\/acnudh.org\/pt-br\/wp-json\/wp\/v2\/comments?post=1416"}],"version-history":[{"count":9,"href":"https:\/\/acnudh.org\/pt-br\/wp-json\/wp\/v2\/posts\/1416\/revisions"}],"predecessor-version":[{"id":5011,"href":"https:\/\/acnudh.org\/pt-br\/wp-json\/wp\/v2\/posts\/1416\/revisions\/5011"}],"wp:attachment":[{"href":"https:\/\/acnudh.org\/pt-br\/wp-json\/wp\/v2\/media?parent=1416"}],"wp:term":[{"taxonomy":"category","embeddable":true,"href":"https:\/\/acnudh.org\/pt-br\/wp-json\/wp\/v2\/categories?post=1416"},{"taxonomy":"post_tag","embeddable":true,"href":"https:\/\/acnudh.org\/pt-br\/wp-json\/wp\/v2\/tags?post=1416"}],"curies":[{"name":"wp","href":"https:\/\/api.w.org\/{rel}","templated":true}]}}